{"id":34389,"date":"2019-06-10T18:51:27","date_gmt":"2019-06-10T23:51:27","guid":{"rendered":"http:\/\/contraluzcucuta.co\/?p=34389"},"modified":"2019-06-10T18:51:30","modified_gmt":"2019-06-10T23:51:30","slug":"%ef%bb%bfiniciativa-camara-de-comercio-de-cucuta-presenta-yo-compro-en-mi-tierra","status":"publish","type":"post","link":"https:\/\/contraluzcucuta.co\/?p=34389","title":{"rendered":"\ufeffINICIATIVA. C\u00e1mara de Comercio de C\u00facuta presenta \u2018Yo Compro en mi Tierra\u2019"},"content":{"rendered":"\n<p class=\"wp-block-paragraph\"><strong>C\u00daCUTA.-<\/strong> <strong>Reunir a los productores locales con los grandes compradores de productos y servicios en la regi\u00f3n, para que puedan satisfacer la demanda con la oferta existente, es el objetivo de \u2018Yo Compro en mi Tierra\u2019. La iniciativa es liderada por la C\u00e1mara de Comercio de C\u00facuta para apoyar a los empresarios a incrementar los niveles de competitividad, mediante acciones e iniciativas.<\/strong><\/p>\n\n\n\n<p class=\"wp-block-paragraph\">En La primera reuni\u00f3n de trabajo se\nvincularon como aliados estrat\u00e9gicos del proyecto la Secretar\u00eda de Desarrollo\nEcon\u00f3mico, el Sena y Procolombia. \u2018Yo Compro en mi Tierra\u2019 tendr\u00e1 lugar, el 22\nde agosto, en la biblioteca p\u00fablica Julio P\u00e9rez Ferrero. <\/p>\n\n\n\n<p class=\"wp-block-paragraph\">Compradores y vendedores se dar\u00e1n cita\nmediante una agenda previamente concertada y programada con el \u00e1nimo de:<\/p>\n\n\n\n<p class=\"wp-block-paragraph\">1.- Lograr la mayor cantidad de contactos<\/p>\n\n\n\n<p class=\"wp-block-paragraph\">2.- Impulsar posibles alianzas<\/p>\n\n\n\n<p class=\"wp-block-paragraph\">3.- Generar expectativas de nuevos negocios.<\/p>\n\n\n\n<p class=\"wp-block-paragraph\">H\u00e9ctor Santaella, presidente ejecutivo de la\nC\u00e1mara, invit\u00f3 a los productores para que se inscriban y tenga la posibilidad\nde sentarse cara a cara con los grandes compradores de Norte de Santander. \u201cLa\nidea es que el dinero se quede en la regi\u00f3n mediante la satisfacci\u00f3n de la\ndemanda actual con la oferta existente\u201d, explic\u00f3.<\/p>\n\n\n\n<p class=\"wp-block-paragraph\"><strong>Empr\u00e9ndelo\nSigue Su Camino<\/strong><\/p>\n\n\n\n<p class=\"wp-block-paragraph\">En cumplimiento de las actividades desarrolladas\nen el programa Empr\u00e9ndelo, que se adelanta en la regi\u00f3n con apoyo de\nConfec\u00e1maras, BID-Fomin y C\u00e1mara de Comercio de C\u00facuta, se llev\u00f3 a cabo el\nTaller de Posicionamiento de Resultados.<\/p>\n\n\n\n<p class=\"wp-block-paragraph\">Los objetivos de la jornada, en la que\nparticiparon emprendedores y mentores, fueron:<\/p>\n\n\n\n<p class=\"wp-block-paragraph\">1.- Identificar y documentar mejores\npr\u00e1cticas del programa Empr\u00e9ndelo en cada regi\u00f3n.<\/p>\n\n\n\n<p class=\"wp-block-paragraph\">2.- Identificar los factores claves de \u00e9xito\ndel programa en las regiones del pa\u00eds.<\/p>\n\n\n\n<p class=\"wp-block-paragraph\">3.- Identificar elementos para la\nconstrucci\u00f3n de los ejes discursivos y temas centrales del programa en las\nregiones<\/p>\n\n\n\n<p class=\"wp-block-paragraph\">\u201cEstoy agradecido con este programa, porque\nhace dos a\u00f1os que me vincul\u00e9 solo ten\u00eda una buena idea de negocio\u201d, coment\u00f3 David Arias, participante\nen el taller. Empr\u00e9ndelo lo ayud\u00f3 a fortalecer el proyecto y ahora tiene dos\nestablecimientos que generan empleo y le permiten ver materializado su sue\u00f1o. <\/p>\n\n\n\n<p class=\"wp-block-paragraph\">El taller fue dirigido por el especialista\nDiego Parra, quien con din\u00e1micas de grupo y actividades interactivas despert\u00f3\nel inter\u00e9s de los asistentes.<\/p>\n","protected":false},"excerpt":{"rendered":"<p>C\u00daCUTA.- Reunir a los productores locales con los grandes compradores de productos y servicios en la regi\u00f3n, para que puedan satisfacer la demanda con la oferta existente, es el objetivo de \u2018Yo Compro en mi Tierra\u2019. La iniciativa es liderada por la C\u00e1mara de Comercio de C\u00facuta para apoyar a los empresarios a incrementar los &hellip;<\/p>\n","protected":false},"author":1,"featured_media":34390,"comment_status":"open","ping_status":"open","sticky":false,"template":"","format":"standard","meta":{"footnotes":""},"categories":[4,36],"tags":[375,4589],"class_list":["post-34389","post","type-post","status-publish","format-standard","has-post-thumbnail","hentry","category-barra","category-la-voz-del-pueblo","tag-camara-de-comercio-de-cucuta","tag-yo-compro-en-mi-tierra"],"_links":{"self":[{"href":"https:\/\/contraluzcucuta.co\/index.php?rest_route=\/wp\/v2\/posts\/34389","targetHints":{"allow":["GET"]}}],"collection":[{"href":"https:\/\/contraluzcucuta.co\/index.php?rest_route=\/wp\/v2\/posts"}],"about":[{"href":"https:\/\/contraluzcucuta.co\/index.php?rest_route=\/wp\/v2\/types\/post"}],"author":[{"embeddable":true,"href":"https:\/\/contraluzcucuta.co\/index.php?rest_route=\/wp\/v2\/users\/1"}],"replies":[{"embeddable":true,"href":"https:\/\/contraluzcucuta.co\/index.php?rest_route=%2Fwp%2Fv2%2Fcomments&post=34389"}],"version-history":[{"count":1,"href":"https:\/\/contraluzcucuta.co\/index.php?rest_route=\/wp\/v2\/posts\/34389\/revisions"}],"predecessor-version":[{"id":34391,"href":"https:\/\/contraluzcucuta.co\/index.php?rest_route=\/wp\/v2\/posts\/34389\/revisions\/34391"}],"wp:featuredmedia":[{"embeddable":true,"href":"https:\/\/contraluzcucuta.co\/index.php?rest_route=\/wp\/v2\/media\/34390"}],"wp:attachment":[{"href":"https:\/\/contraluzcucuta.co\/index.php?rest_route=%2Fwp%2Fv2%2Fmedia&parent=34389"}],"wp:term":[{"taxonomy":"category","embeddable":true,"href":"https:\/\/contraluzcucuta.co\/index.php?rest_route=%2Fwp%2Fv2%2Fcategories&post=34389"},{"taxonomy":"post_tag","embeddable":true,"href":"https:\/\/contraluzcucuta.co\/index.php?rest_route=%2Fwp%2Fv2%2Ftags&post=34389"}],"curies":[{"name":"wp","href":"https:\/\/api.w.org\/{rel}","templated":true}]}}