{"id":34345,"date":"2019-05-31T22:19:45","date_gmt":"2019-06-01T03:19:45","guid":{"rendered":"http:\/\/contraluzcucuta.co\/?p=34345"},"modified":"2019-05-31T22:19:48","modified_gmt":"2019-06-01T03:19:48","slug":"fabricas-de-productividad-norte-de-santander-tendra-25-cupos","status":"publish","type":"post","link":"https:\/\/contraluzcucuta.co\/?p=34345","title":{"rendered":"F\u00c1BRICAS DE PRODUCTIVIDAD. Norte de Santander tendr\u00e1 25 cupos"},"content":{"rendered":"\n<p class=\"wp-block-paragraph\"><strong>C\u00daCUTA.-<\/strong> <strong>Norte de Santander tendr\u00e1 25 cupos en el programa F\u00e1bricas de Productividad, apuesta del Gobierno liderada por el Ministerio de Comercio, Industria y Turismo, para mejorar la productividad, la competitividad o la rentabilidad de las empresas, para que produzcan m\u00e1s y mejor. La gesti\u00f3n para alcanzar esta participaci\u00f3n la hizo la C\u00e1mara de Comercio de C\u00facuta.<\/strong><\/p>\n\n\n\n<p class=\"wp-block-paragraph\">\u201cInvitamos a los peque\u00f1os, medianos y grandes\nempresarios de Norte de Santander para que hagan parte del programa F\u00e1bricas de\nProductividad\u201d, dijo H\u00e9ctor Santaella, presidente ejecutivo de la entidad. La\napuesta nacional apunta a mejorar las condiciones de las empresas de la regi\u00f3n\nen normas de calidad, optimizaci\u00f3n del consumo de energ\u00eda y procesos de\nproducci\u00f3n. <\/p>\n\n\n\n<p class=\"wp-block-paragraph\">El programa busca mejorar las capacidades\nespecializadas de las regiones y de las empresas, mediante intervenciones de\nasistencia t\u00e9cnica y acompa\u00f1amiento para mejorar la gesti\u00f3n del talento humano,\noptimizar el consumo de energ\u00eda y promover la innovaci\u00f3n, entre otros asuntos.\n\u201cEs el momento\nde volver las empresas m\u00e1s competitivas en el departamento\u201d, asegur\u00f3 Santaella.<\/p>\n\n\n\n<p class=\"wp-block-paragraph\"><strong>\u00bfCu\u00e1les\nson los requisitos de las empresas para participar?<\/strong><\/p>\n\n\n\n<p class=\"wp-block-paragraph\">1.- Ser peque\u00f1as, medianas o grandes (no se\natender\u00e1n microempresas).<\/p>\n\n\n\n<p class=\"wp-block-paragraph\">2.- Ser de manufacturas, agroindustria (no\ncuenta agricultura) y servicios.<\/p>\n\n\n\n<p class=\"wp-block-paragraph\">3.- Tener al menos dos a\u00f1os de constituida.<\/p>\n\n\n\n<p class=\"wp-block-paragraph\">4.- Tener registro mercantil actualizado.<\/p>\n\n\n\n<p class=\"wp-block-paragraph\">5.- No ser parte del anterior proyecto Colombia\nProductiva<\/p>\n\n\n\n<p class=\"wp-block-paragraph\">6.- Comprometerse a entregar la informaci\u00f3n\nsolicitada por Colombia Productiva, incluso durante los cinco a\u00f1os siguientes a\nla finalizaci\u00f3n de la intervenci\u00f3n.<\/p>\n\n\n\n<p class=\"wp-block-paragraph\">7.- Aceptar las pol\u00edticas de tratamiento de\ndatos personales y de administraci\u00f3n de secretos empresariales de Colombia\nProductiva y la C\u00e1mara de Comercio.<\/p>\n\n\n\n<p class=\"wp-block-paragraph\"><strong>\u00bfCu\u00e1nto\ndeben invertir las empresas?<\/strong><\/p>\n\n\n\n<p class=\"wp-block-paragraph\">Las empresas peque\u00f1as deben aportar el 15 %\ndel costo de la intervenci\u00f3n; las medianas y las grandes, el 20 % del costo. El\nporcentaje restante se divide entre Colombia Productiva (65 %) y la C\u00e1mara de Comercio.<\/p>\n","protected":false},"excerpt":{"rendered":"<p>C\u00daCUTA.- Norte de Santander tendr\u00e1 25 cupos en el programa F\u00e1bricas de Productividad, apuesta del Gobierno liderada por el Ministerio de Comercio, Industria y Turismo, para mejorar la productividad, la competitividad o la rentabilidad de las empresas, para que produzcan m\u00e1s y mejor. La gesti\u00f3n para alcanzar esta participaci\u00f3n la hizo la C\u00e1mara de Comercio &hellip;<\/p>\n","protected":false},"author":1,"featured_media":34346,"comment_status":"open","ping_status":"open","sticky":false,"template":"","format":"standard","meta":{"footnotes":""},"categories":[45,4],"tags":[375,4578,4577],"class_list":["post-34345","post","type-post","status-publish","format-standard","has-post-thumbnail","hentry","category-destacado","category-barra","tag-camara-de-comercio-de-cucuta","tag-colombia-productiva","tag-fabricas-de-productividad"],"_links":{"self":[{"href":"https:\/\/contraluzcucuta.co\/index.php?rest_route=\/wp\/v2\/posts\/34345","targetHints":{"allow":["GET"]}}],"collection":[{"href":"https:\/\/contraluzcucuta.co\/index.php?rest_route=\/wp\/v2\/posts"}],"about":[{"href":"https:\/\/contraluzcucuta.co\/index.php?rest_route=\/wp\/v2\/types\/post"}],"author":[{"embeddable":true,"href":"https:\/\/contraluzcucuta.co\/index.php?rest_route=\/wp\/v2\/users\/1"}],"replies":[{"embeddable":true,"href":"https:\/\/contraluzcucuta.co\/index.php?rest_route=%2Fwp%2Fv2%2Fcomments&post=34345"}],"version-history":[{"count":1,"href":"https:\/\/contraluzcucuta.co\/index.php?rest_route=\/wp\/v2\/posts\/34345\/revisions"}],"predecessor-version":[{"id":34347,"href":"https:\/\/contraluzcucuta.co\/index.php?rest_route=\/wp\/v2\/posts\/34345\/revisions\/34347"}],"wp:featuredmedia":[{"embeddable":true,"href":"https:\/\/contraluzcucuta.co\/index.php?rest_route=\/wp\/v2\/media\/34346"}],"wp:attachment":[{"href":"https:\/\/contraluzcucuta.co\/index.php?rest_route=%2Fwp%2Fv2%2Fmedia&parent=34345"}],"wp:term":[{"taxonomy":"category","embeddable":true,"href":"https:\/\/contraluzcucuta.co\/index.php?rest_route=%2Fwp%2Fv2%2Fcategories&post=34345"},{"taxonomy":"post_tag","embeddable":true,"href":"https:\/\/contraluzcucuta.co\/index.php?rest_route=%2Fwp%2Fv2%2Ftags&post=34345"}],"curies":[{"name":"wp","href":"https:\/\/api.w.org\/{rel}","templated":true}]}}