{"id":34342,"date":"2019-05-31T22:04:44","date_gmt":"2019-06-01T03:04:44","guid":{"rendered":"http:\/\/contraluzcucuta.co\/?p=34342"},"modified":"2019-05-31T22:04:47","modified_gmt":"2019-06-01T03:04:47","slug":"media-maraton-de-cucuta-definida-restriccion-para-circulacion-de-vehiculos","status":"publish","type":"post","link":"https:\/\/contraluzcucuta.co\/?p=34342","title":{"rendered":"MEDIA MARAT\u00d3N DE C\u00daCUTA. Definida restricci\u00f3n para circulaci\u00f3n de veh\u00edculos"},"content":{"rendered":"\n<p class=\"wp-block-paragraph\"><strong>C\u00daCUTA.-<\/strong> <strong>La Alcald\u00eda de C\u00facuta, mediante el Decreto 0529, adopt\u00f3 una serie de medidas para la circulaci\u00f3n de veh\u00edculos particulares y de transporte p\u00fablico para permitir la media Marat\u00f3n de C\u00facuta. Este 2 de junio estar\u00e1 prohibida la circulaci\u00f3n de autom\u00f3viles, motocicletas, colectivo y taxis, entre las 4:00 de la ma\u00f1ana y las 12:00 del d\u00eda.<\/strong><\/p>\n\n\n\n<p class=\"wp-block-paragraph\">La restricci\u00f3n cubre las siguientes v\u00edas:<\/p>\n\n\n\n<p class=\"wp-block-paragraph\">&#8211; Avenida Cero. Desde la Avenida Los\nLibertadores hasta la calle Los Faroles.<\/p>\n\n\n\n<p class=\"wp-block-paragraph\">&#8211; Diagonal Santander. Desde la glorieta de la\nTerminal hasta la Avenida Cero (sentido hacia la Avenida Cero).<\/p>\n\n\n\n<p class=\"wp-block-paragraph\">&#8211; Diagonal Santander en las dos calzadas. Desde\nla calle 8 hasta la glorieta de San Mateo.<\/p>\n\n\n\n<p class=\"wp-block-paragraph\">&#8211; Avenida Camilo Daza (calzada derecha\nsentido occidente \u2013 oriente). Desde la glorieta de la Terminal hasta la\nglorieta del Aeropuerto.<\/p>\n\n\n\n<p class=\"wp-block-paragraph\">&#8211; Avenida Los Libertadores. Desde la glorieta\ndel Aeropuerto hasta el sem\u00e1foro de Parques Residenciales, sentido hacia el\nPuente de Guadua.<\/p>\n\n\n\n<p class=\"wp-block-paragraph\">&#8211; Avenida Los Libertadores. Desde la glorieta\nArnulfo Brice\u00f1o hasta el retorno de Oro Puro, sentido hacia el Puente de\nGuadua.<\/p>\n\n\n\n<p class=\"wp-block-paragraph\">&#8211; Calle del antiguo Casd. Desde la Avenida\nLos Libertadores hasta la Avenida del R\u00edo.<\/p>\n\n\n\n<p class=\"wp-block-paragraph\">&#8211; Avenida del R\u00edo (carril hac\u00eda la Cl\u00ednica\nMedical Duarte). Desde la calle del puente Enrique Cuadro Corredor hasta la Avenida\nLos Libertadores.<\/p>\n\n\n\n<p class=\"wp-block-paragraph\">&#8211; Glorieta San Mateo.<\/p>\n\n\n\n<p class=\"wp-block-paragraph\">&#8211; Avenida Gran Colombia. Desde el Palacio de\nJusticia hasta la glorieta Arnulfo Brice\u00f1o, sentido hacia la Avenida Los\nLibertadores.<\/p>\n\n\n\n<p class=\"wp-block-paragraph\">&#8211; Avenida Gran Colombia. Desde la glorieta\nArnulfo Brice\u00f1o hasta la Avenida Guaimaral, sentido hacia el centro.<\/p>\n\n\n\n<p class=\"wp-block-paragraph\">&#8211; Avenida Guaimaral. Desde la Avenida Gran\nColombia hasta la calle 4n (HUEM), sentido hacia el Hospital Erasmo Meoz.<\/p>\n\n\n\n<p class=\"wp-block-paragraph\">&#8211; Calle 2N (sem\u00e1foro de Parques\nResidenciales). Desde la Avenida Los Libertadores hasta la Iglesia Esp\u00edritu\nSanto, en sentido hacia la Parroquia.<\/p>\n\n\n\n<p class=\"wp-block-paragraph\">&#8211; Avenida 9E. Desde la Iglesia Esp\u00edritu Santo\nhasta la calle de Los Faroles.<\/p>\n\n\n\n<p class=\"wp-block-paragraph\">&#8211; Calle Los Faroles. Desde la avenida 9E\nhasta la Avenida Cero, sentido hacia el centro.<\/p>\n\n\n\n<p class=\"wp-block-paragraph\">&#8211; Calle 6N (Colpatria). Desde la Avenida\nGuaimaral hasta la v\u00eda principal de Ceiba 2, en sentido hacia el barrio Ceiba\n2.<\/p>\n\n\n\n<p class=\"wp-block-paragraph\">&#8211; Avenida 3E (v\u00eda principal del barrio Ceiba\n2). Desde la calle 6N hasta la calle Los Pinos, en sentido hacia el barrio\nCeiba.<\/p>\n\n\n\n<p class=\"wp-block-paragraph\">&#8211; Calle Los Pinos. Desde la v\u00eda principal de\nCeiba 2 hasta la avenida 1, sentido hacia la Avenida Cero.<\/p>\n\n\n\n<p class=\"wp-block-paragraph\">&#8211; Avenida 1. Desde la calle Los Pinos hasta\nla calle 5.<\/p>\n\n\n\n<p class=\"wp-block-paragraph\">Las rutas del transporte p\u00fablico colectivo\n(buses) hacia los barrios de las comunas 2, 3 y 4 se modificar\u00e1n durante las\nhoras programadas en la actividad f\u00edsica.<\/p>\n\n\n\n<p class=\"wp-block-paragraph\">RUTAS HAC\u00cdA LOS BARRIOS DE LA COMUNAS 3 Y 4<\/p>\n\n\n\n<p class=\"wp-block-paragraph\">1.- Ingreso por la Diagonal Santander<\/p>\n\n\n\n<p class=\"wp-block-paragraph\">Calle 7, avenida 2, calle 15, Avenida Cero,\nV\u00eda Pinar del R\u00edo, Glorieta San Mateo y contin\u00faa el normal recorrido.<\/p>\n\n\n\n<p class=\"wp-block-paragraph\">2.- Salida por la Diagonal Santander<\/p>\n\n\n\n<p class=\"wp-block-paragraph\">Glorieta San Mateo, Avenida Pinar del R\u00edo, puente\nSan Rafael, Avenida 1, calle 8, avenida 3, calle 6 y contin\u00faa el normal\nrecorrido.<\/p>\n\n\n\n<p class=\"wp-block-paragraph\">RUTAS HAC\u00cdA LOS BARRIOS DE LA COMUNA 2<\/p>\n\n\n\n<p class=\"wp-block-paragraph\">1.- Ingreso por la calle 9<\/p>\n\n\n\n<p class=\"wp-block-paragraph\">Avenida 2, calle 11, Body Tech, calle 9, avenida\n9E, calle 8N, Avenida Guaimaral y contin\u00faa el normal recorrido.<\/p>\n\n\n\n<p class=\"wp-block-paragraph\">2.- Salida de Cenabastos.<\/p>\n\n\n\n<p class=\"wp-block-paragraph\">Avenida Los Libertadores, avenida 2, calle 20N,\nretorno en la glorieta, calle 20N, Avenida Guaimaral, calle 5N, avenida 9E,\ncalle 2N, avenida 7E, Avenida Gran Colombia, calle 8, Diagonal Santander, Avenida\nCero, calle 8 y contin\u00faa el normal recorrido.<\/p>\n\n\n\n<p class=\"wp-block-paragraph\">El incumplimiento a lo establecimiento en el Decreto\nser\u00e1 sancionado por transitar por sitios restringidos o en horas prohibidas por\nla autoridad competente. Tiene un valor de $ 414.058 y se inmovilizar\u00e1 el\nveh\u00edculo.<\/p>\n","protected":false},"excerpt":{"rendered":"<p>C\u00daCUTA.- La Alcald\u00eda de C\u00facuta, mediante el Decreto 0529, adopt\u00f3 una serie de medidas para la circulaci\u00f3n de veh\u00edculos particulares y de transporte p\u00fablico para permitir la media Marat\u00f3n de C\u00facuta. Este 2 de junio estar\u00e1 prohibida la circulaci\u00f3n de autom\u00f3viles, motocicletas, colectivo y taxis, entre las 4:00 de la ma\u00f1ana y las 12:00 del &hellip;<\/p>\n","protected":false},"author":1,"featured_media":34343,"comment_status":"open","ping_status":"open","sticky":false,"template":"","format":"standard","meta":{"footnotes":""},"categories":[4,28],"tags":[226,4186],"class_list":["post-34342","post","type-post","status-publish","format-standard","has-post-thumbnail","hentry","category-barra","category-vistazo-deportivo","tag-alcaldia-de-cucuta","tag-media-maraton"],"_links":{"self":[{"href":"https:\/\/contraluzcucuta.co\/index.php?rest_route=\/wp\/v2\/posts\/34342","targetHints":{"allow":["GET"]}}],"collection":[{"href":"https:\/\/contraluzcucuta.co\/index.php?rest_route=\/wp\/v2\/posts"}],"about":[{"href":"https:\/\/contraluzcucuta.co\/index.php?rest_route=\/wp\/v2\/types\/post"}],"author":[{"embeddable":true,"href":"https:\/\/contraluzcucuta.co\/index.php?rest_route=\/wp\/v2\/users\/1"}],"replies":[{"embeddable":true,"href":"https:\/\/contraluzcucuta.co\/index.php?rest_route=%2Fwp%2Fv2%2Fcomments&post=34342"}],"version-history":[{"count":1,"href":"https:\/\/contraluzcucuta.co\/index.php?rest_route=\/wp\/v2\/posts\/34342\/revisions"}],"predecessor-version":[{"id":34344,"href":"https:\/\/contraluzcucuta.co\/index.php?rest_route=\/wp\/v2\/posts\/34342\/revisions\/34344"}],"wp:featuredmedia":[{"embeddable":true,"href":"https:\/\/contraluzcucuta.co\/index.php?rest_route=\/wp\/v2\/media\/34343"}],"wp:attachment":[{"href":"https:\/\/contraluzcucuta.co\/index.php?rest_route=%2Fwp%2Fv2%2Fmedia&parent=34342"}],"wp:term":[{"taxonomy":"category","embeddable":true,"href":"https:\/\/contraluzcucuta.co\/index.php?rest_route=%2Fwp%2Fv2%2Fcategories&post=34342"},{"taxonomy":"post_tag","embeddable":true,"href":"https:\/\/contraluzcucuta.co\/index.php?rest_route=%2Fwp%2Fv2%2Ftags&post=34342"}],"curies":[{"name":"wp","href":"https:\/\/api.w.org\/{rel}","templated":true}]}}