{"id":34339,"date":"2019-05-31T21:35:37","date_gmt":"2019-06-01T02:35:37","guid":{"rendered":"http:\/\/contraluzcucuta.co\/?p=34339"},"modified":"2019-05-31T21:35:39","modified_gmt":"2019-06-01T02:35:39","slug":"%ef%bb%bfcrisis-en-la-frontera-delegacion-espanola-y-senadores-colombianos-conocieron-la-realidad","status":"publish","type":"post","link":"https:\/\/contraluzcucuta.co\/?p=34339","title":{"rendered":"\ufeffCRISIS EN LA FRONTERA. Delegaci\u00f3n espa\u00f1ola y senadores colombianos conocieron la realidad"},"content":{"rendered":"\n<p class=\"wp-block-paragraph\"><strong>C\u00daCUTA.-<\/strong> <strong>La situaci\u00f3n de la frontera, ocasionada por la migraci\u00f3n de venezolanos en busca de un mejor vivir, ha movilizado hasta esta zona a organizaciones y personalidades que llegan con voces de aliento. Esta semana una delegaci\u00f3n espa\u00f1ola y la Comisi\u00f3n Segunda del Senado vinieron a empaparse de lo que pasa en Villa del Rosario y C\u00facuta.<\/strong><\/p>\n\n\n\n<p class=\"wp-block-paragraph\">Carmen Castiella, directora en Am\u00e9rica Latina\ny el Caribe de la Agencia Espa\u00f1ola de Cooperaci\u00f3n Internacional para el\nDesarrollo (Aecid), sostuvo un encuentro con la secretar\u00eda de Fronteras Departamental\npara informarse sobre los avances y los retos en la regi\u00f3n.<\/p>\n\n\n\n<p class=\"wp-block-paragraph\">\u201cEsta Agencia ha destinado recursos para\nsubsanar las necesidades de la poblaci\u00f3n migrante y retornada\u201d, dijo Juan\nCarlos Cort\u00e9s, secretario de Fronteras y Cooperaci\u00f3n Internacional de Norte de\nSantander. La oficina regional present\u00f3 el balance sobre c\u00f3mo ha avanzado la migraci\u00f3n\ny reiter\u00f3 la solicitud de estructurar proyectos que generen empleo para venezolanos\ny colombianos retornados.<\/p>\n\n\n\n<p class=\"wp-block-paragraph\">Desde el bloqueo del paso vehicular en los puentes fronterizos, m\u00e1s de 1.3 millones de hombres y mujeres, de diversas edades, han ingresado al pa\u00eds. Las cifras evidencian que debe transformarse la capacidad de respuesta a este desaf\u00edo para los territorios fronterizos.<\/p>\n\n\n\n<p class=\"wp-block-paragraph\">Cort\u00e9s estim\u00f3 que los espa\u00f1oles se llevaron\nuna buena impresi\u00f3n del trabajo que efectuado con la Canciller\u00eda y con las\norganizaciones internacionales. \u201cLes explicamos que la ayuda humanitaria no es\nla soluci\u00f3n definitiva para fortalecer el plan de vida de estas personas\u201d.<\/p>\n\n\n\n<p class=\"wp-block-paragraph\"><strong>Comisi\u00f3n\nSegunda del Senado<\/strong>\n<\/p>\n\n\n\n<p class=\"wp-block-paragraph\">Los integrantes de la Comisi\u00f3n Segunda del\nSenado de la Rep\u00fablica tambi\u00e9n se interesaron por conocer qu\u00e9 ocurre en la\nfrontera colombo-venezolana y se desplazaron a la capital nortesantandereana\npara sostener la audiencia p\u00fablica en \u2018Pol\u00edtica de Fronteras y Pol\u00edtica\nIntegral Migratoria desde los Territorios\u2019. <\/p>\n\n\n\n<p class=\"wp-block-paragraph\">Los senadores escucharon a los delegados de\nlas administraciones municipales y regionales acerca de los desaf\u00edos del\nfen\u00f3meno migratorio en el departamento. \u201cQueremos conocer de primera mano la\nrealidad local, lo que est\u00e1n viviendo no solo los alcaldes y la Gobernaci\u00f3n,\nsino los ciudadanos\u201d, dijo\nAna Paola Agudelo, presidente de la Comisi\u00f3n.<\/p>\n\n\n\n<p class=\"wp-block-paragraph\">Las conclusiones de la jornada servir\u00e1n para\narticular acciones con el Gobierno y nutrir las iniciativas legislativas. Desde\nla Gobernaci\u00f3n se reiter\u00f3 que debe existir un plan para impulsar la generaci\u00f3n\nde empleo y aumentar la productividad de los involucrados.<\/p>\n\n\n\n<p class=\"wp-block-paragraph\">&nbsp;A la\nsesi\u00f3n asistieron representantes de ministerios, organizaciones internacionales\ny entidades del Estado. \u201cLos dirigentes de la regi\u00f3n insistimos en que ante la\ncontinua llegada de retornados y migrantes debemos avanzar de la ayuda\nhumanitaria a proyectos que logren proveer una estabilidad de medios de vida a\nesta poblaci\u00f3n\u201d, dijo Juan Carlos Cort\u00e9s Arias, secretario de Fronteras y\nCooperaci\u00f3n Internacional.<\/p>\n\n\n\n<p class=\"wp-block-paragraph\">La Comisi\u00f3n visitar\u00e1 los departamentos\nfronterizos y en seis meses se establecer\u00e1n acciones concretas que beneficien a\nlos habitantes de las zonas lim\u00edtrofes con Venezuela.<\/p>\n","protected":false},"excerpt":{"rendered":"<p>C\u00daCUTA.- La situaci\u00f3n de la frontera, ocasionada por la migraci\u00f3n de venezolanos en busca de un mejor vivir, ha movilizado hasta esta zona a organizaciones y personalidades que llegan con voces de aliento. Esta semana una delegaci\u00f3n espa\u00f1ola y la Comisi\u00f3n Segunda del Senado vinieron a empaparse de lo que pasa en Villa del Rosario &hellip;<\/p>\n","protected":false},"author":1,"featured_media":34340,"comment_status":"open","ping_status":"open","sticky":false,"template":"","format":"standard","meta":{"footnotes":""},"categories":[45,4],"tags":[4576,4098,2483,452],"class_list":["post-34339","post","type-post","status-publish","format-standard","has-post-thumbnail","hentry","category-destacado","category-barra","tag-carmen-castiella","tag-cooperacion-internacional","tag-crisis-en-la-frontera","tag-secretaria-de-fronteras"],"_links":{"self":[{"href":"https:\/\/contraluzcucuta.co\/index.php?rest_route=\/wp\/v2\/posts\/34339","targetHints":{"allow":["GET"]}}],"collection":[{"href":"https:\/\/contraluzcucuta.co\/index.php?rest_route=\/wp\/v2\/posts"}],"about":[{"href":"https:\/\/contraluzcucuta.co\/index.php?rest_route=\/wp\/v2\/types\/post"}],"author":[{"embeddable":true,"href":"https:\/\/contraluzcucuta.co\/index.php?rest_route=\/wp\/v2\/users\/1"}],"replies":[{"embeddable":true,"href":"https:\/\/contraluzcucuta.co\/index.php?rest_route=%2Fwp%2Fv2%2Fcomments&post=34339"}],"version-history":[{"count":1,"href":"https:\/\/contraluzcucuta.co\/index.php?rest_route=\/wp\/v2\/posts\/34339\/revisions"}],"predecessor-version":[{"id":34341,"href":"https:\/\/contraluzcucuta.co\/index.php?rest_route=\/wp\/v2\/posts\/34339\/revisions\/34341"}],"wp:featuredmedia":[{"embeddable":true,"href":"https:\/\/contraluzcucuta.co\/index.php?rest_route=\/wp\/v2\/media\/34340"}],"wp:attachment":[{"href":"https:\/\/contraluzcucuta.co\/index.php?rest_route=%2Fwp%2Fv2%2Fmedia&parent=34339"}],"wp:term":[{"taxonomy":"category","embeddable":true,"href":"https:\/\/contraluzcucuta.co\/index.php?rest_route=%2Fwp%2Fv2%2Fcategories&post=34339"},{"taxonomy":"post_tag","embeddable":true,"href":"https:\/\/contraluzcucuta.co\/index.php?rest_route=%2Fwp%2Fv2%2Ftags&post=34339"}],"curies":[{"name":"wp","href":"https:\/\/api.w.org\/{rel}","templated":true}]}}