{"id":34333,"date":"2019-05-31T19:57:01","date_gmt":"2019-06-01T00:57:01","guid":{"rendered":"http:\/\/contraluzcucuta.co\/?p=34333"},"modified":"2019-05-31T19:57:05","modified_gmt":"2019-06-01T00:57:05","slug":"gramalote-contraloria-facilita-reinicio-de-construccion-del-hospital","status":"publish","type":"post","link":"https:\/\/contraluzcucuta.co\/?p=34333","title":{"rendered":"GRAMALOTE. Contralor\u00eda facilita reinicio de construcci\u00f3n del Hospital"},"content":{"rendered":"\n<p class=\"wp-block-paragraph\"><strong>C\u00daCUTA.-<\/strong> <strong>Las obras en el Hospital San Vicente de Paul, que posibilitar\u00e1 la atenci\u00f3n m\u00e9dica de urgencias y especializada a 4000 pobladores, y en el puente El Salado, que permite comunicar con Lourdes, \u00a0se reiniciar\u00e1n en los pr\u00f3ximos d\u00edas en Nuevo Gramalote. As\u00ed lo dispuso la \u00a0Contralor\u00eda General de la Rep\u00fablica en la mesa ciudadana convocada para analizar la situaci\u00f3n del municipio nortesantandereano.<\/strong><\/p>\n\n\n\n<p class=\"wp-block-paragraph\">Tambi\u00e9n, se entreg\u00f3 el veh\u00edculo de atenci\u00f3n\nb\u00e1sica medicalizada que facilitar\u00e1 las labores m\u00e9dicas y asistenciales en horas\nnocturnas y se concret\u00f3 el arreglo de algunas fallas hidr\u00e1ulicas en el Centro\nde Desarrollo Infantil del municipio.<\/p>\n\n\n\n<p class=\"wp-block-paragraph\"><strong>1.- V\u00eda\nTramo 2 \u2013 Puente El Salado<\/strong><\/p>\n\n\n\n<p class=\"wp-block-paragraph\">El ingeniero Andr\u00e9s Zapata, de la firma\nIngenier\u00eda de V\u00edas SAS, contratista del desarrollo v\u00eda Tramo 2 \u2013 Puente El\nSalado, reconoci\u00f3 problemas con los pagos a proveedores y trabajadores, la\nfalta de acero y fallas en una de las vigas de la estructura, lo que retras\u00f3 la\nentrega de la interconexi\u00f3n.<\/p>\n\n\n\n<p class=\"wp-block-paragraph\">Zapata se comprometi\u00f3 con la ciudadan\u00eda y la\nCGR a reiniciar las labores de construcci\u00f3n del puente, lo que se hizo desde el\n13 de mayo, solucionados los inconvenientes y fijada la fecha tentativa de\nculminaci\u00f3n y ejecuci\u00f3n de las pruebas de carga que permitan la apertura de\npaso vehicular para mediados de junio.<\/p>\n\n\n\n<p class=\"wp-block-paragraph\"><strong>2.- Hospital\nSan Vicente de Paul<\/strong><\/p>\n\n\n\n<p class=\"wp-block-paragraph\">El Fondo Adaptaci\u00f3n inform\u00f3 a la CGR que se\ngeneraron algunos problemas en el desarrollo de la obra por falta de pagos\noportunos al contratista. El tr\u00e1mite lo gestion\u00f3 la entidad ante la Fiducia y\nla Interventor\u00eda para solucionar la par\u00e1lisis de la obra.<\/p>\n\n\n\n<p class=\"wp-block-paragraph\">En visita de acompa\u00f1amiento a la veedur\u00eda\nciudadana efectuada al Hospital no se advierte la cantidad de trabajadores\nnecesarios para agilizar la finalizaci\u00f3n de la obra.<\/p>\n\n\n\n<p class=\"wp-block-paragraph\">El Fondo Adaptaci\u00f3n fij\u00f3 con el interventor,\nlas condiciones de la nueva pr\u00f3rroga al contratista. Acordaron ampliar el plazo\nde entrega en 2,5 meses, con lo que se espera la entrega para el 17 de agosto\nde 2019.<\/p>\n\n\n\n<p class=\"wp-block-paragraph\">Respecto a los compromisos pactados con la\ncomunidad, el Fondo asegur\u00f3 que se cuenta con el \u00e1rea requerida de 1000 metros\npara el funcionamiento administrativo del centro asistencial, la cual estar\u00eda a\nnombre del municipi0. Queda ahora la construcci\u00f3n bajo la responsabilidad\nfinanciera de la Gobernaci\u00f3n.<\/p>\n\n\n\n<p class=\"wp-block-paragraph\"><strong>3.- Gramalote\ncuenta con ambulancia<\/strong><\/p>\n\n\n\n<p class=\"wp-block-paragraph\">Ante el constante incumplimiento de los\ncompromisos adquiridos por las autoridades de salud con la comunidad de\nGramalote, en los que se hab\u00eda establecido instalar de manera permanente una\nambulancia nocturna junto al Centro Administrativo Municipal, que permitiera\nlas labores m\u00e9dicas y asistenciales cuando el dispensario de salud b\u00e1sica no\npresta los servicios, la CGR inst\u00f3 nuevamente al Hospital Regional Centro para\nque cumpla lo pactado con la ciudadan\u00eda gramalotera.<\/p>\n\n\n\n<p class=\"wp-block-paragraph\">La Empresa Social del Estado se hizo presente\nen el municipio con el veh\u00edculo de transporte de atenci\u00f3n b\u00e1sica que, con conductor\ny auxiliar de enfermer\u00eda, prestar\u00e1 los servicios asistenciales para el traslado\nprimario de pacientes que los soliciten.<\/p>\n\n\n\n<p class=\"wp-block-paragraph\"><strong>4.- Centro\nde Desarrollo Infantil<\/strong><\/p>\n\n\n\n<p class=\"wp-block-paragraph\">La comisi\u00f3n de la Contralor\u00eda visit\u00f3 el\nCentro de Desarrollo Infantil del Municipio. La comunidad educativa denunci\u00f3\nuna falla hidr\u00e1ulica, generaba goteras en el \u00e1rea de manipulaci\u00f3n y preparaci\u00f3n\nde alimentos para los menores. Se estableci\u00f3 comunicaci\u00f3n con la Gerencia del\nMacroproyecto que, ante el compromiso ciudadano, adelant\u00f3 la reparaci\u00f3n.<\/p>\n\n\n\n<p class=\"wp-block-paragraph\"><strong>5.- Seguimiento\na lo pactado<\/strong><\/p>\n\n\n\n<p class=\"wp-block-paragraph\">La Gerencia Departamental de la CGR en Norte\nde Santander adelantar\u00e1 el seguimiento a lo pactado con el equipo de auditores\ny funcionarios de la Contralor\u00eda Delegada para la Participaci\u00f3n Ciudadana y,\nadicionalmente, organizar\u00e1 la mesa de trabajo informativa en desarrollo de la\nauditor\u00eda articulada en marcha.<\/p>\n\n\n\n<p class=\"wp-block-paragraph\">La Contralor\u00eda llam\u00f3 a las instituciones del\nEstado para prestar la atenci\u00f3n debida a Gramalote, teniendo en cuenta la\nimportancia nacional que ha representado el reasentamiento del municipio.<\/p>\n\n\n\n<p class=\"wp-block-paragraph\">Seg\u00fan informaci\u00f3n de la Alcald\u00eda, a la fecha\nse ha trasladado el 60 % de los habitantes originarios (6000 habitantes\naproximadamente), lo que compromete a cada instituci\u00f3n interviniente en el\nproceso a aunar esfuerzos posibles y buscar, en los frentes de trabajo, la\nterminaci\u00f3n definitiva de la obra, en fecha que se dar\u00e1 a conocer la pr\u00f3xima\nsemana.<\/p>\n","protected":false},"excerpt":{"rendered":"<p>C\u00daCUTA.- Las obras en el Hospital San Vicente de Paul, que posibilitar\u00e1 la atenci\u00f3n m\u00e9dica de urgencias y especializada a 4000 pobladores, y en el puente El Salado, que permite comunicar con Lourdes, \u00a0se reiniciar\u00e1n en los pr\u00f3ximos d\u00edas en Nuevo Gramalote. As\u00ed lo dispuso la \u00a0Contralor\u00eda General de la Rep\u00fablica en la mesa ciudadana &hellip;<\/p>\n","protected":false},"author":1,"featured_media":34334,"comment_status":"open","ping_status":"open","sticky":false,"template":"","format":"standard","meta":{"footnotes":""},"categories":[4,32],"tags":[2517,153],"class_list":["post-34333","post","type-post","status-publish","format-standard","has-post-thumbnail","hentry","category-barra","category-recorrido-por-la-region","tag-contraloria-general-de-la-republica","tag-nuevo-gramalote"],"_links":{"self":[{"href":"https:\/\/contraluzcucuta.co\/index.php?rest_route=\/wp\/v2\/posts\/34333","targetHints":{"allow":["GET"]}}],"collection":[{"href":"https:\/\/contraluzcucuta.co\/index.php?rest_route=\/wp\/v2\/posts"}],"about":[{"href":"https:\/\/contraluzcucuta.co\/index.php?rest_route=\/wp\/v2\/types\/post"}],"author":[{"embeddable":true,"href":"https:\/\/contraluzcucuta.co\/index.php?rest_route=\/wp\/v2\/users\/1"}],"replies":[{"embeddable":true,"href":"https:\/\/contraluzcucuta.co\/index.php?rest_route=%2Fwp%2Fv2%2Fcomments&post=34333"}],"version-history":[{"count":1,"href":"https:\/\/contraluzcucuta.co\/index.php?rest_route=\/wp\/v2\/posts\/34333\/revisions"}],"predecessor-version":[{"id":34335,"href":"https:\/\/contraluzcucuta.co\/index.php?rest_route=\/wp\/v2\/posts\/34333\/revisions\/34335"}],"wp:featuredmedia":[{"embeddable":true,"href":"https:\/\/contraluzcucuta.co\/index.php?rest_route=\/wp\/v2\/media\/34334"}],"wp:attachment":[{"href":"https:\/\/contraluzcucuta.co\/index.php?rest_route=%2Fwp%2Fv2%2Fmedia&parent=34333"}],"wp:term":[{"taxonomy":"category","embeddable":true,"href":"https:\/\/contraluzcucuta.co\/index.php?rest_route=%2Fwp%2Fv2%2Fcategories&post=34333"},{"taxonomy":"post_tag","embeddable":true,"href":"https:\/\/contraluzcucuta.co\/index.php?rest_route=%2Fwp%2Fv2%2Ftags&post=34333"}],"curies":[{"name":"wp","href":"https:\/\/api.w.org\/{rel}","templated":true}]}}