{"id":34306,"date":"2019-05-27T14:45:31","date_gmt":"2019-05-27T19:45:31","guid":{"rendered":"http:\/\/contraluzcucuta.co\/?p=34306"},"modified":"2019-05-27T14:45:34","modified_gmt":"2019-05-27T19:45:34","slug":"notas-al-margen-sin-union-labor-en-equipo-y-vision-de-futuro-no-habra-progreso","status":"publish","type":"post","link":"https:\/\/contraluzcucuta.co\/?p=34306","title":{"rendered":"NOTAS AL MARGEN. Sin uni\u00f3n, labor en equipo y visi\u00f3n de futuro no habr\u00e1 progreso"},"content":{"rendered":"\n<p class=\"wp-block-paragraph\"><strong>1.- Si hay algo grave entre nosotros y que necesitamos superar lo m\u00e1s pronto posible es la falta de solidaridad y uni\u00f3n, cuando se trata de obtener soluciones a los problemas locales, regionales y fronterizos, as\u00ed, como al proceso de trasformaci\u00f3n y cambio que debe cimentarse mediante la innovaci\u00f3n, la investigaci\u00f3n y la capacitaci\u00f3n, que permitan adem\u00e1s, promocionar y cimentar la generaci\u00f3n de\u00a0 mayores fuentes de empleos, tanto en lo p\u00fablico, como en lo privado. <\/strong><\/p>\n\n\n\n<p class=\"wp-block-paragraph\">Creer y seguir esperando que podremos avanzar\nante la crisis existente, esperando los resultados de los pr\u00f3ximos&nbsp; procesos electorales para saber qui\u00e9nes\nocupar\u00e1n los cargos de direcci\u00f3n y comando, es no entender, ni valorar que la\nsociedad en su conjunto y de manera clara y constante tiene que ejercer sus\nfunciones y velar para que las prioridades y las asistencias lleguen y se\ncumplan en todos los campos y ordenamientos de la realidad actuante.<\/p>\n\n\n\n<p class=\"wp-block-paragraph\">Seguir avalando por la comunidad, con\npasividades y actitudes de candidaturas que no definen, ni precisan sobre lo\nque se comprometen&nbsp; y&nbsp; no&nbsp;\nsustentando la raz\u00f3n y el fundamento de los programas, es una conducta\nque no puede proseguir. Adem\u00e1s, la situaci\u00f3n con Venezuela&nbsp;&nbsp;&nbsp; exige un an\u00e1lisis y consideraci\u00f3n especial.<\/p>\n\n\n\n<p class=\"wp-block-paragraph\">2.- C\u00facuta y la zona fronteriza tienen\ngrandes posibilidades, pero para el desarrollo y el progreso es necesario\ndinamizar y asegurar la prestaci\u00f3n de los servicios b\u00e1sicos, la ampliaci\u00f3n y el\nmejoramiento vial, f\u00e9rreo y a\u00e9reo, m\u00e1s la preparaci\u00f3n&nbsp; y la capacitaci\u00f3n para atender los avances tecnol\u00f3gicos\nde la modernidad y as\u00ed impulsar y crear fuentes de trabajo que dinamicen al\nconjunto.<\/p>\n\n\n\n<p class=\"wp-block-paragraph\">3.- La conveniencia y la favorabilidad de\ncrear el Centro del Pensamiento y Desarrollo Regional y Fronterizo, para dar\npaso a las innovaciones y al mejoramiento de procesos productivos que permitan\natender demandas nacionales e internacionales, exige que la sociedad y sus\nintegrantes evolucionen y faciliten los obligados tr\u00e1nsitos y\nreestructuraciones.<\/p>\n\n\n\n<p class=\"wp-block-paragraph\">Lo de las trochas y el individualismo que ha\ngenerado el no estructurar pol\u00edticas ajustadas a las fronteras y a las especiales\ncircunstancias que gravitan sobre estas zonas de contacto&nbsp;&nbsp; y gran referencia familiar, deben ir\npreviendo las trasformaciones y los cambios que se generan en el panorama internacional.\n<\/p>\n\n\n\n<p class=\"wp-block-paragraph\"><strong>JOS\u00c9\nNEIRA REY <\/strong><\/p>\n","protected":false},"excerpt":{"rendered":"<p>1.- Si hay algo grave entre nosotros y que necesitamos superar lo m\u00e1s pronto posible es la falta de solidaridad y uni\u00f3n, cuando se trata de obtener soluciones a los problemas locales, regionales y fronterizos, as\u00ed, como al proceso de trasformaci\u00f3n y cambio que debe cimentarse mediante la innovaci\u00f3n, la investigaci\u00f3n y la capacitaci\u00f3n, que &hellip;<\/p>\n","protected":false},"author":1,"featured_media":34307,"comment_status":"open","ping_status":"open","sticky":false,"template":"","format":"standard","meta":{"footnotes":""},"categories":[14,4],"tags":[578,1759],"class_list":["post-34306","post","type-post","status-publish","format-standard","has-post-thumbnail","hentry","category-articulistas","category-barra","tag-frontera-colombo-venezolana","tag-jose-neira-notas-al-margen"],"_links":{"self":[{"href":"https:\/\/contraluzcucuta.co\/index.php?rest_route=\/wp\/v2\/posts\/34306","targetHints":{"allow":["GET"]}}],"collection":[{"href":"https:\/\/contraluzcucuta.co\/index.php?rest_route=\/wp\/v2\/posts"}],"about":[{"href":"https:\/\/contraluzcucuta.co\/index.php?rest_route=\/wp\/v2\/types\/post"}],"author":[{"embeddable":true,"href":"https:\/\/contraluzcucuta.co\/index.php?rest_route=\/wp\/v2\/users\/1"}],"replies":[{"embeddable":true,"href":"https:\/\/contraluzcucuta.co\/index.php?rest_route=%2Fwp%2Fv2%2Fcomments&post=34306"}],"version-history":[{"count":1,"href":"https:\/\/contraluzcucuta.co\/index.php?rest_route=\/wp\/v2\/posts\/34306\/revisions"}],"predecessor-version":[{"id":34308,"href":"https:\/\/contraluzcucuta.co\/index.php?rest_route=\/wp\/v2\/posts\/34306\/revisions\/34308"}],"wp:featuredmedia":[{"embeddable":true,"href":"https:\/\/contraluzcucuta.co\/index.php?rest_route=\/wp\/v2\/media\/34307"}],"wp:attachment":[{"href":"https:\/\/contraluzcucuta.co\/index.php?rest_route=%2Fwp%2Fv2%2Fmedia&parent=34306"}],"wp:term":[{"taxonomy":"category","embeddable":true,"href":"https:\/\/contraluzcucuta.co\/index.php?rest_route=%2Fwp%2Fv2%2Fcategories&post=34306"},{"taxonomy":"post_tag","embeddable":true,"href":"https:\/\/contraluzcucuta.co\/index.php?rest_route=%2Fwp%2Fv2%2Ftags&post=34306"}],"curies":[{"name":"wp","href":"https:\/\/api.w.org\/{rel}","templated":true}]}}