{"id":34297,"date":"2019-05-22T21:23:36","date_gmt":"2019-05-23T02:23:36","guid":{"rendered":"http:\/\/contraluzcucuta.co\/?p=34297"},"modified":"2019-05-22T21:23:38","modified_gmt":"2019-05-23T02:23:38","slug":"%ef%bb%bfcultura-inauguracion-del-museo-escolar-mnemosine","status":"publish","type":"post","link":"https:\/\/contraluzcucuta.co\/?p=34297","title":{"rendered":"\ufeffCULTURA. Inauguraci\u00f3n del Museo escolar Mnem\u00f3sine"},"content":{"rendered":"\n<p class=\"wp-block-paragraph\"><strong>C\u00daCUTA.-<\/strong> <strong>En la celebraci\u00f3n del D\u00eda internacional de los Museos se llev\u00f3 a cabo la inauguraci\u00f3n del &#8216;Museo Escolar Mnem\u00f3sine&#8217;, del colegio Julio P\u00e9rez Ferrero en C\u00facuta. La idea surgi\u00f3 de la visita de tres estudiantes al Centro Nacional de Memoria Hist\u00f3rica, en Bogot\u00e1. <\/strong><\/p>\n\n\n\n<p class=\"wp-block-paragraph\">Despu\u00e9s de relacionarse con alumnos de las\nregiones del pa\u00eds y tras comprender de manera detallada el conflicto\ncolombiano, llegaron motivados para construir el Museo de la memoria, para\nense\u00f1ar la historia de la instituci\u00f3n y del barrio.<\/p>\n\n\n\n<p class=\"wp-block-paragraph\">El dise\u00f1o y la creaci\u00f3n del Museo escolar es\nproducto del proceso y del trabajo en equipo de estudiantes, con apoyo del\nMuseo Casa Natal General Santander, la Comisi\u00f3n de la Verdad, la Cooperaci\u00f3n\nAlemana GIZ &#8211; Programa ProPaz \u2013 Ambero y el Centro Nacional de Memoria\nHist\u00f3rica (CNMH). <\/p>\n\n\n\n<p class=\"wp-block-paragraph\">Los j\u00f3venes sienten orgullo por ser pioneros\ncon esta iniciativa, anhelan replicar el trabajo en otras instituciones y est\u00e1n\nconvencidos del lema que resume el objetivo como museo: \u201cEscuchar, reconocer y\ncomprender para trasformar\u201d.<\/p>\n\n\n\n<p class=\"wp-block-paragraph\"><strong>Museos\ncomo br\u00fajula<\/strong><\/p>\n\n\n\n<p class=\"wp-block-paragraph\">En el Museo Casa Natal General Santander se cumpli\u00f3\nla segunda edici\u00f3n de &#8216;Museos como Br\u00fajula&#8217;. La iniciativa es liderada por el\nPrograma de Fortalecimiento de Museos del Ministerio de Cultura. Al evento\nasistieron directores y funcionarios de cinco museos de la Red departamental de\nMuseos, funcionarios de la biblioteca p\u00fablica Julio P\u00e9rez Ferrero y estudiantes\ndel colegio Julio P\u00e9rez Ferrero.<\/p>\n\n\n\n<p class=\"wp-block-paragraph\">La primera jornada fue moderada por Gina\nNi\u00f1o, directora del Programa de Fortalecimiento de Museos, quien avanz\u00f3 en\ndetalles acerca de las pol\u00edticas p\u00fablicas en temas culturales. La segunda\nestuvo liderada por Ilsa Pineda, asesora del Museo Nacional, con quien se efectuaron\nejercicios de planeaci\u00f3n sostenible para Museos. <\/p>\n\n\n\n<p class=\"wp-block-paragraph\">La invitaci\u00f3n se extiende al p\u00fablico para el\ntercer encuentro de &#8216;Museos como Br\u00fajula&#8217;, en el 2020. Apoyan la iniciativa\nPrograma de Fortalecimiento de Museos, Red Departamental de museos y Banco de\nla Rep\u00fablica.<\/p>\n","protected":false},"excerpt":{"rendered":"<p>C\u00daCUTA.- En la celebraci\u00f3n del D\u00eda internacional de los Museos se llev\u00f3 a cabo la inauguraci\u00f3n del &#8216;Museo Escolar Mnem\u00f3sine&#8217;, del colegio Julio P\u00e9rez Ferrero en C\u00facuta. La idea surgi\u00f3 de la visita de tres estudiantes al Centro Nacional de Memoria Hist\u00f3rica, en Bogot\u00e1. Despu\u00e9s de relacionarse con alumnos de las regiones del pa\u00eds y &hellip;<\/p>\n","protected":false},"author":1,"featured_media":34298,"comment_status":"open","ping_status":"open","sticky":false,"template":"","format":"standard","meta":{"footnotes":""},"categories":[4,36],"tags":[1168,3678,4563,4083],"class_list":["post-34297","post","type-post","status-publish","format-standard","has-post-thumbnail","hentry","category-barra","category-la-voz-del-pueblo","tag-biblioteca-publica-julio-perez-ferrero","tag-centro-nacional-de-memoria-historica","tag-colegio-julio-perez-ferrero","tag-giz"],"_links":{"self":[{"href":"https:\/\/contraluzcucuta.co\/index.php?rest_route=\/wp\/v2\/posts\/34297","targetHints":{"allow":["GET"]}}],"collection":[{"href":"https:\/\/contraluzcucuta.co\/index.php?rest_route=\/wp\/v2\/posts"}],"about":[{"href":"https:\/\/contraluzcucuta.co\/index.php?rest_route=\/wp\/v2\/types\/post"}],"author":[{"embeddable":true,"href":"https:\/\/contraluzcucuta.co\/index.php?rest_route=\/wp\/v2\/users\/1"}],"replies":[{"embeddable":true,"href":"https:\/\/contraluzcucuta.co\/index.php?rest_route=%2Fwp%2Fv2%2Fcomments&post=34297"}],"version-history":[{"count":1,"href":"https:\/\/contraluzcucuta.co\/index.php?rest_route=\/wp\/v2\/posts\/34297\/revisions"}],"predecessor-version":[{"id":34299,"href":"https:\/\/contraluzcucuta.co\/index.php?rest_route=\/wp\/v2\/posts\/34297\/revisions\/34299"}],"wp:featuredmedia":[{"embeddable":true,"href":"https:\/\/contraluzcucuta.co\/index.php?rest_route=\/wp\/v2\/media\/34298"}],"wp:attachment":[{"href":"https:\/\/contraluzcucuta.co\/index.php?rest_route=%2Fwp%2Fv2%2Fmedia&parent=34297"}],"wp:term":[{"taxonomy":"category","embeddable":true,"href":"https:\/\/contraluzcucuta.co\/index.php?rest_route=%2Fwp%2Fv2%2Fcategories&post=34297"},{"taxonomy":"post_tag","embeddable":true,"href":"https:\/\/contraluzcucuta.co\/index.php?rest_route=%2Fwp%2Fv2%2Ftags&post=34297"}],"curies":[{"name":"wp","href":"https:\/\/api.w.org\/{rel}","templated":true}]}}