{"id":34288,"date":"2019-05-22T19:38:56","date_gmt":"2019-05-23T00:38:56","guid":{"rendered":"http:\/\/contraluzcucuta.co\/?p=34288"},"modified":"2019-05-22T19:38:58","modified_gmt":"2019-05-23T00:38:58","slug":"%ef%bb%bfel-catatumbo-avanza-segunda-fase-del-proyecto-gas-para-el-norte","status":"publish","type":"post","link":"https:\/\/contraluzcucuta.co\/?p=34288","title":{"rendered":"\ufeffEL CATATUMBO. Avanza segunda fase del proyecto \u201c+ Gas para el Norte\u201d"},"content":{"rendered":"\n<p class=\"wp-block-paragraph\">El proyecto \u201c+ Gas para el Norte\u201d permitir\u00e1 la\nconstrucci\u00f3n, implementaci\u00f3n y masificaci\u00f3n del servicio de gas en los hogares\nde ocho municipios y dos centros poblados de Norte de Santander. La Secretar\u00eda\nde Minas y Energ\u00eda &nbsp;dio &nbsp;el cronograma y los lineamientos estrat\u00e9gicos,\ny explic\u00f3 que el paso que seguir\u00e1 en este plan es la definici\u00f3n de predios para\nlas estaciones que suministrar\u00e1n el servicio y la aprobaci\u00f3n de cargos de distribuci\u00f3n.<\/p>\n\n\n\n<p class=\"wp-block-paragraph\">La \u00faltima gesti\u00f3n antes de iniciar las obras,\nser\u00e1 la socializaci\u00f3n de los estudios, culminados, con la comunidad. La\nimplementaci\u00f3n del servicio se desarrollar\u00e1 en convenio con Rednova S.A.S.,\ncompa\u00f1\u00eda que distribuye y comercializa gas combustible en la regi\u00f3n andina.<\/p>\n\n\n\n<p class=\"wp-block-paragraph\">Gonzalo Fuentes M\u00e1rquez, secretario de Minas\ny Energ\u00eda de Norte de Santander, manifest\u00f3 que \u201clos recursos de financiaci\u00f3n\npara el proyecto son provenientes del Sistema General de Regal\u00edas\u201d.<\/p>\n\n\n\n<p class=\"wp-block-paragraph\">El proyecto es uno de los m\u00e1s importantes del\neje tem\u00e1tico \u201cProductividad minera\u201d. Los municipios beneficiados son Puerto\nSantander, El Carmen, Convenci\u00f3n, Teorama, San Calixto, Hacar\u00ed, La Playa y\nBucaracica. Los centros poblados que hacen parte del proyecto son Agua Clara y\nLa Y Astilleros.<\/p>\n\n\n\n<p class=\"wp-block-paragraph\">Aunque este proyecto se llevar\u00e1 a cabo con\nrecursos del&nbsp; Sistema General de\nRegal\u00edas, la instalaci\u00f3n la asumir\u00e1 cada usuario. Se estudia la posibilidad que\nel costo sea financiado en la factura del servicio. Para esto obtendr\u00e1n un\nsubsidio por parte de la Gobernaci\u00f3n.<\/p>\n\n\n\n<p class=\"wp-block-paragraph\">En la reuni\u00f3n estuvieron el secretario\nPrivado Departamental, V\u00edctor Pe\u00f1a; el secretario de Minas y Energ\u00eda, Gonzalo\nFuentes; alcaldes y secretarios de Planeaci\u00f3n de los municipios vinculados, y\nla Empresa Distribuidora de Gas.<\/p>\n\n\n\n<p class=\"wp-block-paragraph\"><strong>Red\nMedios Digital<\/strong><\/p>\n","protected":false},"excerpt":{"rendered":"<p>El proyecto \u201c+ Gas para el Norte\u201d permitir\u00e1 la construcci\u00f3n, implementaci\u00f3n y masificaci\u00f3n del servicio de gas en los hogares de ocho municipios y dos centros poblados de Norte de Santander. La Secretar\u00eda de Minas y Energ\u00eda &nbsp;dio &nbsp;el cronograma y los lineamientos estrat\u00e9gicos, y explic\u00f3 que el paso que seguir\u00e1 en este plan es &hellip;<\/p>\n","protected":false},"author":1,"featured_media":34289,"comment_status":"open","ping_status":"open","sticky":false,"template":"","format":"standard","meta":{"footnotes":""},"categories":[4,4561],"tags":[246,4560],"class_list":["post-34288","post","type-post","status-publish","format-standard","has-post-thumbnail","hentry","category-barra","category-el-catatumbo","tag-el-catatumbo","tag-gas-para-el-norte"],"_links":{"self":[{"href":"https:\/\/contraluzcucuta.co\/index.php?rest_route=\/wp\/v2\/posts\/34288","targetHints":{"allow":["GET"]}}],"collection":[{"href":"https:\/\/contraluzcucuta.co\/index.php?rest_route=\/wp\/v2\/posts"}],"about":[{"href":"https:\/\/contraluzcucuta.co\/index.php?rest_route=\/wp\/v2\/types\/post"}],"author":[{"embeddable":true,"href":"https:\/\/contraluzcucuta.co\/index.php?rest_route=\/wp\/v2\/users\/1"}],"replies":[{"embeddable":true,"href":"https:\/\/contraluzcucuta.co\/index.php?rest_route=%2Fwp%2Fv2%2Fcomments&post=34288"}],"version-history":[{"count":1,"href":"https:\/\/contraluzcucuta.co\/index.php?rest_route=\/wp\/v2\/posts\/34288\/revisions"}],"predecessor-version":[{"id":34290,"href":"https:\/\/contraluzcucuta.co\/index.php?rest_route=\/wp\/v2\/posts\/34288\/revisions\/34290"}],"wp:featuredmedia":[{"embeddable":true,"href":"https:\/\/contraluzcucuta.co\/index.php?rest_route=\/wp\/v2\/media\/34289"}],"wp:attachment":[{"href":"https:\/\/contraluzcucuta.co\/index.php?rest_route=%2Fwp%2Fv2%2Fmedia&parent=34288"}],"wp:term":[{"taxonomy":"category","embeddable":true,"href":"https:\/\/contraluzcucuta.co\/index.php?rest_route=%2Fwp%2Fv2%2Fcategories&post=34288"},{"taxonomy":"post_tag","embeddable":true,"href":"https:\/\/contraluzcucuta.co\/index.php?rest_route=%2Fwp%2Fv2%2Ftags&post=34288"}],"curies":[{"name":"wp","href":"https:\/\/api.w.org\/{rel}","templated":true}]}}