{"id":34269,"date":"2019-05-20T17:48:03","date_gmt":"2019-05-20T22:48:03","guid":{"rendered":"http:\/\/contraluzcucuta.co\/?p=34269"},"modified":"2019-05-20T17:48:05","modified_gmt":"2019-05-20T22:48:05","slug":"%ef%bb%bfconvenio-con-la-cancilleria-60-000-dolares-para-dotar-urgencias-del-erasmo-meoz","status":"publish","type":"post","link":"https:\/\/contraluzcucuta.co\/?p=34269","title":{"rendered":"\ufeffCONVENIO CON LA CANCILLER\u00cdA. 60.000 d\u00f3lares para dotar urgencias del Erasmo Meoz"},"content":{"rendered":"\n<p class=\"wp-block-paragraph\"><strong>C\u00daCUTA.-<\/strong> <strong>El Ministerio de Relaciones Exteriores, por medio de la Direcci\u00f3n para el Desarrollo y la Integraci\u00f3n Fronteriza, firm\u00f3 un acuerdo para dotar la secci\u00f3n de urgencias del <\/strong><a href=\"https:\/\/contraluzcucuta.co\/hospital-erasmo-meoz-cartera-de-morosos-supera-los-327-000-millones\/\"><strong>Hospital Universitario Erasmo Meoz<\/strong><\/a><strong>, por alrededor de 60.000 d\u00f3lares.<\/strong><\/p>\n\n\n\n<p class=\"wp-block-paragraph\">El convenio hace parte de \u201cla estrategia de\napoyo que venimos trabajando desde la Canciller\u00eda para fortalecer las\ncapacidades de servicio del Hospital Erasmo Meoz, que tanto ha apoyado a la\npoblaci\u00f3n migrante y retornada procedente de Venezuela\u201d, dijo el director para\nel Desarrollo y la Integraci\u00f3n Fronteriza, V\u00edctor Bautista.<\/p>\n\n\n\n<p class=\"wp-block-paragraph\">La dotaci\u00f3n incluye:<\/p>\n\n\n\n<p class=\"wp-block-paragraph\">1.- Veinte sillas multiprop\u00f3sito<\/p>\n\n\n\n<p class=\"wp-block-paragraph\">2.- Un equipo de aire acondicionado<\/p>\n\n\n\n<p class=\"wp-block-paragraph\">3.- Siete computadores port\u00e1tiles<\/p>\n\n\n\n<p class=\"wp-block-paragraph\">4.- Seis t\u00e1ndems<\/p>\n\n\n\n<p class=\"wp-block-paragraph\">5.- Veinte camillas<\/p>\n\n\n\n<p class=\"wp-block-paragraph\">6.- Sistema de llamado<\/p>\n\n\n\n<p class=\"wp-block-paragraph\">7.- Seis carteleras.<\/p>\n\n\n\n<p class=\"wp-block-paragraph\">La entrega del equipo m\u00e9dico se har\u00e1 en junio,\nen cumplimiento de uno de los compromisos del Plan de Impacto para Norte de\nSantander, que se socializ\u00f3 el 26 de abril, con la Vicepresidenta de la\nRep\u00fablica, Marta Luc\u00eda Ram\u00edrez, en C\u00facuta.<\/p>\n\n\n\n<p class=\"wp-block-paragraph\">El director para el Desarrollo y la\nIntegraci\u00f3n Fronteriza particip\u00f3 en el lanzamiento del Centro de Atenci\u00f3n,\nOrientaci\u00f3n y Direccionamiento para la Poblaci\u00f3n Vulnerable en Zona de\nFrontera.<\/p>\n\n\n\n<p class=\"wp-block-paragraph\">El centro de atenci\u00f3n interinstitucional\ncontar\u00e1 con capacidad para recibir hasta 200 personas y funcionar\u00e1 en Puerto\nSantander, municipio que hace parte del \u00c1rea Metropolitana de C\u00facuta y est\u00e1 localizado\nen la frontera con Venezuela.<\/p>\n","protected":false},"excerpt":{"rendered":"<p>C\u00daCUTA.- El Ministerio de Relaciones Exteriores, por medio de la Direcci\u00f3n para el Desarrollo y la Integraci\u00f3n Fronteriza, firm\u00f3 un acuerdo para dotar la secci\u00f3n de urgencias del Hospital Universitario Erasmo Meoz, por alrededor de 60.000 d\u00f3lares. El convenio hace parte de \u201cla estrategia de apoyo que venimos trabajando desde la Canciller\u00eda para fortalecer las &hellip;<\/p>\n","protected":false},"author":1,"featured_media":34270,"comment_status":"open","ping_status":"open","sticky":false,"template":"","format":"standard","meta":{"footnotes":""},"categories":[4,6],"tags":[2343,836,1549],"class_list":["post-34269","post","type-post","status-publish","format-standard","has-post-thumbnail","hentry","category-barra","category-ojo-avizor","tag-cancilleria-de-colombia","tag-hospital-erasmo-meoz","tag-victor-bautista"],"_links":{"self":[{"href":"https:\/\/contraluzcucuta.co\/index.php?rest_route=\/wp\/v2\/posts\/34269","targetHints":{"allow":["GET"]}}],"collection":[{"href":"https:\/\/contraluzcucuta.co\/index.php?rest_route=\/wp\/v2\/posts"}],"about":[{"href":"https:\/\/contraluzcucuta.co\/index.php?rest_route=\/wp\/v2\/types\/post"}],"author":[{"embeddable":true,"href":"https:\/\/contraluzcucuta.co\/index.php?rest_route=\/wp\/v2\/users\/1"}],"replies":[{"embeddable":true,"href":"https:\/\/contraluzcucuta.co\/index.php?rest_route=%2Fwp%2Fv2%2Fcomments&post=34269"}],"version-history":[{"count":1,"href":"https:\/\/contraluzcucuta.co\/index.php?rest_route=\/wp\/v2\/posts\/34269\/revisions"}],"predecessor-version":[{"id":34271,"href":"https:\/\/contraluzcucuta.co\/index.php?rest_route=\/wp\/v2\/posts\/34269\/revisions\/34271"}],"wp:featuredmedia":[{"embeddable":true,"href":"https:\/\/contraluzcucuta.co\/index.php?rest_route=\/wp\/v2\/media\/34270"}],"wp:attachment":[{"href":"https:\/\/contraluzcucuta.co\/index.php?rest_route=%2Fwp%2Fv2%2Fmedia&parent=34269"}],"wp:term":[{"taxonomy":"category","embeddable":true,"href":"https:\/\/contraluzcucuta.co\/index.php?rest_route=%2Fwp%2Fv2%2Fcategories&post=34269"},{"taxonomy":"post_tag","embeddable":true,"href":"https:\/\/contraluzcucuta.co\/index.php?rest_route=%2Fwp%2Fv2%2Ftags&post=34269"}],"curies":[{"name":"wp","href":"https:\/\/api.w.org\/{rel}","templated":true}]}}