{"id":34241,"date":"2019-05-12T18:16:04","date_gmt":"2019-05-12T23:16:04","guid":{"rendered":"http:\/\/contraluzcucuta.co\/?p=34241"},"modified":"2019-05-12T18:16:07","modified_gmt":"2019-05-12T23:16:07","slug":"%ef%bb%bfplan-nacional-de-desarrollo-freno-al-cierre-indiscriminado-de-establecimientos-comerciales","status":"publish","type":"post","link":"https:\/\/contraluzcucuta.co\/?p=34241","title":{"rendered":"\ufeffPLAN NACIONAL DE DESARROLLO. Freno al cierre indiscriminado de establecimientos comerciales"},"content":{"rendered":"\n<p class=\"wp-block-paragraph\">Entre 2017 y 2019, se han cerrado temporalmente\n95.712 comercios en el pa\u00eds. En el 2017, se suspendieron 37.020\nestablecimientos, en el 2018 la cifra ascendi\u00f3 a 57.082 y en enero de 2019 se\nsuspendieron 1610. Ante esta situaci\u00f3n, Fenalco hizo un llamado a los alcaldes\ny a las secretar\u00edas de Gobierno para que socialicen y den a conocer los ajustes\nefectuados por el Congreso para que se proceda de conformidad con la nueva\nlegislaci\u00f3n y as\u00ed evitar m\u00e1s cierres injustos.<\/p>\n\n\n\n<p class=\"wp-block-paragraph\">La Federaci\u00f3n de Comerciantes celebr\u00f3 que en cumplimiento\ndel Plan Nacional de Desarrollo se hayan devuelto las facultades a los\ninspectores de polic\u00eda para verificar el cumplimiento de los requisitos de\napertura y funcionamiento. Estos procedimientos est\u00e1n determinados en el\nart\u00edculo 87 del C\u00f3digo de Polic\u00eda, en aras de garantizar que los comerciantes ejerzan\nel derecho de defensa.<\/p>\n\n\n\n<p class=\"wp-block-paragraph\">La medida beneficiar\u00e1 a miles de\nestablecimientos que no estar\u00e1n en peligro de ser cerrados por interpretaci\u00f3n\ndel polic\u00eda, sobre una norma tan amplia como la que estaba vigente. La disposici\u00f3n\npermit\u00eda el cierre al desarrollar la actividad econ\u00f3mica sin cumplir cualquiera\nde los requisitos establecidos en la normatividad.<\/p>\n\n\n\n<p class=\"wp-block-paragraph\">Octavio Quintero, presidente (e) de Fenalco,\ndijo que con las medidas impuestas por el C\u00f3digo de Polic\u00eda era como si ejercer\nel comercio fuera un foco de alteraci\u00f3n al orden p\u00fablico. \u201cHab\u00edamos pasado de\nun r\u00e9gimen de sanci\u00f3n gradual, a un esquema policivo represivo\u201d, dijo el vocero\ngremial. En los procedimientos confusos reinaba la subjetividad y no atend\u00edan\nlas garant\u00edas del debido proceso, ni los principios de necesidad, proporcionalidad\ny racionalidad.<\/p>\n\n\n\n<p class=\"wp-block-paragraph\">\u201cLa regla era cerrar los establecimientos por\n10 d\u00edas, sin posibilidad de defensa\u201d, agreg\u00f3 Quintero.<\/p>\n\n\n\n<p class=\"wp-block-paragraph\">Fenalco consider\u00f3 que la revisi\u00f3n y el an\u00e1lisis\nde documentos por parte de la Polic\u00eda no son indicadores de convivencia,\nformalizaci\u00f3n y promoci\u00f3n de la prosperidad. Tampoco hace parte de la actividad\npolicial, que debe estar dirigida y orientada hacia la preservaci\u00f3n del orden\np\u00fablico. \u201cLa Polic\u00eda debe velar por la seguridad de la ciudadan\u00eda, intervenir\ncuando haya ri\u00f1as y disturbios\u201d. <\/p>\n\n\n\n<p class=\"wp-block-paragraph\">La funci\u00f3n de revisar documentalmente\nrequisitos que tienen una complejidad t\u00e9cnica sobre la que no es su\ncompetencia, especialmente los referentes al control del uso del suelo o la\nnormativa sanitaria, asuntos que son de competencia de otras autoridades de\ncontrol. <\/p>\n","protected":false},"excerpt":{"rendered":"<p>Entre 2017 y 2019, se han cerrado temporalmente 95.712 comercios en el pa\u00eds. En el 2017, se suspendieron 37.020 establecimientos, en el 2018 la cifra ascendi\u00f3 a 57.082 y en enero de 2019 se suspendieron 1610. Ante esta situaci\u00f3n, Fenalco hizo un llamado a los alcaldes y a las secretar\u00edas de Gobierno para que socialicen &hellip;<\/p>\n","protected":false},"author":1,"featured_media":34242,"comment_status":"open","ping_status":"open","sticky":false,"template":"","format":"standard","meta":{"footnotes":""},"categories":[4,6],"tags":[1526,1762],"class_list":["post-34241","post","type-post","status-publish","format-standard","has-post-thumbnail","hentry","category-barra","category-ojo-avizor","tag-fenalco-norte-de-santander","tag-plan-nacional-de-desarrollo"],"_links":{"self":[{"href":"https:\/\/contraluzcucuta.co\/index.php?rest_route=\/wp\/v2\/posts\/34241","targetHints":{"allow":["GET"]}}],"collection":[{"href":"https:\/\/contraluzcucuta.co\/index.php?rest_route=\/wp\/v2\/posts"}],"about":[{"href":"https:\/\/contraluzcucuta.co\/index.php?rest_route=\/wp\/v2\/types\/post"}],"author":[{"embeddable":true,"href":"https:\/\/contraluzcucuta.co\/index.php?rest_route=\/wp\/v2\/users\/1"}],"replies":[{"embeddable":true,"href":"https:\/\/contraluzcucuta.co\/index.php?rest_route=%2Fwp%2Fv2%2Fcomments&post=34241"}],"version-history":[{"count":1,"href":"https:\/\/contraluzcucuta.co\/index.php?rest_route=\/wp\/v2\/posts\/34241\/revisions"}],"predecessor-version":[{"id":34243,"href":"https:\/\/contraluzcucuta.co\/index.php?rest_route=\/wp\/v2\/posts\/34241\/revisions\/34243"}],"wp:featuredmedia":[{"embeddable":true,"href":"https:\/\/contraluzcucuta.co\/index.php?rest_route=\/wp\/v2\/media\/34242"}],"wp:attachment":[{"href":"https:\/\/contraluzcucuta.co\/index.php?rest_route=%2Fwp%2Fv2%2Fmedia&parent=34241"}],"wp:term":[{"taxonomy":"category","embeddable":true,"href":"https:\/\/contraluzcucuta.co\/index.php?rest_route=%2Fwp%2Fv2%2Fcategories&post=34241"},{"taxonomy":"post_tag","embeddable":true,"href":"https:\/\/contraluzcucuta.co\/index.php?rest_route=%2Fwp%2Fv2%2Ftags&post=34241"}],"curies":[{"name":"wp","href":"https:\/\/api.w.org\/{rel}","templated":true}]}}