{"id":34233,"date":"2019-05-12T16:38:34","date_gmt":"2019-05-12T21:38:34","guid":{"rendered":"http:\/\/contraluzcucuta.co\/?p=34233"},"modified":"2019-05-12T16:38:36","modified_gmt":"2019-05-12T21:38:36","slug":"%ef%bb%bfcucuta-deportivo-garabello-recibe-la-no-muy-buena-herencia-de-mendez","status":"publish","type":"post","link":"https:\/\/contraluzcucuta.co\/?p=34233","title":{"rendered":"\ufeffC\u00daCUTA DEPORTIVO. Garabello recibe la no muy buena  herencia de M\u00e9ndez"},"content":{"rendered":"\n<p class=\"wp-block-paragraph\"><strong>C\u00daCUTA.-<\/strong> <strong>La eliminaci\u00f3n del C\u00facuta Deportivo de la liguilla profesional del f\u00fatbol colombiano acab\u00f3 con la vinculaci\u00f3n laboral de Sebasti\u00e1n M\u00e9ndez con la instituci\u00f3n rojinegra. En la presentaci\u00f3n del \u2018Gallego\u2019 se hicieron promesas que no se cumplieron en el campeonato y motivaron la salida del argentino. Ahora, lo remplaza otro gaucho, Pablo Garabello, quien llega con la marquilla de haber formado parte del equipo de Jos\u00e9 Pekerman en la selecci\u00f3n Colombia.<\/strong><\/p>\n\n\n\n<p class=\"wp-block-paragraph\">Garabello, de 46 a\u00f1os, se desempe\u00f1\u00f3 como\nentrenador asistente de Pekerman, desde 2012. Tuvo a cargo el entrenamiento\nespec\u00edfico de defensores, volantes y delanteros, t\u00e1ctica de bal\u00f3n parado,\nparado t\u00e1ctico y posicional de rivales de la Selecci\u00f3n. Acumul\u00f3 123 partidos\ninternacionales. <\/p>\n\n\n\n<p class=\"wp-block-paragraph\">En 2007, junto a Pekerman, integr\u00f3 el cuerpo\nt\u00e9cnico del Club Toluca (M\u00e9xico). Los inicios como entrenador profesional se\ndieron en el 2005 y 2006 en los clubes argentinos JJ Urquiza y Excursionistas.\nComo jugador milit\u00f3 en los planteles juveniles de San Lorenzo de Almagro, River\nPlate, Argentinos Juniors, en 1988, 1991 y 1992. En 1995, jug\u00f3 como profesional\npara el Miami F.C., retorn\u00f3 al f\u00fatbol de su pa\u00eds, en 1999, para hacer parte de San\nMart\u00edn de Burzaco y en el 2000 culmin\u00f3 la trayectoria como jugador en Barracas Central.<\/p>\n\n\n\n<p class=\"wp-block-paragraph\">Pablo Garabello estar\u00e1 acompa\u00f1ado por Pablo\nOlgu\u00edn y Federico Mociulsky. Los asistentes son t\u00e9cnicos profesionales de\nf\u00fatbol argentino con trayectoria como jugadores y entrenadores en diversos\nclubes. Contar\u00e1n con el respaldo del profesor Julio Chalares, quien contin\u00faa\ncomo preparador f\u00edsico del club.<\/p>\n\n\n\n<p class=\"wp-block-paragraph\">El primer objetivo del cuerpo t\u00e9cnico es mantener\nal C\u00facuta Deportivo lejos de la zona de descenso. El primer semestre, luego de\nun comienzo so\u00f1ado, en la mitad del campeonato cay\u00f3 y perdi\u00f3 la ventaja acumulada\nen los primeros juegos. Termin\u00f3 en el puesto 11 con 27 puntos y con 115\nunidades en la tabla del descenso, a solo tres de diferencia de Rionegro, el\nprimero que perder\u00eda la categor\u00eda.<\/p>\n\n\n\n<p class=\"wp-block-paragraph\">Los aficionados no terminaron satisfechos con\nel balance del once motil\u00f3n y entre las dudas ronda la intenci\u00f3n del presidente\nJos\u00e9 Augusto Cadena de llevar al club a la B, porque las ganancias econ\u00f3micas ser\u00edan\njugosas. Otros, creen que los jugadores no quisieron rendirle m\u00e1s al t\u00e9cnico\nM\u00e9ndez y los dem\u00e1s piensan que el camerino se dividi\u00f3 en dos bloques. &nbsp;<\/p>\n\n\n\n<p class=\"wp-block-paragraph\">El nuevo cuerpo t\u00e9cnico comenzar\u00e1 a trabajar\nen la conformaci\u00f3n de la plantilla de jugadores que integrar\u00e1n el plantel para\nla Liga II &#8211; 2019. En los pr\u00f3ximos d\u00edas el club dar\u00e1 a conocer el listado de\nlos jugadores que continuar\u00e1n con la camiseta rojinegra y la fecha de\npresentaci\u00f3n oficial del cuerpo t\u00e9cnico, previa al inicio de la pretemporada.<\/p>\n","protected":false},"excerpt":{"rendered":"<p>C\u00daCUTA.- La eliminaci\u00f3n del C\u00facuta Deportivo de la liguilla profesional del f\u00fatbol colombiano acab\u00f3 con la vinculaci\u00f3n laboral de Sebasti\u00e1n M\u00e9ndez con la instituci\u00f3n rojinegra. En la presentaci\u00f3n del \u2018Gallego\u2019 se hicieron promesas que no se cumplieron en el campeonato y motivaron la salida del argentino. Ahora, lo remplaza otro gaucho, Pablo Garabello, quien llega &hellip;<\/p>\n","protected":false},"author":1,"featured_media":34234,"comment_status":"open","ping_status":"open","sticky":false,"template":"","format":"standard","meta":{"footnotes":""},"categories":[4,28],"tags":[4378,2509,4546,4379],"class_list":["post-34233","post","type-post","status-publish","format-standard","has-post-thumbnail","hentry","category-barra","category-vistazo-deportivo","tag-cucuta-deportivo-2019","tag-jose-augusto-cadena","tag-pablo-garabello","tag-sebastian-mendez"],"_links":{"self":[{"href":"https:\/\/contraluzcucuta.co\/index.php?rest_route=\/wp\/v2\/posts\/34233","targetHints":{"allow":["GET"]}}],"collection":[{"href":"https:\/\/contraluzcucuta.co\/index.php?rest_route=\/wp\/v2\/posts"}],"about":[{"href":"https:\/\/contraluzcucuta.co\/index.php?rest_route=\/wp\/v2\/types\/post"}],"author":[{"embeddable":true,"href":"https:\/\/contraluzcucuta.co\/index.php?rest_route=\/wp\/v2\/users\/1"}],"replies":[{"embeddable":true,"href":"https:\/\/contraluzcucuta.co\/index.php?rest_route=%2Fwp%2Fv2%2Fcomments&post=34233"}],"version-history":[{"count":1,"href":"https:\/\/contraluzcucuta.co\/index.php?rest_route=\/wp\/v2\/posts\/34233\/revisions"}],"predecessor-version":[{"id":34235,"href":"https:\/\/contraluzcucuta.co\/index.php?rest_route=\/wp\/v2\/posts\/34233\/revisions\/34235"}],"wp:featuredmedia":[{"embeddable":true,"href":"https:\/\/contraluzcucuta.co\/index.php?rest_route=\/wp\/v2\/media\/34234"}],"wp:attachment":[{"href":"https:\/\/contraluzcucuta.co\/index.php?rest_route=%2Fwp%2Fv2%2Fmedia&parent=34233"}],"wp:term":[{"taxonomy":"category","embeddable":true,"href":"https:\/\/contraluzcucuta.co\/index.php?rest_route=%2Fwp%2Fv2%2Fcategories&post=34233"},{"taxonomy":"post_tag","embeddable":true,"href":"https:\/\/contraluzcucuta.co\/index.php?rest_route=%2Fwp%2Fv2%2Ftags&post=34233"}],"curies":[{"name":"wp","href":"https:\/\/api.w.org\/{rel}","templated":true}]}}