{"id":34230,"date":"2019-05-12T15:47:29","date_gmt":"2019-05-12T20:47:29","guid":{"rendered":"http:\/\/contraluzcucuta.co\/?p=34230"},"modified":"2019-05-12T15:47:32","modified_gmt":"2019-05-12T20:47:32","slug":"casa-de-la-verdad-la-verdad-se-abre-paso-en-el-nororiente-colombiano","status":"publish","type":"post","link":"https:\/\/contraluzcucuta.co\/?p=34230","title":{"rendered":"CASA DE LA VERDAD. La verdad se abre paso en el Nororiente colombiano"},"content":{"rendered":"\n<p class=\"wp-block-paragraph\"><strong>C\u00daCUTA.-<\/strong> <strong>El conflicto no ha parado en el Nororiente, es m\u00e1s, en algunas zonas las acciones violentas se han incrementado, como en El Catatumbo. En ese escenario act\u00faa la Comisi\u00f3n de la Verdad para cumplir la misi\u00f3n de conocer y entender qu\u00e9 pas\u00f3 durante el conflicto colombiano y el porqu\u00e9 de la violencia en Colombia durante los \u00faltimos 50 a\u00f1os.<\/strong><\/p>\n\n\n\n<p class=\"wp-block-paragraph\">A simple vista, los departamentos de esta\nterritorial parecieran dispares, pero en realidad comparten estas din\u00e1micas y\ncondiciones:<\/p>\n\n\n\n<p class=\"wp-block-paragraph\">1.- Tener conflictos por los recursos\nnaturales (petr\u00f3leo)<\/p>\n\n\n\n<p class=\"wp-block-paragraph\">2.- Ser frontera de Venezuela<\/p>\n\n\n\n<p class=\"wp-block-paragraph\">3.- Tener alto tr\u00e1fico ilegal<\/p>\n\n\n\n<p class=\"wp-block-paragraph\">4.- Presencia de los actores armados: Eln, disidencias\nde las Farc, EPL, bandas criminales (bacrim) y otros grupos armados\norganizados, todos enfrentados al tiempo.<\/p>\n\n\n\n<p class=\"wp-block-paragraph\">La Comisi\u00f3n ha establecido las l\u00edneas de\ntiempo de los hechos del conflicto en Norte de Santander y Arauca, y avanza en\nla recopilaci\u00f3n de informaci\u00f3n en Santander y Casanare. Adem\u00e1s, ha hecho\nencuentros y escuchado a organizaciones sociales y de v\u00edctimas, medios de\ncomunicaci\u00f3n, l\u00edderes pol\u00edticos, artistas, grupos religiosos y universidades,\nentre otros actores.<\/p>\n\n\n\n<p class=\"wp-block-paragraph\">El comisionado Sa\u00fal Franco, quien acompa\u00f1a a\nla macrorregi\u00f3n Nororiente, reiter\u00f3 que la Comisi\u00f3n dar\u00e1 especial atenci\u00f3n a las\nminas antipersonal en Santander, la desaparici\u00f3n forzada en Casanare, la\npersistencia de actores armados en El Catatumbo y la violencia sexual.<\/p>\n\n\n\n<p class=\"wp-block-paragraph\">La apertura de la Casa de la Verdad del\nNororiente comenz\u00f3 el 9 de mayo, &nbsp;con la\nvelada cultural con artistas de Casanare, Arauca, Santander y Norte de\nSantander. El 10 de mayo, se cumpli\u00f3 el conversatorio sobre la Verdad, la\nConvivencia y la No repetici\u00f3n. Se promovi\u00f3 la reflexi\u00f3n en torno al mandato de\nla Comisi\u00f3n, alcances misionales, reconocimiento y comprensi\u00f3n del conflicto en\nel pa\u00eds, particularmente en Norte de Santander y la Macroregi\u00f3n Nororiental\n(Arauca, Santander, municipios lim\u00edtrofes de Casanare y Boyac\u00e1).<\/p>\n\n\n\n<p class=\"wp-block-paragraph\">La actividad estuvo dirigida por el\ncomisionado Sa\u00fal Franco y cont\u00f3 con la presencia de Le\u00f3n Valencia, Judith\nMaldonado y Franz Marr\u00e9, del gobierno alem\u00e1n.<\/p>\n\n\n\n<p class=\"wp-block-paragraph\">La esperanza de conocer las responsabilidades\ny las motivaciones que sumaron a El Catatumbo en&nbsp; el escenario de guerra&nbsp; se consolida con la apertura de la Casa de la\nComisi\u00f3n del Esclarecimiento y la Verdad.<\/p>\n\n\n\n<p class=\"wp-block-paragraph\"><strong>\u00bfQu\u00e9 es\nla Comisi\u00f3n de la Verdad?<\/strong><\/p>\n\n\n\n<p class=\"wp-block-paragraph\">Las v\u00edctimas y la sociedad colombianas tienen\nderecho a conocer la verdad de lo ocurrido durante el conflicto armado. La\nComisi\u00f3n es la entidad que recopila la verdad de lo sucedido para esclarecer\nlos patrones y las causas que explican por qu\u00e9 la violencia, por qu\u00e9 hubo\nviolaciones e infracciones a los derechos humanos y cu\u00e1l ha sido la complejidad\ndel conflicto.<\/p>\n\n\n\n<p class=\"wp-block-paragraph\">La Comisi\u00f3n tiene cuatro objetivos: <\/p>\n\n\n\n<p class=\"wp-block-paragraph\">1.- Esclarecimiento<\/p>\n\n\n\n<p class=\"wp-block-paragraph\">2.- Reconocimiento<\/p>\n\n\n\n<p class=\"wp-block-paragraph\">3.- Convivencia <\/p>\n\n\n\n<p class=\"wp-block-paragraph\">4. Garant\u00edas de no repetici\u00f3n de lo sucedido\ndurante el conflicto armado.<\/p>\n\n\n\n<p class=\"wp-block-paragraph\">Conocer la verdad permitir\u00e1 a los colombianos\nreconocer lo sucedido, aportar a una mejor convivencia en los territorios y\ncontribuir a sentar las bases para no repetir la violencia. <\/p>\n\n\n\n<p class=\"wp-block-paragraph\">El comisionado Sa\u00fal Franco es m\u00e9dico con\ndoctorado en salud p\u00fablica, con 40 a\u00f1os de experiencia como docente\nuniversitario e investigador de la violencia y del conflicto armado. Vivi\u00f3\ndurante varios a\u00f1os en exilio.<\/p>\n","protected":false},"excerpt":{"rendered":"<p>C\u00daCUTA.- El conflicto no ha parado en el Nororiente, es m\u00e1s, en algunas zonas las acciones violentas se han incrementado, como en El Catatumbo. En ese escenario act\u00faa la Comisi\u00f3n de la Verdad para cumplir la misi\u00f3n de conocer y entender qu\u00e9 pas\u00f3 durante el conflicto colombiano y el porqu\u00e9 de la violencia en Colombia &hellip;<\/p>\n","protected":false},"author":1,"featured_media":34231,"comment_status":"open","ping_status":"open","sticky":false,"template":"","format":"standard","meta":{"footnotes":""},"categories":[4,5,36],"tags":[2351,157,4545],"class_list":["post-34230","post","type-post","status-publish","format-standard","has-post-thumbnail","hentry","category-barra","category-justicia-transicional","category-la-voz-del-pueblo","tag-comision-de-la-verdad","tag-justicia-transicional-2","tag-saul-franco"],"_links":{"self":[{"href":"https:\/\/contraluzcucuta.co\/index.php?rest_route=\/wp\/v2\/posts\/34230","targetHints":{"allow":["GET"]}}],"collection":[{"href":"https:\/\/contraluzcucuta.co\/index.php?rest_route=\/wp\/v2\/posts"}],"about":[{"href":"https:\/\/contraluzcucuta.co\/index.php?rest_route=\/wp\/v2\/types\/post"}],"author":[{"embeddable":true,"href":"https:\/\/contraluzcucuta.co\/index.php?rest_route=\/wp\/v2\/users\/1"}],"replies":[{"embeddable":true,"href":"https:\/\/contraluzcucuta.co\/index.php?rest_route=%2Fwp%2Fv2%2Fcomments&post=34230"}],"version-history":[{"count":1,"href":"https:\/\/contraluzcucuta.co\/index.php?rest_route=\/wp\/v2\/posts\/34230\/revisions"}],"predecessor-version":[{"id":34232,"href":"https:\/\/contraluzcucuta.co\/index.php?rest_route=\/wp\/v2\/posts\/34230\/revisions\/34232"}],"wp:featuredmedia":[{"embeddable":true,"href":"https:\/\/contraluzcucuta.co\/index.php?rest_route=\/wp\/v2\/media\/34231"}],"wp:attachment":[{"href":"https:\/\/contraluzcucuta.co\/index.php?rest_route=%2Fwp%2Fv2%2Fmedia&parent=34230"}],"wp:term":[{"taxonomy":"category","embeddable":true,"href":"https:\/\/contraluzcucuta.co\/index.php?rest_route=%2Fwp%2Fv2%2Fcategories&post=34230"},{"taxonomy":"post_tag","embeddable":true,"href":"https:\/\/contraluzcucuta.co\/index.php?rest_route=%2Fwp%2Fv2%2Ftags&post=34230"}],"curies":[{"name":"wp","href":"https:\/\/api.w.org\/{rel}","templated":true}]}}