{"id":34222,"date":"2019-05-03T21:41:52","date_gmt":"2019-05-04T02:41:52","guid":{"rendered":"http:\/\/contraluzcucuta.co\/?p=34222"},"modified":"2019-05-03T21:41:55","modified_gmt":"2019-05-04T02:41:55","slug":"%ef%bb%bffilbo-2019-norte-de-santander-llevo-muestras-culturales-musicales-y-literarias","status":"publish","type":"post","link":"https:\/\/contraluzcucuta.co\/?p=34222","title":{"rendered":"\ufeffFiLBo 2019. Norte de Santander llev\u00f3 muestras culturales, musicales y literarias"},"content":{"rendered":"\n<p class=\"wp-block-paragraph\"><strong>C\u00daCUTA.-<\/strong> <strong>Talleres para ni\u00f1os y adultos, conversatorios, m\u00fasica en vivo y muestras art\u00edsticas de retratistas son las principales actividades para este a\u00f1o en la versi\u00f3n 32 de la Feria Internacional del Libro de Bogot\u00e1 por parte de \u00a0Norte de Santander. <\/strong><\/p>\n\n\n\n<p class=\"wp-block-paragraph\">La Secretar\u00eda de Cultura Departamental y&nbsp; la biblioteca p\u00fablica Julio P\u00e9rez Ferrero\nest\u00e1n al frente de la programaci\u00f3n. En las primeras jornadas se desarroll\u00f3, con\nni\u00f1os y j\u00f3venes de instituciones educativas de Bogot\u00e1, el Taller La Herencia, a\ncargo de Wilson Guti\u00e9rrez. <\/p>\n\n\n\n<p class=\"wp-block-paragraph\">La actividad ten\u00eda el prop\u00f3sito de\nsensibilizar a los ni\u00f1os sobre el valor de las historias de los abuelos como\nherencia inmaterial. Se hizo \u00e9nfasis en la territorialidad como\nnortesantandereanos y el contexto que se vive en la zona de frontera.<\/p>\n\n\n\n<p class=\"wp-block-paragraph\">Los escritores Andr\u00e9s Llanos, Jairo Luis\nVega, Luis Luna Maldonado y Mari\u00e1ngela Urbina exponen sus obras en la Feria.<\/p>\n\n\n\n<p class=\"wp-block-paragraph\">La colonia cucute\u00f1a en Bogot\u00e1 particip\u00f3 en la\ncelebraci\u00f3n del D\u00eda de la Nortesantandereanidad, en Corferias. En el espacio se\ndisfrut\u00f3 de manifestaciones culturales, art\u00edsticas, musicales y literarias en\nhonor al departamento.<\/p>\n\n\n\n<p class=\"wp-block-paragraph\">Otras actividades:<\/p>\n\n\n\n<p class=\"wp-block-paragraph\">1.- Concierto de la agrupaci\u00f3n musical\nCantapaz<\/p>\n\n\n\n<p class=\"wp-block-paragraph\">2.- Presentaci\u00f3n del libro Memorias del Ocio,\nde Wilson Guti\u00e9rrez<\/p>\n\n\n\n<p class=\"wp-block-paragraph\">3.- Presentaci\u00f3n en vivo de la agrupaci\u00f3n\nmusical Demasiado Ruido, como tributo a baladas, tangos y boleros.<\/p>\n\n\n\n<p class=\"wp-block-paragraph\">4.- Presentaci\u00f3n del libro \u00bfPor qu\u00e9 no pude\nrescatar a Camilo? de Gilberto Barrag\u00e1n G\u00f3mez. El acto estuvo a cargo de Rub\u00e9n\nMendieta, Marcos Daniel Aguilar y el autor. <\/p>\n\n\n\n<p class=\"wp-block-paragraph\">5.- Exposici\u00f3n de los libro El Gran Amor, de\nCicer\u00f3n Fl\u00f3rez Moya, y La Decena Roja, novela sobre la revoluci\u00f3n Mexicana, del\npoeta Porfirio Barba Jacob.<\/p>\n\n\n\n<p class=\"wp-block-paragraph\">6.- Presentaci\u00f3n de la editorial \u00c9pica\nEdiciones, con los libros:<\/p>\n\n\n\n<p class=\"wp-block-paragraph\">&#8211; La hora del olvido, de Jes\u00fas Urbina\nC\u00e1rdenas<\/p>\n\n\n\n<p class=\"wp-block-paragraph\">&#8211; Notas ocultas, de Ram\u00f3n Ruiz<\/p>\n\n\n\n<p class=\"wp-block-paragraph\">&#8211; Poes\u00eda reunida de Tirso V\u00e9lez<\/p>\n\n\n\n<p class=\"wp-block-paragraph\">&#8211; Otro Intento de Vac\u00edo<\/p>\n\n\n\n<p class=\"wp-block-paragraph\">&#8211; 100 a\u00f1os de poes\u00eda Norte de Santander, de\nSa\u00fal G\u00f3mez Mantilla.<\/p>\n","protected":false},"excerpt":{"rendered":"<p>C\u00daCUTA.- Talleres para ni\u00f1os y adultos, conversatorios, m\u00fasica en vivo y muestras art\u00edsticas de retratistas son las principales actividades para este a\u00f1o en la versi\u00f3n 32 de la Feria Internacional del Libro de Bogot\u00e1 por parte de \u00a0Norte de Santander. La Secretar\u00eda de Cultura Departamental y&nbsp; la biblioteca p\u00fablica Julio P\u00e9rez Ferrero est\u00e1n al frente &hellip;<\/p>\n","protected":false},"author":1,"featured_media":34223,"comment_status":"open","ping_status":"open","sticky":false,"template":"","format":"standard","meta":{"footnotes":""},"categories":[4,36,37],"tags":[4544],"class_list":["post-34222","post","type-post","status-publish","format-standard","has-post-thumbnail","hentry","category-barra","category-la-voz-del-pueblo","category-paseo-cultural","tag-filbo-2019"],"_links":{"self":[{"href":"https:\/\/contraluzcucuta.co\/index.php?rest_route=\/wp\/v2\/posts\/34222","targetHints":{"allow":["GET"]}}],"collection":[{"href":"https:\/\/contraluzcucuta.co\/index.php?rest_route=\/wp\/v2\/posts"}],"about":[{"href":"https:\/\/contraluzcucuta.co\/index.php?rest_route=\/wp\/v2\/types\/post"}],"author":[{"embeddable":true,"href":"https:\/\/contraluzcucuta.co\/index.php?rest_route=\/wp\/v2\/users\/1"}],"replies":[{"embeddable":true,"href":"https:\/\/contraluzcucuta.co\/index.php?rest_route=%2Fwp%2Fv2%2Fcomments&post=34222"}],"version-history":[{"count":1,"href":"https:\/\/contraluzcucuta.co\/index.php?rest_route=\/wp\/v2\/posts\/34222\/revisions"}],"predecessor-version":[{"id":34224,"href":"https:\/\/contraluzcucuta.co\/index.php?rest_route=\/wp\/v2\/posts\/34222\/revisions\/34224"}],"wp:featuredmedia":[{"embeddable":true,"href":"https:\/\/contraluzcucuta.co\/index.php?rest_route=\/wp\/v2\/media\/34223"}],"wp:attachment":[{"href":"https:\/\/contraluzcucuta.co\/index.php?rest_route=%2Fwp%2Fv2%2Fmedia&parent=34222"}],"wp:term":[{"taxonomy":"category","embeddable":true,"href":"https:\/\/contraluzcucuta.co\/index.php?rest_route=%2Fwp%2Fv2%2Fcategories&post=34222"},{"taxonomy":"post_tag","embeddable":true,"href":"https:\/\/contraluzcucuta.co\/index.php?rest_route=%2Fwp%2Fv2%2Ftags&post=34222"}],"curies":[{"name":"wp","href":"https:\/\/api.w.org\/{rel}","templated":true}]}}