{"id":34219,"date":"2019-05-03T20:14:15","date_gmt":"2019-05-04T01:14:15","guid":{"rendered":"http:\/\/contraluzcucuta.co\/?p=34219"},"modified":"2019-05-03T20:14:18","modified_gmt":"2019-05-04T01:14:18","slug":"%ef%bb%bffutbol-de-primera-cucuta-deportivo-de-la-euforia-al-desconsuelo","status":"publish","type":"post","link":"https:\/\/contraluzcucuta.co\/?p=34219","title":{"rendered":"\ufeffF\u00daTBOL DE PRIMERA. C\u00facuta Deportivo, de la euforia al desconsuelo"},"content":{"rendered":"\n<p class=\"wp-block-paragraph\"><strong>C\u00daCUTA.-<\/strong> <strong>La tristeza arrastra los pies por las calles cucute\u00f1as. La desolaci\u00f3n camina a su lado sin chistar palabra alguna. La decepci\u00f3n quiere reponerse del impacto sufrido, pero la angustia no la deja levantarse. As\u00ed amaneci\u00f3 la C\u00facuta que sigue al cuadro rojinegro y que siente como suyo al once motil\u00f3n, a pesar de que el due\u00f1o insiste en que es una empresa privada.<\/strong><\/p>\n\n\n\n<p class=\"wp-block-paragraph\">En febrero y marzo, por las v\u00edas internas de\nla capital de Norte de Santander la alegr\u00eda se paseaba oronda, la sonrisa\naparec\u00eda en cada esquina, la felicidad miraba con desd\u00e9n a los colegas de otras\nplazas y la dicha hench\u00eda el coraz\u00f3n de cada aficionado que luc\u00eda con orgullo\nla camiseta bicolor.<\/p>\n\n\n\n<p class=\"wp-block-paragraph\">En la casa de cada hincha, fiel u oportunista;\nen la oficina, en la buseta, en el parque, en el taxi, en el and\u00e9n, donde se\nencontraran dos seguidores del plantel fronterizo se hablaba el mismo idioma.\nPocos se sal\u00edan del tema para no aparecer como desconocedores del f\u00fatbol. Las\nopiniones se entrecruzaban con los sentimientos para llegar al mismo destino.<\/p>\n\n\n\n<p class=\"wp-block-paragraph\">Las jovencitas y los muchachos aprendieron a\ncomprar prendas alusivas al equipo para llevarlas al estadio o lucirlas en\ncualquier ocasi\u00f3n; los adultos desempolvaron las camisetas de campeonatos\npasados para mostrarlas en el General Santander, pon\u00e9rselas para trabajar o vestirlas\nen el diario vivir, y los ni\u00f1os cambiaron juguetes por las diminutas franelas\npara comenzar a sentir el placer de ser hincha del club, a pesar de que les\nlimitaron la entrada al escenario deportivo.<\/p>\n\n\n\n<p class=\"wp-block-paragraph\">En abril, el furor comenz\u00f3 a ceder espacio y\naparecieron la incertidumbre, la desaz\u00f3n, la incredulidad, la duda y la\ndesesperanza. Los seguidores del C\u00facuta comenzaron a perder la fe al ver c\u00f3mo\nlos resultados eran adversos jornada tras jornada. Este ambiente fue aprovechado\npor los rumores y los comentarios negativos para terminar de opacar la imagen\ndel equipo.<\/p>\n\n\n\n<p class=\"wp-block-paragraph\">\u201cSe revent\u00f3 el camerino\u201d, gritaron los celosos.\n\u201cSe acab\u00f3 la familia motilona que dej\u00f3 Pusineri\u201d, se\u00f1alaron los malpensados. \u201cSe\nformaron dos bandos: uno pro Goma Hern\u00e1ndez y otro pro Chica\u201d, manifestaron los\nsusceptibles. \u201cSe pararon los jugadores para sacar a M\u00e9ndez\u201d, indicaron los\nsuspicaces. \u201cCadena no les paga\u201d, afirmaron los quisquillosos.<\/p>\n\n\n\n<p class=\"wp-block-paragraph\">Cada afirmaci\u00f3n surg\u00eda como otro aguij\u00f3n para\naumentar el dolor entre los motilones. La prensa local pregunt\u00f3 y las respuestas\nde los l\u00edderes del equipo eran partes de tranquilidad. Sin embargo, el\nrendimiento en el campo de juego no era el mejor ni se comparaba con el del\ncomienzo de la Liga. Entre tanto, la reacci\u00f3n de los directivos fue aceptar la\nrenuncia del gerente Daza, que sirvi\u00f3 de comidilla para los avezados\ncomentaristas locales. &nbsp;<\/p>\n\n\n\n<p class=\"wp-block-paragraph\">En mayo, la estocada final se recibi\u00f3 en\nCali. Am\u00e9rica, \u00e1vido de un triunfo, sirvi\u00f3 de enterrador de las ilusiones\nrojinegras. Dos goles bastaron para echar las campanas al vuelo y que el\nrepique anunciara el final de la era Sebasti\u00e1n M\u00e9ndez. Pocas horas despu\u00e9s de\nla derrota se abri\u00f3 el sonajero de los remplazantes del t\u00e9cnico argentino y\nsurgi\u00f3 su paisano Pablo Javier Garabello como posible sustituto.<\/p>\n\n\n\n<p class=\"wp-block-paragraph\">Sobre el Gallego se escucharon reprimendas. \u201cNo\nquiso continuar con lo construido por Pusineri\u201d, \u201cse cas\u00f3 con dos jugadores y\nperdi\u00f3 autoridad en el camerino\u201d, \u201cse dej\u00f3 imponer alineaciones\u201d, \u201cinvent\u00f3 con\nla rotaci\u00f3n y no tuvo en cuenta que la n\u00f3mina no daba para ese sistema\u201d, \u201cel\nm\u00e1ximo error lo cometi\u00f3 contra Pasto, al cambiar siete titulares\u201d.<\/p>\n\n\n\n<p class=\"wp-block-paragraph\">\u201cNo esper\u00e1bamos este baj\u00f3n futbol\u00edstico\u201d,\nrespondi\u00f3 M\u00e9ndez a Omar Romero, periodista deportivo del tabloide cucute\u00f1o Q\u2019hubo.\n\u00bfSatisfechos con la respuesta del t\u00e9cnico? <\/p>\n\n\n\n<p class=\"wp-block-paragraph\">Ante este panorama enmara\u00f1ado, el presidente\nJos\u00e9 Augusto Cadena Mora, mediante comunicado de prensa, envi\u00f3 un mensaje a los\nhinchas y medios en general. \u201cLamentamos el no haber alcanzado el objetivo de\nclasificar en el grupo de los ocho mejores equipos del campeonato\u201d. Y se\ncomprometi\u00f3 a comenzar trabajos para conseguir resultados positivos en el\nsegundo semestre del a\u00f1o.<\/p>\n\n\n\n<p class=\"wp-block-paragraph\">El accionista mayor se fij\u00f3 como objetivo\nprincipal, para la Liga 2019 \u2013 2, \u201cafianzarnos en la primera divisi\u00f3n del\nf\u00fatbol profesional colombiano\u201d. Ese es el temor de los aficionados, que el\nequipo descienda. El mito urbano creado en la ciudad reza que a Cadena le sirve\nm\u00e1s estar en la B que en la A, por aquello de las ganancias multimillonarias\ncon poca inversi\u00f3n en n\u00f3mina.<\/p>\n\n\n\n<p class=\"wp-block-paragraph\">\u201cNuestro deseo como instituci\u00f3n es hacer del\nC\u00facuta Deportivo un gran equipo que represente de la mejor manera los colores\nde la regi\u00f3n, y que juntos podamos sentirnos orgullosos de nuestra historia,\nesa que seguiremos construyendo en cada partido\u201d. Lo dijo Jos\u00e9 Augusto Cadena.<\/p>\n\n\n\n<p class=\"wp-block-paragraph\">Cuando se disputen los cuadrangulares y se\njuegue la final del campeonato, por las calles cucute\u00f1as avanzar\u00e1n a paso lento\nla pena de no haber sido mejores, el desconsuelo por perder la oportunidad, la aflicci\u00f3n\nde estar lejos de la mitad de la tabla, la amargura porque se siente el respiro\ndel descenso, la melancol\u00eda por lo perdido en pocos meses, la pesadumbre por\ndesaprovechar oportunidades construidas, el quebranto por no haber consolidado\nuna n\u00f3mina competitiva, la tribulaci\u00f3n por las supercher\u00edas creadas alrededor\ndel equipo sin respuesta oficial, la desdicha por el fracaso del cuerpo t\u00e9cnico\ny la nostalgia por lo que pudo ser y no se alcanz\u00f3.<\/p>\n\n\n\n<p class=\"wp-block-paragraph\"><strong>RAFAEL\nANTONIO PAB\u00d3N<\/strong><\/p>\n\n\n\n<p class=\"wp-block-paragraph\"><strong><a href=\"mailto:rafaelpabon58@hotmail.com\">rafaelpabon58@hotmail.com<\/a><\/strong><\/p>\n","protected":false},"excerpt":{"rendered":"<p>C\u00daCUTA.- La tristeza arrastra los pies por las calles cucute\u00f1as. La desolaci\u00f3n camina a su lado sin chistar palabra alguna. La decepci\u00f3n quiere reponerse del impacto sufrido, pero la angustia no la deja levantarse. As\u00ed amaneci\u00f3 la C\u00facuta que sigue al cuadro rojinegro y que siente como suyo al once motil\u00f3n, a pesar de que &hellip;<\/p>\n","protected":false},"author":1,"featured_media":34220,"comment_status":"open","ping_status":"open","sticky":false,"template":"","format":"standard","meta":{"footnotes":""},"categories":[4,28],"tags":[4378,1396,301,2509],"class_list":["post-34219","post","type-post","status-publish","format-standard","has-post-thumbnail","hentry","category-barra","category-vistazo-deportivo","tag-cucuta-deportivo-2019","tag-dimayor","tag-futbol-profesional-colombiano","tag-jose-augusto-cadena"],"_links":{"self":[{"href":"https:\/\/contraluzcucuta.co\/index.php?rest_route=\/wp\/v2\/posts\/34219","targetHints":{"allow":["GET"]}}],"collection":[{"href":"https:\/\/contraluzcucuta.co\/index.php?rest_route=\/wp\/v2\/posts"}],"about":[{"href":"https:\/\/contraluzcucuta.co\/index.php?rest_route=\/wp\/v2\/types\/post"}],"author":[{"embeddable":true,"href":"https:\/\/contraluzcucuta.co\/index.php?rest_route=\/wp\/v2\/users\/1"}],"replies":[{"embeddable":true,"href":"https:\/\/contraluzcucuta.co\/index.php?rest_route=%2Fwp%2Fv2%2Fcomments&post=34219"}],"version-history":[{"count":1,"href":"https:\/\/contraluzcucuta.co\/index.php?rest_route=\/wp\/v2\/posts\/34219\/revisions"}],"predecessor-version":[{"id":34221,"href":"https:\/\/contraluzcucuta.co\/index.php?rest_route=\/wp\/v2\/posts\/34219\/revisions\/34221"}],"wp:featuredmedia":[{"embeddable":true,"href":"https:\/\/contraluzcucuta.co\/index.php?rest_route=\/wp\/v2\/media\/34220"}],"wp:attachment":[{"href":"https:\/\/contraluzcucuta.co\/index.php?rest_route=%2Fwp%2Fv2%2Fmedia&parent=34219"}],"wp:term":[{"taxonomy":"category","embeddable":true,"href":"https:\/\/contraluzcucuta.co\/index.php?rest_route=%2Fwp%2Fv2%2Fcategories&post=34219"},{"taxonomy":"post_tag","embeddable":true,"href":"https:\/\/contraluzcucuta.co\/index.php?rest_route=%2Fwp%2Fv2%2Ftags&post=34219"}],"curies":[{"name":"wp","href":"https:\/\/api.w.org\/{rel}","templated":true}]}}