{"id":34213,"date":"2019-05-01T21:50:50","date_gmt":"2019-05-02T02:50:50","guid":{"rendered":"http:\/\/contraluzcucuta.co\/?p=34213"},"modified":"2019-05-01T21:50:53","modified_gmt":"2019-05-02T02:50:53","slug":"%ef%bb%bffutbol-de-primera-cucuta-deportivo-en-busca-de-un-milagro-en-el-infierno","status":"publish","type":"post","link":"https:\/\/contraluzcucuta.co\/?p=34213","title":{"rendered":"\ufeffF\u00daTBOL DE PRIMERA. C\u00facuta Deportivo, en busca de un milagro en el \u2018infierno\u2019"},"content":{"rendered":"\n<p class=\"wp-block-paragraph\"><strong>C\u00daCUTA.-<\/strong> <strong>En la fecha 19 de la Liga I \u2013 2019, el C\u00facuta Deportivo ocupa la novena posici\u00f3n y visita a Am\u00e9rica de Cali, octavo en la clasificaci\u00f3n. El partido se juega en el estadio Pascual Guerrero.<\/strong><\/p>\n\n\n\n<p class=\"wp-block-paragraph\">Los dos equipos muestran panoramas distintos\nde cara al final del campeonato. Los diablos rojos buscan asegurar la presencia\nen los cuadrangulares, mientras que los rojinegros viajan con la m\u00ednima\nposibilidad de acceder al selecto grupo.<\/p>\n\n\n\n<p class=\"wp-block-paragraph\">Ayer, a \u00faltima hora, se conoci\u00f3 sobre la <a href=\"http:\/\/dimayor.com.co\/index.php\/2019\/05\/01\/resolucion-no-023-de-2019\/\">sanci\u00f3n\nimpuesta por la Dimayor<\/a> al C\u00facuta&nbsp; Deportivo&nbsp;\nF\u00fatbol&nbsp; Club&nbsp; S.A.&nbsp;\nsancionado &nbsp;con $ 14.726.268 de&nbsp; multa y cuatro fechas de&nbsp; suspensi\u00f3n&nbsp;\nparcial&nbsp; de&nbsp; la&nbsp;\nplaza,&nbsp; tribuna&nbsp; Norte,&nbsp;\nen&nbsp; la&nbsp; que&nbsp;\noficie&nbsp; como&nbsp; local por&nbsp;\nconducta&nbsp; inadecuada&nbsp; de los&nbsp;\nespectadores&nbsp; en&nbsp; el&nbsp;\npartido&nbsp; disputado&nbsp; por&nbsp;\nla&nbsp; 18\u00aa fecha&nbsp; de&nbsp;\nla&nbsp; Liga&nbsp; \u00c1guila&nbsp;\nI&nbsp; 2019&nbsp; contra&nbsp;\nel&nbsp; Club Deportes&nbsp; Tolima&nbsp;\nS.A.&nbsp; (Arts.&nbsp; 84&nbsp;\ny&nbsp; 48-5 CDU). <\/p>\n\n\n\n<p class=\"wp-block-paragraph\">El&nbsp; Comit\u00e9&nbsp; conoci\u00f3&nbsp;\nde&nbsp; los&nbsp; hechos&nbsp;\nobjeto&nbsp; de&nbsp; investigaci\u00f3n&nbsp;\npor medio&nbsp; de&nbsp; lo&nbsp;\nreportado&nbsp; por&nbsp; el comisario&nbsp;\nde&nbsp; campo&nbsp; y&nbsp;\nel&nbsp; informe&nbsp; arbitral.&nbsp;\nEl&nbsp; \u00e1rbitro&nbsp; en el&nbsp;\ninforme&nbsp; se\u00f1ala&nbsp; lo&nbsp;\nsiguiente: \u201cAl finalizar&nbsp; el&nbsp; juego,&nbsp;\ny&nbsp; cuando&nbsp; nos&nbsp;\ndirig\u00edamos&nbsp; al&nbsp; camerino,&nbsp;\ndesde&nbsp; la&nbsp; tribuna&nbsp;\nNorte&nbsp; varios aficionados nos\nlanzaron objetos contundentes (piedras, pilas y tarros con agua) con la clara\nintenci\u00f3n de agredirnos; aparte de los insultos de toda \u00edndole\u201d. <\/p>\n\n\n\n<p class=\"wp-block-paragraph\">Igualmente, el comisario de campo reconoce: \u201cAl terminar el partido, cuando\nlos \u00e1rbitros se dirigen&nbsp; al&nbsp; camerino;&nbsp;\ndesde&nbsp; la&nbsp; tribuna&nbsp;\nNorte,&nbsp; les&nbsp; lanzaron&nbsp;\nobjetos&nbsp; contundentes: (piedras,\nbotellas pl\u00e1sticas con agua, monedas), por tener t\u00fanel de protecci\u00f3n no pas\u00f3 a\nmayores\u201d.<\/p>\n\n\n\n<p class=\"wp-block-paragraph\">Leer: <a href=\"http:\/\/dimayor.com.co\/index.php\/2019\/05\/01\/resolucion-no-023-de-2019\/\">RESOLUCI\u00d3N\nNO. 023 DE 2019<\/a><\/p>\n\n\n\n<p class=\"wp-block-paragraph\">La Sociedad C\u00facuta Deportivo F\u00fatbol Club S.A. inform\u00f3 &nbsp;que por motivos personales el ingeniero\nGustavo Adolfo Daza desempe\u00f1\u00f3 el cargo de gerente deportivo hasta el 30 de\nabril. En un escueto comunicado agradeci\u00f3 el aporte brindado durante los\n\u00faltimos a\u00f1os y le dese\u00f3 \u00e9xitos en los futuros proyectos personales y\nprofesionales.<\/p>\n\n\n\n<p class=\"wp-block-paragraph\">La \u00faltima vez que se enfrentaron C\u00facuta\nDeportivo y Am\u00e9rica de Cali ocurri\u00f3 en el 2016, en disputa del torneo de la B. El\npartido se llev\u00f3 a cabo en el Pascual Guerrero y termin\u00f3 igualado a un tanto.<\/p>\n\n\n\n<p class=\"wp-block-paragraph\">La \u00faltima victoria (2-0) del once fronterizo\nfrente a los escarlatas fue en el 2016, en duelo v\u00e1lido por el torneo del\nfutbol profesional colombiano en el estadio General Santander.<\/p>\n\n\n\n<p class=\"wp-block-paragraph\">Este 2 de mayo, se cumplen nueve a\u00f1os de la\n\u00faltima victoria (3-0) que logr\u00f3 el C\u00facuta Deportivo sobre Am\u00e9rica de Cali en\nprimera divisi\u00f3n. En esa ocasi\u00f3n jugaron en el coloso de Lleras.<\/p>\n\n\n\n<p class=\"wp-block-paragraph\">Un duelo vibrante se espera en el Pascual\nGuerrero protagonizado por dos equipos hist\u00f3ricos que vuelven a verse las caras\nen busca del cupo.<\/p>\n\n\n\n<p class=\"wp-block-paragraph\">Am\u00e9rica mantiene el invicto de cinco partidos como local ante C\u00facuta en\nPrimera A, con cuatro victorias y un empate. El cuadro vallecaucano suma un\npunto de los \u00faltimos nueve disputados como local en el Apertura 2019, algo que\nle ocurre por segunda ocasi\u00f3n desde que regres\u00f3 a la categor\u00eda en 2017.<\/p>\n\n\n\n<p class=\"wp-block-paragraph\">C\u00facuta perdi\u00f3 siete de los \u00faltimos nueve partidos en el Apertura 2019,\nesto luego de solo caer en uno de los anteriores nueve (6V 2E).<\/p>\n\n\n\n<p class=\"wp-block-paragraph\">Fernando Aristeguieta es el goleador (10) de Am\u00e9rica en el Apertura 2019;\nsin embargo, anot\u00f3 solo uno en los \u00faltimos siete partidos. C\u00facuta Deportivo\nno domin\u00f3 la posesi\u00f3n del bal\u00f3n en los \u00faltimos cuatro partidos del Apertura\n2019, lo hab\u00eda conseguido en los cuatro juegos anteriores.<\/p>\n\n\n\n<p class=\"wp-block-paragraph\">Para el compromiso de este jueves el profesor\nSebasti\u00e1n M\u00e9ndez convoc\u00f3 a los siguientes jugadores: <\/p>\n\n\n\n<p class=\"wp-block-paragraph\">Juan Camilo Chaverra, Jhonny Da Silva, Darwin\nCarrero, Jos\u00e9 Orlando P\u00e9rez, Luis Ortiz, Braynner Garc\u00eda, Mauricio Duarte,\nHenry Obando, James Castro, Harrinson Mancilla, Diego Chica, Mat\u00edas P\u00e9rez,\nMateo Mu\u00f1oz, Jefferson Solano, Luis Miranda, Antony Velasco, Wilberto Cosme y\nJhonathan Agudelo. <\/p>\n\n\n\n<p class=\"wp-block-paragraph\">Sumar tres puntos es la consigna del plantel\nmotil\u00f3n para llegar con posibilidades de clasificaci\u00f3n a los cuadrangulares en\nla \u00faltima fecha del campeonato, contra Junior, y as\u00ed recuperar el terreno\ncedido en la tabla del descenso.<\/p>\n\n\n\n<p class=\"wp-block-paragraph\">La terna arbitral es la siguiente:<\/p>\n\n\n\n<p class=\"wp-block-paragraph\">Central: Gustavo Murillo \u2013 Choc\u00f3<\/p>\n\n\n\n<p class=\"wp-block-paragraph\">Asistente 1: David Fuentes \u2013 Cesar<\/p>\n\n\n\n<p class=\"wp-block-paragraph\">Asistente 2: Fredy Moyano \u2013 Asocafa<\/p>\n\n\n\n<p class=\"wp-block-paragraph\">Emergente: Carlos Betancur \u2013 Valle<\/p>\n\n\n\n<p class=\"wp-block-paragraph\">El compromiso comienza a las 8:15 de la noche\ny tendr\u00e1 trasmisi\u00f3n del canal Win Sports.<\/p>\n","protected":false},"excerpt":{"rendered":"<p>C\u00daCUTA.- En la fecha 19 de la Liga I \u2013 2019, el C\u00facuta Deportivo ocupa la novena posici\u00f3n y visita a Am\u00e9rica de Cali, octavo en la clasificaci\u00f3n. El partido se juega en el estadio Pascual Guerrero. Los dos equipos muestran panoramas distintos de cara al final del campeonato. Los diablos rojos buscan asegurar la &hellip;<\/p>\n","protected":false},"author":1,"featured_media":34214,"comment_status":"open","ping_status":"open","sticky":false,"template":"","format":"standard","meta":{"footnotes":""},"categories":[4,28],"tags":[2972,4378,301,4412],"class_list":["post-34213","post","type-post","status-publish","format-standard","has-post-thumbnail","hentry","category-barra","category-vistazo-deportivo","tag-america-de-cali","tag-cucuta-deportivo-2019","tag-futbol-profesional-colombiano","tag-liga-aguila-2019"],"_links":{"self":[{"href":"https:\/\/contraluzcucuta.co\/index.php?rest_route=\/wp\/v2\/posts\/34213","targetHints":{"allow":["GET"]}}],"collection":[{"href":"https:\/\/contraluzcucuta.co\/index.php?rest_route=\/wp\/v2\/posts"}],"about":[{"href":"https:\/\/contraluzcucuta.co\/index.php?rest_route=\/wp\/v2\/types\/post"}],"author":[{"embeddable":true,"href":"https:\/\/contraluzcucuta.co\/index.php?rest_route=\/wp\/v2\/users\/1"}],"replies":[{"embeddable":true,"href":"https:\/\/contraluzcucuta.co\/index.php?rest_route=%2Fwp%2Fv2%2Fcomments&post=34213"}],"version-history":[{"count":1,"href":"https:\/\/contraluzcucuta.co\/index.php?rest_route=\/wp\/v2\/posts\/34213\/revisions"}],"predecessor-version":[{"id":34215,"href":"https:\/\/contraluzcucuta.co\/index.php?rest_route=\/wp\/v2\/posts\/34213\/revisions\/34215"}],"wp:featuredmedia":[{"embeddable":true,"href":"https:\/\/contraluzcucuta.co\/index.php?rest_route=\/wp\/v2\/media\/34214"}],"wp:attachment":[{"href":"https:\/\/contraluzcucuta.co\/index.php?rest_route=%2Fwp%2Fv2%2Fmedia&parent=34213"}],"wp:term":[{"taxonomy":"category","embeddable":true,"href":"https:\/\/contraluzcucuta.co\/index.php?rest_route=%2Fwp%2Fv2%2Fcategories&post=34213"},{"taxonomy":"post_tag","embeddable":true,"href":"https:\/\/contraluzcucuta.co\/index.php?rest_route=%2Fwp%2Fv2%2Ftags&post=34213"}],"curies":[{"name":"wp","href":"https:\/\/api.w.org\/{rel}","templated":true}]}}