{"id":34210,"date":"2019-05-01T21:20:33","date_gmt":"2019-05-02T02:20:33","guid":{"rendered":"http:\/\/contraluzcucuta.co\/?p=34210"},"modified":"2019-05-01T21:20:37","modified_gmt":"2019-05-02T02:20:37","slug":"puestos-de-mando-unificado-se-mantendra-monitoreo-de-la-situacion-en-venezuela","status":"publish","type":"post","link":"https:\/\/contraluzcucuta.co\/?p=34210","title":{"rendered":"PUESTOS DE MANDO UNIFICADO.   Se mantendr\u00e1 monitoreo de la situaci\u00f3n en Venezuela"},"content":{"rendered":"\n<p class=\"wp-block-paragraph\"><strong>BOGOT\u00c1.-<\/strong> <strong>Los Puestos de Mando Unificado de Frontera, ubicados en C\u00facuta, La Guajira y Arauca, se reunieron por instrucciones del presidente Iv\u00e1n Duque con el fin de monitorear las posibles afectaciones en la frontera por los \u00faltimos hechos ocurridos en Venezuela.<\/strong><\/p>\n\n\n\n<p class=\"wp-block-paragraph\">La reuni\u00f3n tuvo la participaci\u00f3n\nde entidades nacionales y locales, y fue coordinada desde la Sala de Crisis de\nla Unidad Nacional para la Gesti\u00f3n del Riesgo de Desastres. La Ungrd inform\u00f3\nque, seg\u00fan el reporte de orden p\u00fablico en frontera y de flujos migratorios en\nlos puntos habilitados, no se present\u00f3 novedad especial. El monitoreo de la\nsituaci\u00f3n se mantendr\u00e1.<\/p>\n\n\n\n<p class=\"wp-block-paragraph\">El ministro de Relaciones\nExteriores, Carlos Holmes Trujillo, hizo la siguiente declaraci\u00f3n, luego de una\nconferencia en la Universidad del Rosario, en Bogot\u00e1, a prop\u00f3sito de la\nsituaci\u00f3n en Venezuela:<\/p>\n\n\n\n<p class=\"wp-block-paragraph\">\u201cLos pa\u00edses del Grupo de Lima\nhemos hecho un llamado a la fuerza armada nacional de Venezuela para que\nmanifieste su lealtad al Presidente encargado Juan Guaid\u00f3, en su funci\u00f3n\nconstitucional de comandante y jefe de la misma, y los hemos exhortado a que,\nfieles a su mandato constitucional de estar al servicio exclusivo de la naci\u00f3n\ny no al de una persona, cesen de servir como de instrumento del r\u00e9gimen\nileg\u00edtimo para la opresi\u00f3n del pueblo venezolano y la violaci\u00f3n sistem\u00e1tica de\nsus derechos humanos.<\/p>\n\n\n\n<p class=\"wp-block-paragraph\">Esto lo ha reiterado el Grupo de\nLima en la Declaraci\u00f3n de Ottawa y en la reciente Declaraci\u00f3n de Bogot\u00e1.\nTambi\u00e9n, desde la primera declaraci\u00f3n y, reiteradamente, pr\u00e1cticamente en todas\nlas declaraciones hemos condenado, de manera en\u00e9rgica, la existencia de presos\npol\u00edticos y exigido su liberaci\u00f3n inmediata, lo cual constituye una condici\u00f3n\nindispensable para el regreso de la democracia.<\/p>\n\n\n\n<p class=\"wp-block-paragraph\">En igual forma hemos hecho\nresponsables personalmente a Nicol\u00e1s Maduro por la vida, libertad e integridad\nde los miembros de la Asamblea Nacional, de los familiares de estos, de Juan\nGuaid\u00f3, de los familiares del Presidente encargado, de todos los dirigentes\ndemocr\u00e1ticos y, naturalmente, de la integridad y la vida de los ciudadanos\nvenezolanos que aspiran a que su pa\u00eds viva nuevamente en democracia y libertad.<\/p>\n\n\n\n<p class=\"wp-block-paragraph\">Hoy, a ra\u00edz de los\nacontecimientos que tienen lugar en Venezuela, hemos estado,&nbsp; desde muy\ntemprano, en contacto con todos los pa\u00edses miembros del Grupo de Lima, a fin de\nconvocar una reuni\u00f3n de emergencia que nos permita continuar apoyando, con toda\ndecisi\u00f3n, el regreso de la democracia y la libertad a ese hermano pa\u00eds\u201d.<\/p>\n","protected":false},"excerpt":{"rendered":"<p>BOGOT\u00c1.- Los Puestos de Mando Unificado de Frontera, ubicados en C\u00facuta, La Guajira y Arauca, se reunieron por instrucciones del presidente Iv\u00e1n Duque con el fin de monitorear las posibles afectaciones en la frontera por los \u00faltimos hechos ocurridos en Venezuela. La reuni\u00f3n tuvo la participaci\u00f3n de entidades nacionales y locales, y fue coordinada desde &hellip;<\/p>\n","protected":false},"author":1,"featured_media":34211,"comment_status":"open","ping_status":"open","sticky":false,"template":"","format":"standard","meta":{"footnotes":""},"categories":[4,6],"tags":[1164,4541],"class_list":["post-34210","post","type-post","status-publish","format-standard","has-post-thumbnail","hentry","category-barra","category-ojo-avizor","tag-crisis-en-venezuela","tag-puestos-de-mando-unificado"],"_links":{"self":[{"href":"https:\/\/contraluzcucuta.co\/index.php?rest_route=\/wp\/v2\/posts\/34210","targetHints":{"allow":["GET"]}}],"collection":[{"href":"https:\/\/contraluzcucuta.co\/index.php?rest_route=\/wp\/v2\/posts"}],"about":[{"href":"https:\/\/contraluzcucuta.co\/index.php?rest_route=\/wp\/v2\/types\/post"}],"author":[{"embeddable":true,"href":"https:\/\/contraluzcucuta.co\/index.php?rest_route=\/wp\/v2\/users\/1"}],"replies":[{"embeddable":true,"href":"https:\/\/contraluzcucuta.co\/index.php?rest_route=%2Fwp%2Fv2%2Fcomments&post=34210"}],"version-history":[{"count":1,"href":"https:\/\/contraluzcucuta.co\/index.php?rest_route=\/wp\/v2\/posts\/34210\/revisions"}],"predecessor-version":[{"id":34212,"href":"https:\/\/contraluzcucuta.co\/index.php?rest_route=\/wp\/v2\/posts\/34210\/revisions\/34212"}],"wp:featuredmedia":[{"embeddable":true,"href":"https:\/\/contraluzcucuta.co\/index.php?rest_route=\/wp\/v2\/media\/34211"}],"wp:attachment":[{"href":"https:\/\/contraluzcucuta.co\/index.php?rest_route=%2Fwp%2Fv2%2Fmedia&parent=34210"}],"wp:term":[{"taxonomy":"category","embeddable":true,"href":"https:\/\/contraluzcucuta.co\/index.php?rest_route=%2Fwp%2Fv2%2Fcategories&post=34210"},{"taxonomy":"post_tag","embeddable":true,"href":"https:\/\/contraluzcucuta.co\/index.php?rest_route=%2Fwp%2Fv2%2Ftags&post=34210"}],"curies":[{"name":"wp","href":"https:\/\/api.w.org\/{rel}","templated":true}]}}