{"id":34207,"date":"2019-05-01T11:26:47","date_gmt":"2019-05-01T16:26:47","guid":{"rendered":"http:\/\/contraluzcucuta.co\/?p=34207"},"modified":"2019-05-01T11:26:50","modified_gmt":"2019-05-01T16:26:50","slug":"crisis-en-venezuela-guaido-aumenta-la-presion-sobre-el-gobierno-pero-maduro-sigue-en-el-poder","status":"publish","type":"post","link":"https:\/\/contraluzcucuta.co\/?p=34207","title":{"rendered":"CRISIS EN VENEZUELA. Guaid\u00f3 aumenta la presi\u00f3n sobre el gobierno, pero Maduro sigue en el poder"},"content":{"rendered":"\n<p class=\"wp-block-paragraph\"><strong>Juan Guaid\u00f3, el l\u00edder de la oposici\u00f3n de Venezuela, ejecut\u00f3 su plan m\u00e1s audaz hasta el momento: al amanecer, rodeado de soldados en una base militar de la fuerza a\u00e9rea en el coraz\u00f3n de Caracas, anunci\u00f3 que todo estaba listo para la rebeli\u00f3n.<\/strong><\/p>\n\n\n\n<p class=\"wp-block-paragraph\">Las fuerzas de seguridad que lo apoyan hab\u00edan\nliberado a Leopoldo L\u00f3pez, el preso pol\u00edtico m\u00e1s famoso del pa\u00eds. Miembros de\nla guardia nacional flanqueaban a Guaid\u00f3 mientras otros se un\u00edan a las marchas\npara apoyar a los manifestantes que muchos de ellos mismos hab\u00edan reprimido\ndurante a\u00f1os.<\/p>\n\n\n\n<p class=\"wp-block-paragraph\">En las calles, los manifestantes opositores\nse enfrentaron a las fuerzas leales al presidente Nicol\u00e1s Maduro en medio de\nreportes de acciones represivas con balas de goma, gases lacrim\u00f3genos y\nmuniciones militares. Una cl\u00ednica en Caracas atendi\u00f3 a 69 personas heridas\ndurante el d\u00eda. Un veh\u00edculo blindado embisti\u00f3 a los manifestantes, pero no\nqued\u00f3 claro cu\u00e1ntas personas resultaron heridas.<\/p>\n\n\n\n<p class=\"wp-block-paragraph\">Sin embargo, al final del d\u00eda, Guaid\u00f3 no\nalcanz\u00f3 su objetivo: el derrocamiento de Maduro, quien ha confiado en la fuerza\nde las armas, la intimidaci\u00f3n y unas elecciones ampliamente desacreditadas para\npermanecer en el poder.<\/p>\n\n\n\n<p class=\"wp-block-paragraph\">Los sucesos de esta jornada muestran la\ndivisi\u00f3n dentro de las fuerzas armadas, lo que ubica a Venezuela en una\nposici\u00f3n precaria mientras empeora la crisis pol\u00edtica. Aunque los rangos m\u00e1s\naltos del ej\u00e9rcito se afanan en demostrar su apoyo al gobierno, muchos soldados\nparecen dispuestos a desafiar a sus comandantes y acudir en ayuda de la\noposici\u00f3n.<\/p>\n\n\n\n<p class=\"wp-block-paragraph\">\u201cCreo que al final lo que veremos es que\ntanto el gobierno como la oposici\u00f3n se dar\u00e1n cuenta de que no ten\u00edan tanto\napoyo como pensaban\u201d, dijo Geoff Ramsey, analista experto en Venezuela de la\nOficina en Washington para Asuntos Latinoamericanos (WOLA), un grupo de\nderechos humanos.<\/p>\n\n\n\n<p class=\"wp-block-paragraph\">La apuesta de Guaid\u00f3 fue arriesgada: tomar la\nbase a\u00e9rea General\u00edsimo Francisco de Miranda, ubicada en el coraz\u00f3n de Caracas.\nSe esperaba que el profundo simbolismo de ese acto ayudar\u00eda a impulsar un\nmovimiento de soldados y ciudadanos que acabar\u00eda con el gobierno autoritario de\nMaduro.<\/p>\n\n\n\n<p class=\"wp-block-paragraph\">Inmediatamente, Estados Unidos apoy\u00f3 a la\noposici\u00f3n y el presidente: el vicepresidente y otros funcionarios manifestaron\np\u00fablicamente su aprobaci\u00f3n en Twitter. Donald Trump amenaz\u00f3 con un \u201cembargo\ntotal\u201d a Cuba si no se paralizaba lo que calific\u00f3 como \u201coperaciones militares y\nde otro tipo con el prop\u00f3sito de causar la muerte y destrucci\u00f3n de la Constituci\u00f3n\nde Venezuela\u201d.<\/p>\n\n\n\n<p class=\"wp-block-paragraph\">Resulta claro que el gobierno estadounidense,\nque ha respaldado a Guaid\u00f3 desde que impugn\u00f3 la autoridad de Maduro a\nprincipios de a\u00f1o, pens\u00f3 que el d\u00eda se desarrollar\u00eda de una manera diferente.<\/p>\n\n\n\n<p class=\"wp-block-paragraph\">El secretario de Estado, Mike Pompeo, fue\nentrevistado en CNN y dijo que en las \u00faltimas semanas se hab\u00eda enterado de que\n\u201cl\u00edderes de alto rango dentro del gobierno de Maduro estaban preparados para\nirse\u201d. Tambi\u00e9n asegur\u00f3 que Maduro \u201cten\u00eda un avi\u00f3n en la pista, estaba listo\npara irse esta ma\u00f1ana, pero los rusos le dijeron que deb\u00eda quedarse\u201d. Sin\nembargo, no ofreci\u00f3 pruebas de lo dicho.<\/p>\n\n\n\n<p class=\"wp-block-paragraph\">John Bolton, el asesor de seguridad nacional\nde la Casa Blanca, dijo que los funcionarios del gobierno de Maduro se hab\u00edan\ncomprometido a transferir el poder a Guaid\u00f3. Los identific\u00f3 como Vladimir\nPadrino L\u00f3pez, el ministro de Defensa; Maikel Moreno, presidente del Tribunal\nSupremo de Justicia, y \u200b\u200bRafael Hern\u00e1ndez\nDala, el comandante de la guardia presidencial de Maduro.<\/p>\n\n\n\n<p class=\"wp-block-paragraph\">\u201cTodos estuvieron de acuerdo en que Maduro se\nten\u00eda que ir\u201d, dijo Bolton. Pero el martes tanto Padrino como Moreno salieron\np\u00fablicamente en defensa del gobierno.<\/p>\n\n\n\n<p class=\"wp-block-paragraph\">Desde enero, Guaid\u00f3 ha liderado una suerte de\ngobierno paralelo que cuenta con el apoyo de m\u00e1s de cincuenta pa\u00edses, incluido\nEstados Unidos, aunque Maduro sigue siendo el l\u00edder oficial del pa\u00eds. Pero, a\npesar de su baja popularidad, el impulso de la oposici\u00f3n se ha debilitado\nporque Guaid\u00f3 no ha logrado destituir al actual mandatario ni resolver la\nescasez de alimentos, medicinas, agua y energ\u00eda que afectan a los 30 millones\nde habitantes del pa\u00eds.<\/p>\n\n\n\n<p class=\"wp-block-paragraph\">La posibilidad de que los altos mandos\nmilitares apoyaran a la oposici\u00f3n el martes, parece haberse desvanecido a\nprimera hora de la tarde cuando el ministro Padrino L\u00f3pez apareci\u00f3 en televisi\u00f3n\ny calific\u00f3 el acto como un \u201cintento de golpe de Estado\u201d.<\/p>\n\n\n\n<p class=\"wp-block-paragraph\">El ministro de Defensa tambi\u00e9n apareci\u00f3\nflanqueado por soldados que juraron lealtad a Maduro y prometieron capturar a\nlos responsables.<\/p>\n\n\n\n<p class=\"wp-block-paragraph\">Por la tarde, se difundi\u00f3 otra informaci\u00f3n\nque afecta a la oposici\u00f3n: Leopoldo L\u00f3pez, el preso pol\u00edtico que lidera\nVoluntad Popular, el partido de Guaid\u00f3, se hab\u00eda refugiado en la embajada\nchilena, junto con su esposa, Lilian Tintori, y su hija. Solo unas horas antes,\nL\u00f3pez hab\u00eda aparecido en la calle luego de ser liberado del arresto\ndomiciliario impuesto por el gobierno de Maduro.<\/p>\n\n\n\n<p class=\"wp-block-paragraph\">Muchos venezolanos dijeron que se estaban\npreparando para un nuevo y largo enfrentamiento entre Maduro y Guaid\u00f3, cuyo\nresultado es dif\u00edcil de predecir.<\/p>\n\n\n\n<p class=\"wp-block-paragraph\">\u201cCreo que esto es muy importante, pero noto\napat\u00eda y miedo en la gente\u201d, dijo una manifestante, Mary Galaviz, de 69 a\u00f1os.\n\u201cNo debemos tener miedo. En la guerra hay muerte, pero se cumplen los\nobjetivos\u201d.<\/p>\n\n\n\n<p class=\"wp-block-paragraph\">M\u00edriam Segovia, de 52 a\u00f1os, otra manifestante\nen los alrededores de la base, dijo esperar que las fuerzas armadas \u201cse pongan\ndel lado de la constituci\u00f3n\u201d para as\u00ed \u201cescapar de la miseria, el hambre y la\nfalta de medicinas\u201d. Sin embargo, la respuesta de los militares fue muy\nimprovisada y ca\u00f3tica.<\/p>\n\n\n\n<p class=\"wp-block-paragraph\">En un video transmitido en l\u00ednea, se pod\u00eda\nver c\u00f3mo un veh\u00edculo blindado de las fuerzas armadas aceleraba contra un grupo\nde manifestantes y dej\u00f3 al menos una persona tendida en la avenida. En una\nserie de im\u00e1genes pod\u00eda verse a otro veh\u00edculo blindado que aparentemente\narrollaba a un manifestante.<\/p>\n\n\n\n<p class=\"wp-block-paragraph\">Cerca de la base militar pod\u00edan verse latas\nde gases lacrim\u00f3genos, donde se hab\u00edan reunido unas dos mil personas al\nmediod\u00eda. Cerca de doscientas personas se reunieron cerca del palacio\npresidencial de Miraflores, en Caracas, en apoyo al gobierno de Maduro. Algunos\nestaban armados.<\/p>\n\n\n\n<p class=\"wp-block-paragraph\">Al menos 69 personas resultaron heridas,\nseg\u00fan Salud Chacao, uno de los centros asistenciales que las atendieron.<\/p>\n\n\n\n<p class=\"wp-block-paragraph\">Las escenas provocaron la reprobaci\u00f3n de los\ngobiernos de la regi\u00f3n. Once pa\u00edses, incluidos Colombia y Brasil, emitieron una\ndeclaraci\u00f3n en la que denunciaban lo que calificaron como \u201cel uso\nindiscriminado de la violencia para reprimir el proceso de transici\u00f3n\u201d.<\/p>\n\n\n\n<p class=\"wp-block-paragraph\">Los pa\u00edses, conocidos regionalmente como el\nGrupo de Lima, alentaron a los militares a respaldar a Guaid\u00f3 y convocaron una\nreuni\u00f3n el 3 de mayo para discutir la situaci\u00f3n.<\/p>\n\n\n\n<p class=\"wp-block-paragraph\">Roc\u00edo San Miguel, analista venezolana de\ntemas de seguridad, dijo que Guaid\u00f3 no hab\u00eda logrado que la mayor\u00eda de las\nfuerzas armadas cambiaran de bando.<\/p>\n\n\n\n<p class=\"wp-block-paragraph\">\u201cTom\u00f3 doce horas, pero vimos que el\nequilibrio de poder no ha cambiado\u201d, explic\u00f3 San Miguel. \u201cAl final, ninguno de\nlos comandantes m\u00e1s importantes se unieron a la oposici\u00f3n\u201d.<\/p>\n\n\n\n<p class=\"wp-block-paragraph\">Pero tambi\u00e9n dijo que era revelador que las\nfuerzas armadas no hab\u00edan arrestado a Guaid\u00f3 ni a L\u00f3pez, presumiblemente por\ntemor a una reacci\u00f3n violenta por detener a esos l\u00edderes populares. \u201cEsta\nsituaci\u00f3n tampoco es f\u00e1cil para Maduro\u201d, coment\u00f3.<\/p>\n\n\n\n<p class=\"wp-block-paragraph\">El destino de L\u00f3pez, quien estuvo en la\nembajada chilena antes de trasladarse a la sede diplom\u00e1tica de Espa\u00f1a, tambi\u00e9n\nse vislumbra como un nuevo reto en la crisis pol\u00edtica.<\/p>\n\n\n\n<p class=\"wp-block-paragraph\">L\u00f3pez fue condenado a casi catorce a\u00f1os\ndespu\u00e9s de haber dirigido las protestas contra Maduro en 2014. Por la ma\u00f1ana,\nlos venezolanos amanecieron con la noticia de que estaba libre y lo vieron de\npie junto a Guaid\u00f3, mientras aseguraba que los soldados que apoyaban a la\noposici\u00f3n lo hab\u00edan liberado.<\/p>\n\n\n\n<p class=\"wp-block-paragraph\">\u201cEste es un movimiento de la gente con las\nfuerzas armadas\u201d, les dijo a los reporteros. Pero por la tarde, el ministro de\nRelaciones Exteriores de Chile, Roberto Ampuero, dijo que L\u00f3pez, su esposa y su\nhija estaban en la embajada chilena \u201ccomo invitados\u201d. Freddy Guevara, un\nlegislador de la oposici\u00f3n, tambi\u00e9n busc\u00f3 refugio en la residencia del\nembajador de Chile en noviembre de 2017 y permanece all\u00ed. Despu\u00e9s Ampuero\nanunci\u00f3 en Twitter que L\u00f3pez y su familia hab\u00edan decidido trasladarse a la\nembajada de Espa\u00f1a por \u201cdecisi\u00f3n personal\u201d.<\/p>\n\n\n\n<p class=\"wp-block-paragraph\">Luego de esta jornada hay menos claridad en\nla pol\u00edtica venezolana, dijo Dimitris Pantoulas, un analista pol\u00edtico en\nCaracas. Al solo obligar a L\u00f3pez a esconderse, Maduro no acab\u00f3 con el desaf\u00edo\nde Guaid\u00f3 ni tuvo la oportunidad de ganar terreno al liberar a un l\u00edder\npopular. \u201cNing\u00fan lado puede imponerse sobre el otro\u201d, dijo.<\/p>\n\n\n\n<p class=\"wp-block-paragraph\"><strong>NICHOLAS\nCASEY<\/strong><\/p>\n\n\n\n<p class=\"wp-block-paragraph\"><strong>Colaboraron\ncon este reportaje:<\/strong><\/p>\n\n\n\n<p class=\"wp-block-paragraph\"><strong>Isayen\nHerrera &#8211; Caracas<\/strong><\/p>\n\n\n\n<p class=\"wp-block-paragraph\"><strong>Ana\nVanessa Herrero &#8211; Miami<\/strong><\/p>\n\n\n\n<p class=\"wp-block-paragraph\"><strong>Anatoly\nKurmanaev &#8211; C\u00facuta (Colombia)<\/strong><\/p>\n\n\n\n<p class=\"wp-block-paragraph\"><strong>Katie\nRogers &#8211; Washington.<\/strong><\/p>\n","protected":false},"excerpt":{"rendered":"<p>Juan Guaid\u00f3, el l\u00edder de la oposici\u00f3n de Venezuela, ejecut\u00f3 su plan m\u00e1s audaz hasta el momento: al amanecer, rodeado de soldados en una base militar de la fuerza a\u00e9rea en el coraz\u00f3n de Caracas, anunci\u00f3 que todo estaba listo para la rebeli\u00f3n. Las fuerzas de seguridad que lo apoyan hab\u00edan liberado a Leopoldo L\u00f3pez, &hellip;<\/p>\n","protected":false},"author":1,"featured_media":34208,"comment_status":"open","ping_status":"open","sticky":false,"template":"","format":"standard","meta":{"footnotes":""},"categories":[1326,45,4],"tags":[1164,4424,682,3146],"class_list":["post-34207","post","type-post","status-publish","format-standard","has-post-thumbnail","hentry","category-crisis-en-venezuela-2","category-destacado","category-barra","tag-crisis-en-venezuela","tag-juan-guaido","tag-nicolas-maduro","tag-nytimes"],"_links":{"self":[{"href":"https:\/\/contraluzcucuta.co\/index.php?rest_route=\/wp\/v2\/posts\/34207","targetHints":{"allow":["GET"]}}],"collection":[{"href":"https:\/\/contraluzcucuta.co\/index.php?rest_route=\/wp\/v2\/posts"}],"about":[{"href":"https:\/\/contraluzcucuta.co\/index.php?rest_route=\/wp\/v2\/types\/post"}],"author":[{"embeddable":true,"href":"https:\/\/contraluzcucuta.co\/index.php?rest_route=\/wp\/v2\/users\/1"}],"replies":[{"embeddable":true,"href":"https:\/\/contraluzcucuta.co\/index.php?rest_route=%2Fwp%2Fv2%2Fcomments&post=34207"}],"version-history":[{"count":1,"href":"https:\/\/contraluzcucuta.co\/index.php?rest_route=\/wp\/v2\/posts\/34207\/revisions"}],"predecessor-version":[{"id":34209,"href":"https:\/\/contraluzcucuta.co\/index.php?rest_route=\/wp\/v2\/posts\/34207\/revisions\/34209"}],"wp:featuredmedia":[{"embeddable":true,"href":"https:\/\/contraluzcucuta.co\/index.php?rest_route=\/wp\/v2\/media\/34208"}],"wp:attachment":[{"href":"https:\/\/contraluzcucuta.co\/index.php?rest_route=%2Fwp%2Fv2%2Fmedia&parent=34207"}],"wp:term":[{"taxonomy":"category","embeddable":true,"href":"https:\/\/contraluzcucuta.co\/index.php?rest_route=%2Fwp%2Fv2%2Fcategories&post=34207"},{"taxonomy":"post_tag","embeddable":true,"href":"https:\/\/contraluzcucuta.co\/index.php?rest_route=%2Fwp%2Fv2%2Ftags&post=34207"}],"curies":[{"name":"wp","href":"https:\/\/api.w.org\/{rel}","templated":true}]}}