{"id":34195,"date":"2019-04-28T14:33:48","date_gmt":"2019-04-28T19:33:48","guid":{"rendered":"http:\/\/contraluzcucuta.co\/?p=34195"},"modified":"2019-04-28T14:33:50","modified_gmt":"2019-04-28T19:33:50","slug":"notas-al-margen-a-la-frontera-le-llego-la-hora-del-cambio-y-de-la-trasformacion","status":"publish","type":"post","link":"https:\/\/contraluzcucuta.co\/?p=34195","title":{"rendered":"NOTAS Al MARGEN. A la frontera le lleg\u00f3 la hora del cambio y de la trasformaci\u00f3n"},"content":{"rendered":"\n<p class=\"wp-block-paragraph\">1.- Los encuentros, di\u00e1logos y b\u00fasqueda de\nsoluciones para encarar el reto del futuro local, regional y fronterizo, con\nopciones a propuestas de amplio espectro y posibilidades, constituyeron la\nmotivaci\u00f3n y los registros m\u00e1s importantes en los finales de abril y con la\nasistencia y la participaci\u00f3n de miembros del alto gobierno y voceros de\nagencias y corporaciones nacionales e internacionales, junto a miembros\ndistinguidos de Venezuela y en especial del Estado T\u00e1chira.<\/p>\n\n\n\n<p class=\"wp-block-paragraph\">Eso, m\u00e1s las tem\u00e1ticas objeto de\nconsideraci\u00f3n y an\u00e1lisis para gestiones y labores que propugnan por el\ndesarrollo y el mejoramiento colectivo, provocan positivas referencias y\nreacciones, porque en esencia es la b\u00fasqueda de la uni\u00f3n integracionista y de\nla labor en equipo, para llenar el vac\u00edo que nos han dejado el exagerado\nindividualismo, la ausencia de una constante valoraci\u00f3n de realidades y el no\naprovechamiento de la ubicaci\u00f3n geoestrat\u00e9gica, las ventajas comparativas\nexistentes &#8211; pero no utilizadas &#8211; y la exagerada atenci\u00f3n a conocer el precio\ndel bol\u00edvar y del d\u00f3lar, sin otorgarle presencia y contenido a una vecindad\nimportante y a unas interrelaciones y entendimientos que se desplacen y proyecten&nbsp; hacia el futuro y en todos los campos y actividades.<\/p>\n\n\n\n<p class=\"wp-block-paragraph\">Adem\u00e1s: volver a escuchar el inter\u00e9s de\nprogramar reuniones y encuentros entre organismos y entidades representativos y\nactuantes para apoyar y dar cabida a iniciativas y entendimientos que\ncomprometen a todo el conjunto y habilitan hacia nuevos retos y senderos, vinculando\na las universidades y estimulando todo aquello que se requiere en innovaci\u00f3n, tecnificaci\u00f3n,\nmodernidad&nbsp; y generaci\u00f3n de fuentes de\ntrabajo y producci\u00f3n, despierta el \u00e1nimo y estimula el obrar. <\/p>\n\n\n\n<p class=\"wp-block-paragraph\">2.- Y estos pronunciamiento y aleteos deben\nllegar a todos los sectores para que se incrementen la participaci\u00f3n, el estudio,\nlas bases y los sustentos para las propuestas que exijan de apoyo y valoraci\u00f3n&nbsp; en lo econ\u00f3mico, pol\u00edtico y social, dentro de\nuna concepci\u00f3n&nbsp; colectiva amplia, honesta\ny generosa.<\/p>\n\n\n\n<p class=\"wp-block-paragraph\">Y, anotamos lo anterior, porque sin lugar a\nequ\u00edvocos o&nbsp; exageraciones, las opciones\ny las prerrogativas que pueden surgir incluyen posibilidades para el\nmejoramiento integral de nuestro destino y con pasos hacia gestiones de car\u00e1cter\ninternacional, de gran significaci\u00f3n, como lo puede constituir en investigaci\u00f3n\ny concentraci\u00f3n de potenciales tareas el Centro del Pensamiento y Desarrollo Regional\ny Fronterizo, que bien podr\u00eda constituirse en la primera universidad investigativa&nbsp; y analista&nbsp;\ndel&nbsp; mundo sobre las fronteras, con\nlo inherente a la modernidad y a la urgencia de acoplar conocimientos y aportes\nsobre estas \u00e1reas de vecindad, contacto y esp\u00edritu integracionista, que alg\u00fan\nd\u00eda y superando los nacionalismos, nos llevar\u00e1n al igual trato en obligaciones\ny derechos a los habitantes de nuestro planeta.<\/p>\n\n\n\n<p class=\"wp-block-paragraph\">3.- Por todo esto y sin temores, podr\u00edamos\nvaticinar que si prosigue lo que est\u00e1 gest\u00e1ndose y creciendo, lleg\u00f3 la hora de\nlos cambios y de la verdadera trasformaci\u00f3n, porque, adem\u00e1s, est\u00e1 naciendo e\ninvoc\u00e1ndose de manera constante y sin dudas o vacilaciones, que la labor en\nequipo debe fortalecer la uni\u00f3n. Y esta concretar las acciones y las gestiones\ncompartidas y visionarias. <\/p>\n\n\n\n<p class=\"wp-block-paragraph\">Que la tarea es dura, compleja y con muchas\nsituaciones y aristas por resolver, es innegable.<\/p>\n\n\n\n<p class=\"wp-block-paragraph\"><strong>JOSE NEIRA REY<\/strong><\/p>\n\n\n\n<p class=\"wp-block-paragraph\"><a href=\"mailto:jneirarey@homail.com\">jneirarey@homail.com<\/a><\/p>\n","protected":false},"excerpt":{"rendered":"<p>1.- Los encuentros, di\u00e1logos y b\u00fasqueda de soluciones para encarar el reto del futuro local, regional y fronterizo, con opciones a propuestas de amplio espectro y posibilidades, constituyeron la motivaci\u00f3n y los registros m\u00e1s importantes en los finales de abril y con la asistencia y la participaci\u00f3n de miembros del alto gobierno y voceros de &hellip;<\/p>\n","protected":false},"author":1,"featured_media":34196,"comment_status":"open","ping_status":"open","sticky":false,"template":"","format":"standard","meta":{"footnotes":""},"categories":[14,4],"tags":[578,1759],"class_list":["post-34195","post","type-post","status-publish","format-standard","has-post-thumbnail","hentry","category-articulistas","category-barra","tag-frontera-colombo-venezolana","tag-jose-neira-notas-al-margen"],"_links":{"self":[{"href":"https:\/\/contraluzcucuta.co\/index.php?rest_route=\/wp\/v2\/posts\/34195","targetHints":{"allow":["GET"]}}],"collection":[{"href":"https:\/\/contraluzcucuta.co\/index.php?rest_route=\/wp\/v2\/posts"}],"about":[{"href":"https:\/\/contraluzcucuta.co\/index.php?rest_route=\/wp\/v2\/types\/post"}],"author":[{"embeddable":true,"href":"https:\/\/contraluzcucuta.co\/index.php?rest_route=\/wp\/v2\/users\/1"}],"replies":[{"embeddable":true,"href":"https:\/\/contraluzcucuta.co\/index.php?rest_route=%2Fwp%2Fv2%2Fcomments&post=34195"}],"version-history":[{"count":1,"href":"https:\/\/contraluzcucuta.co\/index.php?rest_route=\/wp\/v2\/posts\/34195\/revisions"}],"predecessor-version":[{"id":34197,"href":"https:\/\/contraluzcucuta.co\/index.php?rest_route=\/wp\/v2\/posts\/34195\/revisions\/34197"}],"wp:featuredmedia":[{"embeddable":true,"href":"https:\/\/contraluzcucuta.co\/index.php?rest_route=\/wp\/v2\/media\/34196"}],"wp:attachment":[{"href":"https:\/\/contraluzcucuta.co\/index.php?rest_route=%2Fwp%2Fv2%2Fmedia&parent=34195"}],"wp:term":[{"taxonomy":"category","embeddable":true,"href":"https:\/\/contraluzcucuta.co\/index.php?rest_route=%2Fwp%2Fv2%2Fcategories&post=34195"},{"taxonomy":"post_tag","embeddable":true,"href":"https:\/\/contraluzcucuta.co\/index.php?rest_route=%2Fwp%2Fv2%2Ftags&post=34195"}],"curies":[{"name":"wp","href":"https:\/\/api.w.org\/{rel}","templated":true}]}}