{"id":34189,"date":"2019-04-26T20:47:10","date_gmt":"2019-04-27T01:47:10","guid":{"rendered":"http:\/\/contraluzcucuta.co\/?p=34189"},"modified":"2019-04-26T20:47:13","modified_gmt":"2019-04-27T01:47:13","slug":"aeropuerto-camilo-daza-en-2019-atendera-a-cerca-de-un-millon-de-pasajeros","status":"publish","type":"post","link":"https:\/\/contraluzcucuta.co\/?p=34189","title":{"rendered":"AEROPUERTO CAMILO DAZA. En 2019, atender\u00e1 a cerca de un mill\u00f3n de pasajeros"},"content":{"rendered":"\n<p class=\"wp-block-paragraph\"><strong>C\u00daCUTA.-<\/strong> <strong>Los cucute\u00f1os tienen desde ayer un aeropuerto remodelado y dotado para facilitar el traslado de los pasajeros. En cifras de la Aeron\u00e1utica Civil, el aeropuerto Camilo Daza increment\u00f3 el n\u00famero de viajeros movilizados en el 2018 en 5 %. Las proyecciones para el 2019, indican que la movilizaci\u00f3n ser\u00e1 cercana a un mill\u00f3n, como resultado, entre otros aspectos, de los avances en infraestructura y condiciones para la operaci\u00f3n.<\/strong><\/p>\n\n\n\n<p class=\"wp-block-paragraph\">Las obras ejecutadas en el Camilo Daza incluyeron:<\/p>\n\n\n\n<p class=\"wp-block-paragraph\">1.- Expansi\u00f3n de la terminal a\u00e9rea<\/p>\n\n\n\n<p class=\"wp-block-paragraph\">2.- Posici\u00f3n de contacto adicional a las\ncuatro existentes<\/p>\n\n\n\n<p class=\"wp-block-paragraph\">3.- Fachada renovada<\/p>\n\n\n\n<p class=\"wp-block-paragraph\">4.- 3945 metros cuadrados de terminal\nampliado para las salidas nacionales e internacionales<\/p>\n\n\n\n<p class=\"wp-block-paragraph\">5.- Mejoramiento del \u00e1rea de chequeo<\/p>\n\n\n\n<p class=\"wp-block-paragraph\">6.- \u00c1reas de recibo de equipaje<\/p>\n\n\n\n<p class=\"wp-block-paragraph\">7.- Plazoleta de comidas.<\/p>\n\n\n\n<p class=\"wp-block-paragraph\">La terminal cuenta ahora con sala VIP, tres\nascensores, cuatro escaleras el\u00e9ctricas, 74 c\u00e1maras de seguridad y tres bandas\npara entrega y recibo de equipaje. El aeropuerto instal\u00f3 iluminaci\u00f3n ecol\u00f3gica\nLED en las nuevas \u00e1reas y para el \u00faltimo trimestre del a\u00f1o se espera migrar el ciento\npor ciento de la iluminaci\u00f3n a esta tecnolog\u00eda.<\/p>\n\n\n\n<p class=\"wp-block-paragraph\">La vicepresidenta Marta Luc\u00eda Ram\u00edrez, la ministra\nde transporte \u00c1ngela Mar\u00eda Orozco y el presidente de la Agencia Nacional de\nInfraestructura (ANI), Louis Kleyn, pusieron, este viernes, en servicio la ampliaci\u00f3n\ny la modernizaci\u00f3n del Camilo Daza.<\/p>\n\n\n\n<p class=\"wp-block-paragraph\">Las intervenciones de ampliaci\u00f3n y\nmodernizaci\u00f3n, ejecutadas por el concesionario Aeropuertos de Oriente S.A.S., garantizar\u00e1n\nla seguridad operacional de la terminal a\u00e9rea, aumentar los \u00edndices de\nconectividad de Norte de Santander y prestar servicios a los pasajeros con\nest\u00e1ndares de las m\u00e1s altas calidades.<\/p>\n\n\n\n<p class=\"wp-block-paragraph\">El proyecto de modernizaci\u00f3n del aeropuerto y\nla ampliaci\u00f3n de la terminal y de la plataforma son el est\u00edmulo del mercado en:\n<\/p>\n\n\n\n<p class=\"wp-block-paragraph\">1.- Frecuencias de vuelo<\/p>\n\n\n\n<p class=\"wp-block-paragraph\">2.- Nuevas rutas hacia Panam\u00e1 y Miami<\/p>\n\n\n\n<p class=\"wp-block-paragraph\">3.- Vinculaci\u00f3n de nuevos operadores. <\/p>\n\n\n\n<p class=\"wp-block-paragraph\">\u201cA todos aquellos que siguen apostando por el\ncrecimiento del pa\u00eds y de esta regi\u00f3n con legalidad, equidad y emprendimiento,\nlos invito a hacer uso de esta modernizaci\u00f3n de la infraestructura de\ntransporte\u201d, dijo la vicepresidenta Ram\u00edrez.<\/p>\n\n\n\n<p class=\"wp-block-paragraph\">Se construyeron dos edificios para la\nAerocivil, donde se encuentran dependencias administrativas, de soporte t\u00e9cnico\ne instalaciones de telecomunicaciones; se ampliaron el parqueadero a una\ncapacidad&nbsp; total de 300 unidades y la zona\nde taxis con capacidad de 90 veh\u00edculos, y se ejecutaron obras de urbanismo y\nmejoramiento de las v\u00edas de acceso.<\/p>\n\n\n\n<p class=\"wp-block-paragraph\">El aeropuerto tiene la certificaci\u00f3n de\naer\u00f3dromo concedida por la Aeron\u00e1utica Civil, entidad que la entreg\u00f3 luego de\nconstatar el cumplimiento de las normas y los m\u00e9todos recomendados por la\nOrganizaci\u00f3n Internacional de Aviaci\u00f3n Civil (OACI).<\/p>\n\n\n\n<p class=\"wp-block-paragraph\">En el aeropuerto de C\u00facuta operan las\naerol\u00edneas Avianca, Latam, Viva Air y Easyfly, con conexi\u00f3n directa con Bogot\u00e1,\nBucaramanga, Arauca, Medell\u00edn, Rionegro y Tib\u00fa.<\/p>\n\n\n\n<p class=\"wp-block-paragraph\">\u201cDesde el Ministerio de Transporte y la ANI trabajamos\npara entregar obras que promuevan el desarrollo\u201d, asegur\u00f3 la ministra\nde Transporte, \u00c1ngela Mar\u00eda Orozco. El proyecto gener\u00f3 m\u00e1s de 600 empleos en la\nregi\u00f3n y se considera una obra emblem\u00e1tica para los nortesantandereanos.<\/p>\n","protected":false},"excerpt":{"rendered":"<p>C\u00daCUTA.- Los cucute\u00f1os tienen desde ayer un aeropuerto remodelado y dotado para facilitar el traslado de los pasajeros. En cifras de la Aeron\u00e1utica Civil, el aeropuerto Camilo Daza increment\u00f3 el n\u00famero de viajeros movilizados en el 2018 en 5 %. Las proyecciones para el 2019, indican que la movilizaci\u00f3n ser\u00e1 cercana a un mill\u00f3n, como &hellip;<\/p>\n","protected":false},"author":1,"featured_media":34190,"comment_status":"open","ping_status":"open","sticky":false,"template":"","format":"standard","meta":{"footnotes":""},"categories":[4,6],"tags":[2796,189,487],"class_list":["post-34189","post","type-post","status-publish","format-standard","has-post-thumbnail","hentry","category-barra","category-ojo-avizor","tag-aerocivil","tag-aeropuerto-camilo-daza","tag-ani"],"_links":{"self":[{"href":"https:\/\/contraluzcucuta.co\/index.php?rest_route=\/wp\/v2\/posts\/34189","targetHints":{"allow":["GET"]}}],"collection":[{"href":"https:\/\/contraluzcucuta.co\/index.php?rest_route=\/wp\/v2\/posts"}],"about":[{"href":"https:\/\/contraluzcucuta.co\/index.php?rest_route=\/wp\/v2\/types\/post"}],"author":[{"embeddable":true,"href":"https:\/\/contraluzcucuta.co\/index.php?rest_route=\/wp\/v2\/users\/1"}],"replies":[{"embeddable":true,"href":"https:\/\/contraluzcucuta.co\/index.php?rest_route=%2Fwp%2Fv2%2Fcomments&post=34189"}],"version-history":[{"count":1,"href":"https:\/\/contraluzcucuta.co\/index.php?rest_route=\/wp\/v2\/posts\/34189\/revisions"}],"predecessor-version":[{"id":34191,"href":"https:\/\/contraluzcucuta.co\/index.php?rest_route=\/wp\/v2\/posts\/34189\/revisions\/34191"}],"wp:featuredmedia":[{"embeddable":true,"href":"https:\/\/contraluzcucuta.co\/index.php?rest_route=\/wp\/v2\/media\/34190"}],"wp:attachment":[{"href":"https:\/\/contraluzcucuta.co\/index.php?rest_route=%2Fwp%2Fv2%2Fmedia&parent=34189"}],"wp:term":[{"taxonomy":"category","embeddable":true,"href":"https:\/\/contraluzcucuta.co\/index.php?rest_route=%2Fwp%2Fv2%2Fcategories&post=34189"},{"taxonomy":"post_tag","embeddable":true,"href":"https:\/\/contraluzcucuta.co\/index.php?rest_route=%2Fwp%2Fv2%2Ftags&post=34189"}],"curies":[{"name":"wp","href":"https:\/\/api.w.org\/{rel}","templated":true}]}}