{"id":34182,"date":"2019-04-24T21:40:13","date_gmt":"2019-04-25T02:40:13","guid":{"rendered":"http:\/\/contraluzcucuta.co\/?p=34182"},"modified":"2019-04-24T21:40:15","modified_gmt":"2019-04-25T02:40:15","slug":"encuentro-norte-de-santander-tendra-observatorios-de-comunidades-etnicas-y-de-frontera","status":"publish","type":"post","link":"https:\/\/contraluzcucuta.co\/?p=34182","title":{"rendered":"ENCUENTRO. Norte de Santander tendr\u00e1 observatorios de comunidades \u00e9tnicas y de frontera"},"content":{"rendered":"\n<p class=\"wp-block-paragraph\"><strong>C\u00daCUTA.-<\/strong> <strong>Norte de Santander crear\u00e1 el observatorio para las comunidades \u00e9tnicas y otro de econom\u00eda de frontera. La conclusi\u00f3n corresponde al Encuentro de Observatorios para los Derechos Humanos y Derecho Internacional Humanitario, con participaci\u00f3n de la Alta Consejer\u00eda para el sector.<\/strong><\/p>\n\n\n\n<p class=\"wp-block-paragraph\">El observatorio de frontera permitir\u00e1:<\/p>\n\n\n\n<p class=\"wp-block-paragraph\">1.- Analizar y adelantar investigaciones&nbsp; significativas para C\u00facuta y el departamento,\nenfocadas en el \u00e1rea del comercio internacional y la econom\u00eda<\/p>\n\n\n\n<p class=\"wp-block-paragraph\">2.- Difundir informaci\u00f3n para obtener apoyo\nacad\u00e9mico, empresarial y p\u00fablico como estrategia para impulsar el desarrollo de\nla regi\u00f3n.&nbsp; <\/p>\n\n\n\n<p class=\"wp-block-paragraph\">Durante el encuentro se determin\u00f3:<\/p>\n\n\n\n<p class=\"wp-block-paragraph\">1.- Crear el nodo tem\u00e1tico de g\u00e9nero<\/p>\n\n\n\n<p class=\"wp-block-paragraph\">2.- Concretar un documento<\/p>\n\n\n\n<p class=\"wp-block-paragraph\">3.- Hacer medici\u00f3n de indicadores<\/p>\n\n\n\n<p class=\"wp-block-paragraph\">4.- Construir nodos de observatorios de\nviolencia para tener conocimiento certero sobre la condici\u00f3n de g\u00e9nero.<\/p>\n\n\n\n<p class=\"wp-block-paragraph\">La idea es fortalecer la Red de Derechos\nHumanos y Derecho Internacional Humanitario para que se conozca la situaci\u00f3n de\nesas comunidades en el pa\u00eds, para lo cual estar\u00e1n coordinados por el Ministerio\ndel Interior y la Unidad de V\u00edctimas.<\/p>\n\n\n\n<p class=\"wp-block-paragraph\">La puesta en marcha de las estrategias permitir\u00e1\norientar, promover y mejorar la garant\u00eda de derechos humanos, especialmente en El\nCatatumbo, mediante monitoreo, estudio, visibilizaci\u00f3n y an\u00e1lisis de la\ninformaci\u00f3n.<\/p>\n","protected":false},"excerpt":{"rendered":"<p>C\u00daCUTA.- Norte de Santander crear\u00e1 el observatorio para las comunidades \u00e9tnicas y otro de econom\u00eda de frontera. La conclusi\u00f3n corresponde al Encuentro de Observatorios para los Derechos Humanos y Derecho Internacional Humanitario, con participaci\u00f3n de la Alta Consejer\u00eda para el sector. El observatorio de frontera permitir\u00e1: 1.- Analizar y adelantar investigaciones&nbsp; significativas para C\u00facuta y &hellip;<\/p>\n","protected":false},"author":1,"featured_media":34183,"comment_status":"open","ping_status":"open","sticky":false,"template":"","format":"standard","meta":{"footnotes":""},"categories":[4,32],"tags":[4536,2632,4535],"class_list":["post-34182","post","type-post","status-publish","format-standard","has-post-thumbnail","hentry","category-barra","category-recorrido-por-la-region","tag-comunidades-etnicas","tag-gobernacion-de-norte-de-santander-alcaldia-de-cucuta","tag-observatorio-de-frontera"],"_links":{"self":[{"href":"https:\/\/contraluzcucuta.co\/index.php?rest_route=\/wp\/v2\/posts\/34182","targetHints":{"allow":["GET"]}}],"collection":[{"href":"https:\/\/contraluzcucuta.co\/index.php?rest_route=\/wp\/v2\/posts"}],"about":[{"href":"https:\/\/contraluzcucuta.co\/index.php?rest_route=\/wp\/v2\/types\/post"}],"author":[{"embeddable":true,"href":"https:\/\/contraluzcucuta.co\/index.php?rest_route=\/wp\/v2\/users\/1"}],"replies":[{"embeddable":true,"href":"https:\/\/contraluzcucuta.co\/index.php?rest_route=%2Fwp%2Fv2%2Fcomments&post=34182"}],"version-history":[{"count":1,"href":"https:\/\/contraluzcucuta.co\/index.php?rest_route=\/wp\/v2\/posts\/34182\/revisions"}],"predecessor-version":[{"id":34184,"href":"https:\/\/contraluzcucuta.co\/index.php?rest_route=\/wp\/v2\/posts\/34182\/revisions\/34184"}],"wp:featuredmedia":[{"embeddable":true,"href":"https:\/\/contraluzcucuta.co\/index.php?rest_route=\/wp\/v2\/media\/34183"}],"wp:attachment":[{"href":"https:\/\/contraluzcucuta.co\/index.php?rest_route=%2Fwp%2Fv2%2Fmedia&parent=34182"}],"wp:term":[{"taxonomy":"category","embeddable":true,"href":"https:\/\/contraluzcucuta.co\/index.php?rest_route=%2Fwp%2Fv2%2Fcategories&post=34182"},{"taxonomy":"post_tag","embeddable":true,"href":"https:\/\/contraluzcucuta.co\/index.php?rest_route=%2Fwp%2Fv2%2Ftags&post=34182"}],"curies":[{"name":"wp","href":"https:\/\/api.w.org\/{rel}","templated":true}]}}