{"id":34176,"date":"2019-04-24T19:30:42","date_gmt":"2019-04-25T00:30:42","guid":{"rendered":"http:\/\/contraluzcucuta.co\/?p=34176"},"modified":"2019-04-24T19:30:45","modified_gmt":"2019-04-25T00:30:45","slug":"mes-de-la-ninez-a-promover-los-derechos-de-los-ninos-en-cucuta","status":"publish","type":"post","link":"https:\/\/contraluzcucuta.co\/?p=34176","title":{"rendered":"MES DE LA NI\u00d1EZ. A promover los derechos de los ni\u00f1os, en C\u00facuta"},"content":{"rendered":"\n<p class=\"wp-block-paragraph\"><strong>C\u00daCUTA.-<\/strong> Resaltar el papel de\nla ni\u00f1ez en la sociedad, promover sus derechos y desarrollar actividades para el\nbienestar de la poblaci\u00f3n infantil fueron los puntos espec\u00edficos de la\ncelebraci\u00f3n del Mes de la Ni\u00f1ez en el municipio. El Departamento Administrativo\nde Bienestar Social estuvo al frente de la programaci\u00f3n y extendi\u00f3 la\ninvitaci\u00f3n a los&nbsp; padres de familia a\npromover los derechos de los ni\u00f1os, en especial el derecho al juego,\nindispensable para fomentar el desarrollo integral.<\/p>\n\n\n\n<p class=\"wp-block-paragraph\">La administraci\u00f3n municipal, con el objetivo\nde homenajear a la ni\u00f1ez, la familia y la sociedad, promovi\u00f3&nbsp; actividades l\u00fadico-recreativas, convoc\u00f3 a\nl\u00edderes infantiles de las instituciones educativas, grupos \u00e9tnicos y ni\u00f1os en\ncondici\u00f3n de discapacidad. El fin era dar a conocer la estrategia Br\u00fajula 2019\ny consolidar los aportes teniendo en cuenta los pilares fundamentales:&nbsp; <\/p>\n\n\n\n<p class=\"wp-block-paragraph\">1.- Reconocer el potencial de la ni\u00f1ez. Tomar\nconciencia de que son el ahora y deben ser el eje central de las acciones que\nse planteen y desarrollen, indag\u00e1ndolos y convoc\u00e1ndolos desde una participaci\u00f3n\nreal.<\/p>\n\n\n\n<p class=\"wp-block-paragraph\">2.- Involucrar a padres, cuidadores, familias\ny adultos. Promover la construcci\u00f3n del homenaje con escenarios de juego que\nposibiliten la vinculaci\u00f3n de generaciones y comunidades, por la\ncorresponsabilidad de los actores que hacen parte del entorno en el que se\ndesarrollan los ni\u00f1os y los adolescentes.<\/p>\n\n\n\n<p class=\"wp-block-paragraph\">3.- Liderar la celebraci\u00f3n simult\u00e1nea. Hacer\nque vivan momentos de juego en familia y comunidad en parques y plazas p\u00fablicas\nque se dispongan para la ni\u00f1ez y la familia, para favorecer la convivencia\nfamiliar y comunitaria, desde las tradiciones y las culturas de cada regi\u00f3n y el\nentorno.<\/p>\n\n\n\n<p class=\"wp-block-paragraph\">A partir de esos pilares y con la propuesta de\nlos ni\u00f1os del municipio, se plante\u00f3 el cronograma de actividades que debe\ncumplirse para la \u00f3ptima participaci\u00f3n y representaci\u00f3n en el concurso \u2018El Alcalde\nm\u00e1s pilo\u2019, al que est\u00e1 inscrito. La propuesta se divide en dos fases:<br>\n1.- En relaci\u00f3n con las actividades que se ejecutaron en abril<\/p>\n\n\n\n<p class=\"wp-block-paragraph\">2.- En relaci\u00f3n con la simult\u00e1nea municipal, que\nse desarrollar\u00e1 en diferentes zonas priorizadas de la ciudad, el 27 de abril de\n2:00 a 5:00 de la tarde.<\/p>\n\n\n\n<p class=\"wp-block-paragraph\">Los escenarios que se visitar\u00e1n se enmarcan\nen la propuesta \u2018Con entornos seguros, jugando ya crecemos juntos\u2019. Por medio\ndel juego l\u00fadico se sensibiliza a ni\u00f1os, adolescentes, familia y sociedad sobre\nviolencia sexual e intrafamiliar, consumo de sustancias psicoactivas y trabajo\ninfantil.<\/p>\n\n\n\n<p class=\"wp-block-paragraph\">Parque nacional. 25 de abril. 5:00 de la tarde<\/p>\n\n\n\n<p class=\"wp-block-paragraph\">Ciaf de la libertad. 25 de abril. 2:00 de la\ntarde<\/p>\n\n\n\n<p class=\"wp-block-paragraph\">Parque Palmeras (parte alta). 26 de abril. 5:00\nde la tarde <\/p>\n\n\n\n<p class=\"wp-block-paragraph\">Simult\u00e1nea: Atalaya (centenario Kenedy); Aeropuerto;\nasentamientos humanos (anillo vial \u2013parqueadero Los Mangos); zona rural (Agua Clara);\nTorcoroma. 27 de abril. 2:00de la tarde<\/p>\n\n\n\n<p class=\"wp-block-paragraph\">Cine al parque La Pastora. 29 de abril. 5:00\nde la tarde<\/p>\n\n\n\n<p class=\"wp-block-paragraph\">Hospital Erasmo Meoz. &nbsp;&nbsp;&nbsp;&nbsp;&nbsp;&nbsp; 30 de abril. 2:00 de la tarde<\/p>\n","protected":false},"excerpt":{"rendered":"<p>C\u00daCUTA.- Resaltar el papel de la ni\u00f1ez en la sociedad, promover sus derechos y desarrollar actividades para el bienestar de la poblaci\u00f3n infantil fueron los puntos espec\u00edficos de la celebraci\u00f3n del Mes de la Ni\u00f1ez en el municipio. El Departamento Administrativo de Bienestar Social estuvo al frente de la programaci\u00f3n y extendi\u00f3 la invitaci\u00f3n a &hellip;<\/p>\n","protected":false},"author":1,"featured_media":34177,"comment_status":"open","ping_status":"open","sticky":false,"template":"","format":"standard","meta":{"footnotes":""},"categories":[2625,4],"tags":[226,4532],"class_list":["post-34176","post","type-post","status-publish","format-standard","has-post-thumbnail","hentry","category-alcaldia-de-cucuta","category-barra","tag-alcaldia-de-cucuta","tag-mes-de-la-ninez"],"_links":{"self":[{"href":"https:\/\/contraluzcucuta.co\/index.php?rest_route=\/wp\/v2\/posts\/34176","targetHints":{"allow":["GET"]}}],"collection":[{"href":"https:\/\/contraluzcucuta.co\/index.php?rest_route=\/wp\/v2\/posts"}],"about":[{"href":"https:\/\/contraluzcucuta.co\/index.php?rest_route=\/wp\/v2\/types\/post"}],"author":[{"embeddable":true,"href":"https:\/\/contraluzcucuta.co\/index.php?rest_route=\/wp\/v2\/users\/1"}],"replies":[{"embeddable":true,"href":"https:\/\/contraluzcucuta.co\/index.php?rest_route=%2Fwp%2Fv2%2Fcomments&post=34176"}],"version-history":[{"count":1,"href":"https:\/\/contraluzcucuta.co\/index.php?rest_route=\/wp\/v2\/posts\/34176\/revisions"}],"predecessor-version":[{"id":34178,"href":"https:\/\/contraluzcucuta.co\/index.php?rest_route=\/wp\/v2\/posts\/34176\/revisions\/34178"}],"wp:featuredmedia":[{"embeddable":true,"href":"https:\/\/contraluzcucuta.co\/index.php?rest_route=\/wp\/v2\/media\/34177"}],"wp:attachment":[{"href":"https:\/\/contraluzcucuta.co\/index.php?rest_route=%2Fwp%2Fv2%2Fmedia&parent=34176"}],"wp:term":[{"taxonomy":"category","embeddable":true,"href":"https:\/\/contraluzcucuta.co\/index.php?rest_route=%2Fwp%2Fv2%2Fcategories&post=34176"},{"taxonomy":"post_tag","embeddable":true,"href":"https:\/\/contraluzcucuta.co\/index.php?rest_route=%2Fwp%2Fv2%2Ftags&post=34176"}],"curies":[{"name":"wp","href":"https:\/\/api.w.org\/{rel}","templated":true}]}}