{"id":34172,"date":"2019-04-21T12:50:55","date_gmt":"2019-04-21T17:50:55","guid":{"rendered":"http:\/\/contraluzcucuta.co\/?p=34172"},"modified":"2019-04-21T12:50:57","modified_gmt":"2019-04-21T17:50:57","slug":"momentos-historicos-cucuta-deportivo-patriotas-rivales-en-la-altura","status":"publish","type":"post","link":"https:\/\/contraluzcucuta.co\/?p=34172","title":{"rendered":"MOMENTOS HIST\u00d3RICOS. C\u00facuta Deportivo \u2013 Patriotas, rivales en la altura"},"content":{"rendered":"\n<p class=\"wp-block-paragraph\"><strong>En cumplimiento de la jornada 17 de la Liga 2019-I, estos dos equipos se enfrentar\u00e1n el 21 de abril, a las 2:00 de la tarde.<\/strong><\/p>\n\n\n\n<p class=\"wp-block-paragraph\"><strong><em>Algunos datos de Patriotas<\/em><\/strong><\/p>\n\n\n\n<p class=\"wp-block-paragraph\">En el 2011, ascendi\u00f3 a la categor\u00eda A del f\u00fatbol profesional\ncolombiano, luego de ser subcampe\u00f3n B. En la serie de promoci\u00f3n dej\u00f3 en el camino a Am\u00e9rica de Cali.<\/p>\n\n\n\n<p class=\"wp-block-paragraph\">Tiene\nla sede en Tunja y juega en el estadio La Independencia. La rivalidad con\nBoyac\u00e1 Chic\u00f3 permiti\u00f3 el nacimiento del Cl\u00e1sico de la ruana. \u200bUn hecho hist\u00f3rico fue haberle quitado el\ninvicto de 29 fechas al Atl\u00e9tico Nacional, en el Finalizaci\u00f3n del 2013.<\/p>\n\n\n\n<p class=\"wp-block-paragraph\"><strong><em>Jugadores que han vestido las dos camisetas<\/em><\/strong><\/p>\n\n\n\n<p class=\"wp-block-paragraph\">Erwin Carrillo, Jhon Pajoy, Yuberney Franco, Diego\nMart\u00ednez, \u00d3mar Camilo\nUribe, Nicol\u00e1s Palacios Vidal, Marcos Lazaga, Jos\u00e9 Luis Tancredi, C\u00e9sar\nAugusto Mena Mosquera, Jos\u00e9 Largacha, Wilson Carpintero, Pablo Escobar,\nEst\u00e9fano Arango, Pedro Portocarrero.<\/p>\n\n\n\n<p class=\"wp-block-paragraph\"><strong>En la\nn\u00f3mina de alguno de los dos equipos figuran<\/strong><\/p>\n\n\n\n<p class=\"wp-block-paragraph\">Daniel Brice\u00f1o y Carlos Andr\u00e9s Mosquera<\/p>\n\n\n\n<p class=\"wp-block-paragraph\">Directores T\u00e9cnicos que han manejado los dos\nequipos<\/p>\n\n\n\n<p class=\"wp-block-paragraph\">Eduardo\nJuli\u00e1n Retat, \u00c1lvaro de Jes\u00fas G\u00f3mez, Miguel Augusto Prince Franco, Nelson Abad\u00eda, Carlos Mario Hoyos, Juan Carlos D\u00edaz.<\/p>\n\n\n\n<p class=\"wp-block-paragraph\"><strong><em>Primer partido Patriotas &#8211; C\u00facuta Deportivo<\/em><\/strong><\/p>\n\n\n\n<p class=\"wp-block-paragraph\">Ocurri\u00f3, el 3 de febrero de 2012, en el\nestadio General Santander, a las 8:00 de la noche, en cumplimiento de la\nsegunda jornada de la Liga. Fue el primer partido oficial del f\u00fatbol\nprofesional colombiano entre los dos equipos. <\/p>\n\n\n\n<p class=\"wp-block-paragraph\">Patriotas gan\u00f3 (1 \u2013 0), con anotaci\u00f3n de\npenal de Luis Omar Valencia y recuper\u00f3 el deslucido debut en la primera\ndivisi\u00f3n. El defensor Pedro Portocarrero fue la figura del\nencuentro.\nEl C\u00facuta Deportivo aline\u00f3 con Williams\nBuena\u00f1os, Elkin Serrano, Jairo Su\u00e1rez, Jonathan\nLozano, Mauricio \u00c1rquez, Dayron P\u00e9rez, Carlos Herrera, Luis N\u00fa\u00f1ez, Geovanny\nGarc\u00eda, Jorge Bola\u00f1os y Tommy Tovar.&nbsp;&nbsp; <\/p>\n\n\n\n<p class=\"wp-block-paragraph\"><strong><em>El \u00faltimo partido<\/em><\/strong><\/p>\n\n\n\n<table class=\"wp-block-table\"><tbody><tr><td>\n  Se disput\u00f3 en el estadio General Santander,\n  el 26 de julio de 2015, a las 7:00 de la noche. Los motilones ganaron (1-0),\n  con anotaci\u00f3n de Gustavo Adolfo Bol\u00edvar. Al final de la temporada el equipo\n  motil\u00f3n perdi\u00f3 la categor\u00eda. El C\u00facuta aline\u00f3 con Luis Enrique Delgado, Germ\u00e1n\n  Centuri\u00f3n, Pablo Escobar, Elkin Calle, Darwin Carrero, Jefferson Murillo,\n  Jarl\u00edn Quintero, Mart\u00edn Morel, Est\u00e9fano Arango, Gustavo Adolfo Bol\u00edvar y\n  Cristi\u00e1n D\u00e1jome.&nbsp;&nbsp;&nbsp; \n  <\/td><\/tr><\/tbody><\/table>\n\n\n\n<p class=\"wp-block-paragraph\"><strong><em>Momentos Hist\u00f3ricos<\/em><\/strong><\/p>\n\n\n\n<p class=\"wp-block-paragraph\">1.- 2015. &nbsp;El\npartido se jug\u00f3, el 10 de febrero, en el estadio La Independencia, por la\ntercera fecha de la Liga. Patriotas gan\u00f3 3-0. <\/p>\n\n\n\n<p class=\"wp-block-paragraph\">2\u00b0. 2013. &nbsp;Tercera\nfecha del torneo Apertura del 2013. Patriotas recibi\u00f3 al C\u00facuta Deportivo. Los\nmotilones ganaron 3 &#8211; 1. <\/p>\n\n\n\n<p class=\"wp-block-paragraph\">3.- 2013. &nbsp;En\ncumplimiento de la tercera fecha del torneo Finalizaci\u00f3n, 9 de agosto, el\nequipo rojinegro recibi\u00f3 en el estadio General Santander a Patriotas Boyac\u00e1. Los\nboyacenses ganaron 3-2. &nbsp;&nbsp;<\/p>\n\n\n\n<p class=\"wp-block-paragraph\">4.- 2015. &nbsp;El\n10 de febrero, en cumplimiento de la tercera fecha del torneo Apertura,\nPatriotas recibi\u00f3 al C\u00facuta Deportivo a las 7:45 de la noche. Gan\u00f3 el local\n3-0. &nbsp;Por los motilones fue expulsado\nGerardo Bedoya.<\/p>\n","protected":false},"excerpt":{"rendered":"<p>En cumplimiento de la jornada 17 de la Liga 2019-I, estos dos equipos se enfrentar\u00e1n el 21 de abril, a las 2:00 de la tarde. Algunos datos de Patriotas En el 2011, ascendi\u00f3 a la categor\u00eda A del f\u00fatbol profesional colombiano, luego de ser subcampe\u00f3n B. En la serie de promoci\u00f3n dej\u00f3 en el camino &hellip;<\/p>\n","protected":false},"author":1,"featured_media":34173,"comment_status":"open","ping_status":"open","sticky":false,"template":"","format":"standard","meta":{"footnotes":""},"categories":[4,28],"tags":[4531,4378,4506,4412],"class_list":["post-34172","post","type-post","status-publish","format-standard","has-post-thumbnail","hentry","category-barra","category-vistazo-deportivo","tag-camilo-uribe","tag-cucuta-deportivo-2019","tag-fpc","tag-liga-aguila-2019"],"_links":{"self":[{"href":"https:\/\/contraluzcucuta.co\/index.php?rest_route=\/wp\/v2\/posts\/34172","targetHints":{"allow":["GET"]}}],"collection":[{"href":"https:\/\/contraluzcucuta.co\/index.php?rest_route=\/wp\/v2\/posts"}],"about":[{"href":"https:\/\/contraluzcucuta.co\/index.php?rest_route=\/wp\/v2\/types\/post"}],"author":[{"embeddable":true,"href":"https:\/\/contraluzcucuta.co\/index.php?rest_route=\/wp\/v2\/users\/1"}],"replies":[{"embeddable":true,"href":"https:\/\/contraluzcucuta.co\/index.php?rest_route=%2Fwp%2Fv2%2Fcomments&post=34172"}],"version-history":[{"count":1,"href":"https:\/\/contraluzcucuta.co\/index.php?rest_route=\/wp\/v2\/posts\/34172\/revisions"}],"predecessor-version":[{"id":34175,"href":"https:\/\/contraluzcucuta.co\/index.php?rest_route=\/wp\/v2\/posts\/34172\/revisions\/34175"}],"wp:featuredmedia":[{"embeddable":true,"href":"https:\/\/contraluzcucuta.co\/index.php?rest_route=\/wp\/v2\/media\/34173"}],"wp:attachment":[{"href":"https:\/\/contraluzcucuta.co\/index.php?rest_route=%2Fwp%2Fv2%2Fmedia&parent=34172"}],"wp:term":[{"taxonomy":"category","embeddable":true,"href":"https:\/\/contraluzcucuta.co\/index.php?rest_route=%2Fwp%2Fv2%2Fcategories&post=34172"},{"taxonomy":"post_tag","embeddable":true,"href":"https:\/\/contraluzcucuta.co\/index.php?rest_route=%2Fwp%2Fv2%2Ftags&post=34172"}],"curies":[{"name":"wp","href":"https:\/\/api.w.org\/{rel}","templated":true}]}}