{"id":34169,"date":"2019-04-21T11:54:49","date_gmt":"2019-04-21T16:54:49","guid":{"rendered":"http:\/\/contraluzcucuta.co\/?p=34169"},"modified":"2019-04-21T11:54:52","modified_gmt":"2019-04-21T16:54:52","slug":"%ef%bb%bfcarta-abierta-la-politiqueria-y-la-corrupcion-nos-arrastran-a-la-pobreza-ruben-zamora","status":"publish","type":"post","link":"https:\/\/contraluzcucuta.co\/?p=34169","title":{"rendered":"\ufeffCARTA ABIERTA. La politiquer\u00eda y la corrupci\u00f3n nos arrastran a la pobreza: Rub\u00e9n Zamora"},"content":{"rendered":"\n<p class=\"wp-block-paragraph\"><strong>C\u00daCUTA.- El excomandante del frente 33 de las Farc, Rub\u00e9n Zamora, escribi\u00f3 a la comunidad de El Catatumbo y expresa su pensamiento acerca de la actualidad de la zona. \u201cCon ustedes he estado en las expectativas de paz y reconciliaci\u00f3n\u201d, expres\u00f3 en la carta abierta publicada en Facebook.<\/strong><\/p>\n\n\n\n<p class=\"wp-block-paragraph\">Este es el texto divulgado en la plataforma\ndigital:<\/p>\n\n\n\n<p class=\"wp-block-paragraph\">\u201cLes hago llegar un fuerte abrazo con el\nafecto de siempre. <\/p>\n\n\n\n<p class=\"wp-block-paragraph\">&#8220;Saben muy bien que como hijo leg\u00edtimo de esta tierra he llevado en el alma sus sue\u00f1os, con ustedes he padecido los momentos m\u00e1s dif\u00edciles y juntos hemos sido capaces de resistir y sobreponernos luego del fracaso. <\/p>\n\n\n\n<p class=\"wp-block-paragraph\">&#8220;Hemos dado prueba de capacidad heroica y ni con la violencia m\u00e1s atroz han podido arredrarnos. Es que llevamos en nuestras ra\u00edces la fibra de quienes han escrito p\u00e1ginas heroicas y han cruzado los tiempos cabalgando en el lomo de una y otra generaci\u00f3n. <\/p>\n\n\n\n<p class=\"wp-block-paragraph\">&#8220;Con ustedes he estado en las expectativas de paz y reconciliaci\u00f3n y no nos dejamos nublar por la incertidumbre y la desesperanza. Sabemos que alcanzar el ideal de justicia social es nada f\u00e1cil; si f\u00e1cil fuese el camino de la lucha ya habr\u00edamos alcanzado los sue\u00f1os.\u00a0 <\/p>\n\n\n\n<p class=\"wp-block-paragraph\">&#8220;Ah\u00ed seguimos persistiendo porque este territorio pueda albergarnos con verdaderas oportunidades de bienestar y buen vivir. Que pueda terminar definitivamente el conflicto sobre la base de remover sus causas estructurales. Que las v\u00edctimas del conflicto puedan hallar resarcimiento y edificar\u00a0 sobre el dolor la gracia de la reconciliaci\u00f3n. <\/p>\n\n\n\n<p class=\"wp-block-paragraph\">&#8220;Estamos en un escenario de diversas luchas para derrotar la pobreza y el abandono institucional. Nada ha de permitir que nos arrastre el turbi\u00f3n de la violencia; cuanto m\u00e1s dolor nos cause m\u00e1s tenemos que persistir en la b\u00fasqueda de la reconciliaci\u00f3n y la paz. <\/p>\n\n\n\n<p class=\"wp-block-paragraph\">&#8220;Nada debe dividirnos, tenemos m\u00e1s razones que nunca para la unidad y con ella marchar por prop\u00f3sitos comunes, loables y generosos.\u00a0 <\/p>\n\n\n\n<p class=\"wp-block-paragraph\">&#8220;La politiquer\u00eda y la corrupci\u00f3n son otros de los factores que nos arrastran a la pobreza. Ya es hora de manifestarse contra las maquinarias corruptas y de dise\u00f1ar maneras de gobernar profundamente democr\u00e1ticas.\u00a0 <\/p>\n\n\n\n<p class=\"wp-block-paragraph\">&#8220;Qui\u00e9n dice que no somos capaces de crear alternativas democr\u00e1ticas de gobierno con visi\u00f3n,\u00a0 \u00e9tica y transparencia dej\u00e1ndonos arrebatar por el amor al bien com\u00fan. Hay que aprender a despreciar la politiquer\u00eda y el clientelismo como sentimos indignaci\u00f3n por la soberbia que nos ultraja.\u00a0 Hay que darle sentido a la pol\u00edtica en la medida que el poder se construya desde el pueblo y para el pueblo.<\/p>\n\n\n\n<p class=\"wp-block-paragraph\">&#8220;Les llamo a todos y a todas a que reflexionemos juntos sobre la situaci\u00f3n del territorio, sus perspectivas presentes y futuras. Podemos estar sobre el camino equivocado, y si lo estamos, la reflexi\u00f3n ha de llevarnos a decisiones claves para salir del espiral de dificultades que vivimos. <\/p>\n\n\n\n<p class=\"wp-block-paragraph\">&#8220;Cuenten con mi insoslayable\u00a0 compromiso al servicio de la comunidad del Catatumbo. Y recuerdo a quienes tiene responsabilidad dirigente que un l\u00edder es aut\u00e9ntico si no desfallece en la desgracia y si siempre tiene una opci\u00f3n para salir hasta de la encrucijada m\u00e1s dif\u00edcil.\u00a0 <\/p>\n\n\n\n<p class=\"wp-block-paragraph\">&#8220;Nos deben la paz y entre todos y todas vamos a recuperarla&#8221;. <\/p>\n\n\n\n<p class=\"wp-block-paragraph\"><strong>EMIRO\nDEL CARMEN&nbsp; ROPERO SU\u00c1REZ <\/strong><\/p>\n\n\n\n<p class=\"wp-block-paragraph\"><strong>(Rub\u00e9n\nZamora)<\/strong><\/p>\n","protected":false},"excerpt":{"rendered":"<p>C\u00daCUTA.- El excomandante del frente 33 de las Farc, Rub\u00e9n Zamora, escribi\u00f3 a la comunidad de El Catatumbo y expresa su pensamiento acerca de la actualidad de la zona. \u201cCon ustedes he estado en las expectativas de paz y reconciliaci\u00f3n\u201d, expres\u00f3 en la carta abierta publicada en Facebook. Este es el texto divulgado en la &hellip;<\/p>\n","protected":false},"author":1,"featured_media":34170,"comment_status":"open","ping_status":"open","sticky":false,"template":"","format":"standard","meta":{"footnotes":""},"categories":[4,9],"tags":[246,3870],"class_list":["post-34169","post","type-post","status-publish","format-standard","has-post-thumbnail","hentry","category-barra","category-politica","tag-el-catatumbo","tag-ruben-zamora"],"_links":{"self":[{"href":"https:\/\/contraluzcucuta.co\/index.php?rest_route=\/wp\/v2\/posts\/34169","targetHints":{"allow":["GET"]}}],"collection":[{"href":"https:\/\/contraluzcucuta.co\/index.php?rest_route=\/wp\/v2\/posts"}],"about":[{"href":"https:\/\/contraluzcucuta.co\/index.php?rest_route=\/wp\/v2\/types\/post"}],"author":[{"embeddable":true,"href":"https:\/\/contraluzcucuta.co\/index.php?rest_route=\/wp\/v2\/users\/1"}],"replies":[{"embeddable":true,"href":"https:\/\/contraluzcucuta.co\/index.php?rest_route=%2Fwp%2Fv2%2Fcomments&post=34169"}],"version-history":[{"count":1,"href":"https:\/\/contraluzcucuta.co\/index.php?rest_route=\/wp\/v2\/posts\/34169\/revisions"}],"predecessor-version":[{"id":34171,"href":"https:\/\/contraluzcucuta.co\/index.php?rest_route=\/wp\/v2\/posts\/34169\/revisions\/34171"}],"wp:featuredmedia":[{"embeddable":true,"href":"https:\/\/contraluzcucuta.co\/index.php?rest_route=\/wp\/v2\/media\/34170"}],"wp:attachment":[{"href":"https:\/\/contraluzcucuta.co\/index.php?rest_route=%2Fwp%2Fv2%2Fmedia&parent=34169"}],"wp:term":[{"taxonomy":"category","embeddable":true,"href":"https:\/\/contraluzcucuta.co\/index.php?rest_route=%2Fwp%2Fv2%2Fcategories&post=34169"},{"taxonomy":"post_tag","embeddable":true,"href":"https:\/\/contraluzcucuta.co\/index.php?rest_route=%2Fwp%2Fv2%2Ftags&post=34169"}],"curies":[{"name":"wp","href":"https:\/\/api.w.org\/{rel}","templated":true}]}}