{"id":34166,"date":"2019-04-18T18:27:56","date_gmt":"2019-04-18T23:27:56","guid":{"rendered":"http:\/\/contraluzcucuta.co\/?p=34166"},"modified":"2019-04-18T18:27:58","modified_gmt":"2019-04-18T23:27:58","slug":"tema-del-dia-semana-santa-tiempo-de-reflexion-quien-debe-arrepentirse-de-que","status":"publish","type":"post","link":"https:\/\/contraluzcucuta.co\/?p=34166","title":{"rendered":"TEMA DEL D\u00cdA. Semana Santa, tiempo de reflexi\u00f3n. \u00bfQui\u00e9n debe arrepentirse de qu\u00e9?"},"content":{"rendered":"\n<p class=\"wp-block-paragraph\"><strong>C\u00daCUTA.-<\/strong> <strong>La revista www.contraluzcucuta.co consult\u00f3 a los cucute\u00f1os sobre la Semana Santa, como tiempo de reflexi\u00f3n y arrepentimiento. La pregunta es: \u00bfQui\u00e9n debe arrepentirse de qu\u00e9? Estos son algunos de los comentarios que dejaron los lectores en la p\u00e1gina de Facebook.<\/strong><\/p>\n\n\n\n<p class=\"wp-block-paragraph\"><strong>1.- Fernando\nOrtega Gonzalez<\/strong><\/p>\n\n\n\n<ul class=\"wp-block-list\"><li>\u00bfReflexionar por m\u00ed o\npor los dem\u00e1s?<\/li><\/ul>\n\n\n\n<p class=\"wp-block-paragraph\"><strong>2.- Dafer\nCelis <\/strong><\/p>\n\n\n\n<ul class=\"wp-block-list\"><li>Maicol debe\narrepentirse de las notas que les pone a los alumnos. Ja ja.<\/li><\/ul>\n\n\n\n<p class=\"wp-block-paragraph\"><strong>3.- Jorge\nArmando Quintero Lesmes<\/strong><\/p>\n\n\n\n<ul class=\"wp-block-list\"><li>Hay casi 10 millones\narrepentidos del voto.<\/li><\/ul>\n\n\n\n<p class=\"wp-block-paragraph\">Adem\u00e1s, indicaron que les gust\u00f3 el Tema del\nD\u00eda:<\/p>\n\n\n\n<p class=\"wp-block-paragraph\"><strong>Jackson\nGomez<\/strong><\/p>\n\n\n\n<ul class=\"wp-block-list\"><li>47 amigos en com\u00fan<\/li><\/ul>\n\n\n\n<p class=\"wp-block-paragraph\"><strong>Bryhan\nCastro<\/strong><\/p>\n\n\n\n<ul class=\"wp-block-list\"><li>128 amigos en com\u00fan<\/li><\/ul>\n\n\n\n<p class=\"wp-block-paragraph\"><strong>Fabiola\nGuti\u00e9rrez<\/strong><\/p>\n\n\n\n<ul class=\"wp-block-list\"><li>97 amigos en com\u00fan<\/li><\/ul>\n\n\n\n<p class=\"wp-block-paragraph\"><strong>C\u00e9sar\nMora Neira<\/strong><\/p>\n\n\n\n<p class=\"wp-block-paragraph\">28 amigos en com\u00fan<\/p>\n\n\n\n<p class=\"wp-block-paragraph\"><strong>William\nRamoz<\/strong><\/p>\n\n\n\n<ul class=\"wp-block-list\"><li>9 amigos en com\u00fan<\/li><\/ul>\n","protected":false},"excerpt":{"rendered":"<p>C\u00daCUTA.- La revista www.contraluzcucuta.co consult\u00f3 a los cucute\u00f1os sobre la Semana Santa, como tiempo de reflexi\u00f3n y arrepentimiento. La pregunta es: \u00bfQui\u00e9n debe arrepentirse de qu\u00e9? Estos son algunos de los comentarios que dejaron los lectores en la p\u00e1gina de Facebook. 1.- Fernando Ortega Gonzalez \u00bfReflexionar por m\u00ed o por los dem\u00e1s? 2.- Dafer Celis &hellip;<\/p>\n","protected":false},"author":1,"featured_media":34167,"comment_status":"open","ping_status":"open","sticky":false,"template":"","format":"standard","meta":{"footnotes":""},"categories":[36,4529],"tags":[19,4519,4530],"class_list":["post-34166","post","type-post","status-publish","format-standard","has-post-thumbnail","hentry","category-la-voz-del-pueblo","category-tema-del-dia","tag-semana-santa","tag-tema-del-dia","tag-tiempo-de-reflexion"],"_links":{"self":[{"href":"https:\/\/contraluzcucuta.co\/index.php?rest_route=\/wp\/v2\/posts\/34166","targetHints":{"allow":["GET"]}}],"collection":[{"href":"https:\/\/contraluzcucuta.co\/index.php?rest_route=\/wp\/v2\/posts"}],"about":[{"href":"https:\/\/contraluzcucuta.co\/index.php?rest_route=\/wp\/v2\/types\/post"}],"author":[{"embeddable":true,"href":"https:\/\/contraluzcucuta.co\/index.php?rest_route=\/wp\/v2\/users\/1"}],"replies":[{"embeddable":true,"href":"https:\/\/contraluzcucuta.co\/index.php?rest_route=%2Fwp%2Fv2%2Fcomments&post=34166"}],"version-history":[{"count":1,"href":"https:\/\/contraluzcucuta.co\/index.php?rest_route=\/wp\/v2\/posts\/34166\/revisions"}],"predecessor-version":[{"id":34168,"href":"https:\/\/contraluzcucuta.co\/index.php?rest_route=\/wp\/v2\/posts\/34166\/revisions\/34168"}],"wp:featuredmedia":[{"embeddable":true,"href":"https:\/\/contraluzcucuta.co\/index.php?rest_route=\/wp\/v2\/media\/34167"}],"wp:attachment":[{"href":"https:\/\/contraluzcucuta.co\/index.php?rest_route=%2Fwp%2Fv2%2Fmedia&parent=34166"}],"wp:term":[{"taxonomy":"category","embeddable":true,"href":"https:\/\/contraluzcucuta.co\/index.php?rest_route=%2Fwp%2Fv2%2Fcategories&post=34166"},{"taxonomy":"post_tag","embeddable":true,"href":"https:\/\/contraluzcucuta.co\/index.php?rest_route=%2Fwp%2Fv2%2Ftags&post=34166"}],"curies":[{"name":"wp","href":"https:\/\/api.w.org\/{rel}","templated":true}]}}