{"id":34162,"date":"2019-04-18T12:47:27","date_gmt":"2019-04-18T17:47:27","guid":{"rendered":"http:\/\/contraluzcucuta.co\/?p=34162"},"modified":"2019-04-18T12:48:19","modified_gmt":"2019-04-18T17:48:19","slug":"pronostico-del-ideam-en-norte-de-santander-habra-lluvias-por-encima-de-lo-normal","status":"publish","type":"post","link":"https:\/\/contraluzcucuta.co\/?p=34162","title":{"rendered":"PRON\u00d3STICO DEL IDEAM. En Norte de Santander habr\u00e1 lluvias por encima de lo normal"},"content":{"rendered":"\n<p class=\"wp-block-paragraph\">Durante estos d\u00edas santos, en Norte de\nSantander se registran valores de lluvia por encima de lo normal. La\nadvertencia la hizo el Ideam, teniendo en cuenta el flujo de viajeros por las\ncarreteras nacionales y departamentales. La fecha coincide con la primera\ntemporada de lluvias en el pa\u00eds.<\/p>\n\n\n\n<p class=\"wp-block-paragraph\">Hasta el 21 de abril, la comunidad cat\u00f3lica\nal rededor del mundo celebra la Semana Santa. Durante esta \u00e9poca se incrementa\nel flujo de personas que se movilizan en el territorio nacional hacia destinos\nde peregrinaci\u00f3n, descanso o recreaci\u00f3n.<\/p>\n\n\n\n<p class=\"wp-block-paragraph\">La Unidad Nacional para la Gesti\u00f3n del Riesgo\nde Desastres ha hecho un llamado a quienes vayan a movilizarse por las\ncarreteras del pa\u00eds para que sigan algunas recomendaciones y as\u00ed salvaguardar\nla vida y conservar las mejores condiciones de seguridad.<\/p>\n\n\n\n<p class=\"wp-block-paragraph\">El director de la UNGRD, Eduardo Jos\u00e9\nGonz\u00e1lez, se\u00f1al\u00f3 que \u201ces importante que se siga una serie de recomendaciones\ntanto de las autoridades como de los habitantes para proteger la vida y reducir\nel riesgo de emergencias frente a las actividades que se lleven a cabo\u201d.<\/p>\n\n\n\n<p class=\"wp-block-paragraph\">Debido a que esta Semana Santa coincide con\nla primera temporada de lluvias en el pa\u00eds,&nbsp;\nel Ideam indic\u00f3 que:<\/p>\n\n\n\n<p class=\"wp-block-paragraph\">1.- En gran parte de las regiones Caribe,\nPac\u00edfica y Orinoqu\u00eda habr\u00e1 lluvias con vol\u00famenes por debajo de los valores\nmedios. <\/p>\n\n\n\n<p class=\"wp-block-paragraph\">2.- En las regiones Andina y Amaz\u00f3nica se\nadvierten lluvias&nbsp; con valores cercanos a\nlos promedios del mes. <\/p>\n\n\n\n<p class=\"wp-block-paragraph\">3.- En Caldas, Quind\u00edo, Risaralda, Boyac\u00e1, Norte\nde Santander, Santander, Cundinamarca y Putumayo se registran valores de lluvia\npor encima de lo normal.<\/p>\n\n\n\n<p class=\"wp-block-paragraph\">Para evitar eventualidades en las carreteras\ndel territorio nacional, debido al clima durante esta Semana Santa la UNGRD\nhizo las siguientes recomendaciones:<\/p>\n\n\n\n<p class=\"wp-block-paragraph\">1.- Si necesita conocer el estado,\nrestricci\u00f3n de las v\u00edas o solicitar atenci\u00f3n inmediata ante emergencias,\ncomun\u00edquese a la l\u00ednea gratuita nacional #767 del Instituto Nacional de V\u00edas (Inv\u00edas).<\/p>\n\n\n\n<p class=\"wp-block-paragraph\">2.- Identifique y respete las se\u00f1ales de\ntr\u00e1nsito, as\u00ed como las recomendaciones del sector transporte para la movilidad\nen carreteras.<\/p>\n\n\n\n<p class=\"wp-block-paragraph\">&nbsp;3.- Informe\na las autoridades sobre irregularidades, incidentes, accidentes o riesgos en la\nv\u00eda. En caso de accidente mantenga la calma y comun\u00edquese con la l\u00ednea gratuita\nnacional 123 o reporte cualquier novedad a los n\u00fameros de emergencias: Cruz\nRoja 132, Defensa Civil 144, Bomberos 119.<\/p>\n\n\n\n<p class=\"wp-block-paragraph\">4.- Antes de salir, es importante la revisi\u00f3n\ngeneral de veh\u00edculos, verifique el estado mec\u00e1nico de los mismos. Recuerde\ntener al d\u00eda certificaciones y seguros exigidos por ley, las autoridades se los\nexigir\u00e1n durante su viaje.<\/p>\n\n\n\n<p class=\"wp-block-paragraph\">5.- Verifique el equipo de carretera.\nCerci\u00f3rese de tener todo lo necesario para llegar seguro al destino.<\/p>\n\n\n\n<p class=\"wp-block-paragraph\">6.- Evite conducir en la noche, especialmente\nen zonas identificadas por riesgo de deslizamiento o cuando se presenten\nlluvias, porque disminuye la visibilidad y se incrementa el riesgo de\naccidentes.<\/p>\n\n\n\n<p class=\"wp-block-paragraph\">7.- No conduzca en estado de embriaguez. Manejar\nen este estado puede causar accidentes de tr\u00e1nsito con consecuencias\nlamentables.<\/p>\n\n\n\n<p class=\"wp-block-paragraph\">8.- Si hace uso de transporte p\u00fablico\nregional e intermunicipal, verifique condiciones de seguridad del mismo, y use\nsolo con las empresas autorizadas y que cumplan los requisitos de ley.<\/p>\n\n\n\n<p class=\"wp-block-paragraph\">9.- Si durante sus desplazamientos utiliza\ntrasporte fluvial, no aborde en ning\u00fan tipo de embarcaci\u00f3n que exceda el n\u00famero\nde tripulantes o si las condiciones de seguridad no son las adecuadas. Exija el\nuso del chaleco salvavidas y \u00faselo de forma permanente durante el recorrido.<\/p>\n\n\n\n<p class=\"wp-block-paragraph\"><strong>Red\nMedios Digital<\/strong><\/p>\n","protected":false},"excerpt":{"rendered":"<p>Durante estos d\u00edas santos, en Norte de Santander se registran valores de lluvia por encima de lo normal. La advertencia la hizo el Ideam, teniendo en cuenta el flujo de viajeros por las carreteras nacionales y departamentales. La fecha coincide con la primera temporada de lluvias en el pa\u00eds. Hasta el 21 de abril, la &hellip;<\/p>\n","protected":false},"author":1,"featured_media":34163,"comment_status":"open","ping_status":"open","sticky":false,"template":"","format":"standard","meta":{"footnotes":""},"categories":[45],"tags":[2766,2422,3441],"class_list":["post-34162","post","type-post","status-publish","format-standard","has-post-thumbnail","hentry","category-destacado","tag-ideam","tag-temporada-de-lluvias","tag-ungrd"],"_links":{"self":[{"href":"https:\/\/contraluzcucuta.co\/index.php?rest_route=\/wp\/v2\/posts\/34162","targetHints":{"allow":["GET"]}}],"collection":[{"href":"https:\/\/contraluzcucuta.co\/index.php?rest_route=\/wp\/v2\/posts"}],"about":[{"href":"https:\/\/contraluzcucuta.co\/index.php?rest_route=\/wp\/v2\/types\/post"}],"author":[{"embeddable":true,"href":"https:\/\/contraluzcucuta.co\/index.php?rest_route=\/wp\/v2\/users\/1"}],"replies":[{"embeddable":true,"href":"https:\/\/contraluzcucuta.co\/index.php?rest_route=%2Fwp%2Fv2%2Fcomments&post=34162"}],"version-history":[{"count":1,"href":"https:\/\/contraluzcucuta.co\/index.php?rest_route=\/wp\/v2\/posts\/34162\/revisions"}],"predecessor-version":[{"id":34164,"href":"https:\/\/contraluzcucuta.co\/index.php?rest_route=\/wp\/v2\/posts\/34162\/revisions\/34164"}],"wp:featuredmedia":[{"embeddable":true,"href":"https:\/\/contraluzcucuta.co\/index.php?rest_route=\/wp\/v2\/media\/34163"}],"wp:attachment":[{"href":"https:\/\/contraluzcucuta.co\/index.php?rest_route=%2Fwp%2Fv2%2Fmedia&parent=34162"}],"wp:term":[{"taxonomy":"category","embeddable":true,"href":"https:\/\/contraluzcucuta.co\/index.php?rest_route=%2Fwp%2Fv2%2Fcategories&post=34162"},{"taxonomy":"post_tag","embeddable":true,"href":"https:\/\/contraluzcucuta.co\/index.php?rest_route=%2Fwp%2Fv2%2Ftags&post=34162"}],"curies":[{"name":"wp","href":"https:\/\/api.w.org\/{rel}","templated":true}]}}