{"id":34159,"date":"2019-04-18T12:09:19","date_gmt":"2019-04-18T17:09:19","guid":{"rendered":"http:\/\/contraluzcucuta.co\/?p=34159"},"modified":"2019-04-18T12:09:22","modified_gmt":"2019-04-18T17:09:22","slug":"%ef%bb%bfjueves-santo-niegan-a-monsenor-moronta-hacer-lavatorio-de-los-pies-a-reclusos-en-santa-ana","status":"publish","type":"post","link":"https:\/\/contraluzcucuta.co\/?p=34159","title":{"rendered":"\ufeffJUEVES SANTO. Niegan a monse\u00f1or Moronta hacer lavatorio de los pies a reclusos en Santa Ana"},"content":{"rendered":"\n<p class=\"wp-block-paragraph\"><strong>SAN\nCRIST\u00d3BAL \u2013 Venezuela.-<\/strong> \u201c\u00d3rdenes superiores\u201d impidieron que monse\u00f1or Mario\nMoronta, obispo de San Crist\u00f3bal, celebrara con los reclusos de la c\u00e1rcel de\nSan Anta la ceremonia del Jueves Santo. Las autoridades del Centro\nPenitenciario de Occidente, en el estado T\u00e1chira, impidieron el ingreso del\nobispo. La informaci\u00f3n la recibi\u00f3 en la puerta de la prisi\u00f3n.<\/p>\n\n\n\n<p class=\"wp-block-paragraph\">El prelado celebrar\u00eda la misa y llevar\u00eda a\ncabo el gesto del &#8216;lavatorio de los pies\u2019 a los encarcelados. A las 8:00 de la\nma\u00f1ana, \u201cel capell\u00e1n me aguardaba para decirme con preocupaci\u00f3n que no\npermit\u00edan que entrara y celebrara. Eran \u00f3rdenes superiores\u201d. Monse\u00f1or respondi\u00f3\nque no se preocupara, que celebrara y trasmitiera los privados de libertad su saludo\ny bendici\u00f3n.<\/p>\n\n\n\n<p class=\"wp-block-paragraph\">\u201cEn la Constituci\u00f3n, adem\u00e1s de los derechos\nfundamentales que brotan de la dignidad humana, se declara la libertad de culto\nsi conlleva el recto desarrollo del ministerio sacerdotal. Ni se trata de un\nacto cualquiera ni mucho menos de tipo pol\u00edtico\u201d, dijo monse\u00f1or Moronta.<\/p>\n\n\n\n<p class=\"wp-block-paragraph\">Asever\u00f3 dem\u00e1s que en una aut\u00e9ntica democracia esto no suceder\u00eda. La ceremonia de hoy expresa la caridad y en el caso de los privados de libertad es una manifestaci\u00f3n de la opci\u00f3n preferencial por los pobres, explic\u00f3 el pastor cat\u00f3lico. \u201cEn una aut\u00e9ntica democracia, con libertad y justicia, eso no pasar\u00eda\u201d.<\/p>\n\n\n\n<p class=\"wp-block-paragraph\">Ahora, le resta rezar \u201cpor quienes tomaron\nesa decisi\u00f3n, pidi\u00e9ndole al Sumo y Eterno Sacerdote toque sus corazones y les\nd\u00e9 la gracia y luz que tanto necesitan\u201d, y seguir\u00e1 en \u201ccomuni\u00f3n de servicio\neclesial con el Pueblo de Dios\u201d.<\/p>\n\n\n\n<p class=\"wp-block-paragraph\">Como todos los a\u00f1os, cada Jueves Santo,\nmonse\u00f1or Mario Moronta &nbsp;celebra en el Centro\nPenitenciario de Occidente para tener la oportunidad de compartir con los\nprivados de libertad el mandamiento nuevo del amor y la instituci\u00f3n de la\nEucarist\u00eda. \u201cBonita manera de conmemorar el sacerdocio de Jesucristo\u201d. Adem\u00e1s\nde lavar los pies a algunos de los internos, se acerca a cada uno para\nofrecerles un gesto de fraternidad y una palabra de aliento.<\/p>\n\n\n\n<p class=\"wp-block-paragraph\">La ceremonia expresa la caridad y en el caso\nde los privados de libertad es una manifestaci\u00f3n de la opci\u00f3n preferencial por\nlos pobres. \u201cLo siento mucho por quienes esperaban al Obispo, que acud\u00eda como\nPastor. Est\u00e1n siempre en mi oraci\u00f3n\u2026 Seguiremos siendo fieles a Jes\u00fas, y en\ncomuni\u00f3n de servicio eclesiales al Pueblo de Dios.<\/p>\n","protected":false},"excerpt":{"rendered":"<p>SAN CRIST\u00d3BAL \u2013 Venezuela.- \u201c\u00d3rdenes superiores\u201d impidieron que monse\u00f1or Mario Moronta, obispo de San Crist\u00f3bal, celebrara con los reclusos de la c\u00e1rcel de San Anta la ceremonia del Jueves Santo. Las autoridades del Centro Penitenciario de Occidente, en el estado T\u00e1chira, impidieron el ingreso del obispo. La informaci\u00f3n la recibi\u00f3 en la puerta de la &hellip;<\/p>\n","protected":false},"author":1,"featured_media":34160,"comment_status":"open","ping_status":"open","sticky":false,"template":"","format":"standard","meta":{"footnotes":""},"categories":[1326,4],"tags":[4528,1584,2491],"class_list":["post-34159","post","type-post","status-publish","format-standard","has-post-thumbnail","hentry","category-crisis-en-venezuela-2","category-barra","tag-carcel-de-santa-ana","tag-diocesis-de-san-cristobal","tag-monsenor-mario-moronta"],"_links":{"self":[{"href":"https:\/\/contraluzcucuta.co\/index.php?rest_route=\/wp\/v2\/posts\/34159","targetHints":{"allow":["GET"]}}],"collection":[{"href":"https:\/\/contraluzcucuta.co\/index.php?rest_route=\/wp\/v2\/posts"}],"about":[{"href":"https:\/\/contraluzcucuta.co\/index.php?rest_route=\/wp\/v2\/types\/post"}],"author":[{"embeddable":true,"href":"https:\/\/contraluzcucuta.co\/index.php?rest_route=\/wp\/v2\/users\/1"}],"replies":[{"embeddable":true,"href":"https:\/\/contraluzcucuta.co\/index.php?rest_route=%2Fwp%2Fv2%2Fcomments&post=34159"}],"version-history":[{"count":1,"href":"https:\/\/contraluzcucuta.co\/index.php?rest_route=\/wp\/v2\/posts\/34159\/revisions"}],"predecessor-version":[{"id":34161,"href":"https:\/\/contraluzcucuta.co\/index.php?rest_route=\/wp\/v2\/posts\/34159\/revisions\/34161"}],"wp:featuredmedia":[{"embeddable":true,"href":"https:\/\/contraluzcucuta.co\/index.php?rest_route=\/wp\/v2\/media\/34160"}],"wp:attachment":[{"href":"https:\/\/contraluzcucuta.co\/index.php?rest_route=%2Fwp%2Fv2%2Fmedia&parent=34159"}],"wp:term":[{"taxonomy":"category","embeddable":true,"href":"https:\/\/contraluzcucuta.co\/index.php?rest_route=%2Fwp%2Fv2%2Fcategories&post=34159"},{"taxonomy":"post_tag","embeddable":true,"href":"https:\/\/contraluzcucuta.co\/index.php?rest_route=%2Fwp%2Fv2%2Ftags&post=34159"}],"curies":[{"name":"wp","href":"https:\/\/api.w.org\/{rel}","templated":true}]}}