{"id":34156,"date":"2019-04-18T11:36:41","date_gmt":"2019-04-18T16:36:41","guid":{"rendered":"http:\/\/contraluzcucuta.co\/?p=34156"},"modified":"2019-04-18T11:36:44","modified_gmt":"2019-04-18T16:36:44","slug":"%ef%bb%bfmano-a-mano-con-adrian-gonzalez-encontre-mi-felicidad-por-medio-de-una-pelota","status":"publish","type":"post","link":"https:\/\/contraluzcucuta.co\/?p=34156","title":{"rendered":"\ufeffMANO A MANO CON\u2026 Adri\u00e1n Gonz\u00e1lez: Encontr\u00e9 mi felicidad por medio de una pelota"},"content":{"rendered":"\n<p class=\"wp-block-paragraph\"><strong>C\u00daCUTA.- Adri\u00e1n Gonz\u00e1lez, por medio de la carrera futbol\u00edstica, ha adquirido experiencia en los clubes donde jug\u00f3 para luego aportar al esquema de Sebasti\u00e1n M\u00e9ndez dentro y fuera de la cancha. Este argentino, que como jugador fue conocido como \u2018El Beckman argentino\u2019, no se arrepiente de haber venido al C\u00facuta Deportivo y espera dar lo mejor para lograr los objetivos. <\/strong><\/p>\n\n\n\n<p class=\"wp-block-paragraph\"><strong>\u00bfC\u00f3mo\nfue la infancia de Adri\u00e1n Gonz\u00e1lez?<\/strong><\/p>\n\n\n\n<ul class=\"wp-block-list\"><li><em>Feliz. Eran otros tiempos, nac\u00ed en 1976, en la \u00e9poca\ndif\u00edcil de dictadura militar. Tuve una ni\u00f1ez feliz por el hecho de estar cerca\na lo que llam\u00e1bamos potreros, que son campos &nbsp;de f\u00fatbol en tierra o &nbsp;pasto al lado de las v\u00edas del tren o en\ncualquier espacio. Por suerte nac\u00ed en ese lugar y ah\u00ed encontr\u00e9 la felicidad por\nmedio de una pelota, con el respaldo de mi viejo y mi mam\u00e1. Tengo dos hermanas\nmayores y tambi\u00e9n he recibido su apoyo. As\u00ed que pas\u00e9 una infancia feliz por el\nhecho de jugar, de tener esa libertad de &nbsp;estar en la calle con la pelota, a pesar de que\nen esa \u00e9poca hab\u00eda mucha violencia. <\/em><\/li><\/ul>\n\n\n\n<p class=\"wp-block-paragraph\"><strong>\u00bfC\u00f3mo\ninicia su historia con el f\u00fatbol?<\/strong><\/p>\n\n\n\n<ul class=\"wp-block-list\"><li><em>Creo que desde chico, uno lo trae innato. Mi abuelo fue\npresidente del Club Victoriano Arenas, equipo del ascenso argentino, &nbsp;crec\u00ed a la vuelta de la sede. Mi t\u00edo, por\nparte de padre, fue jugador profesional, o sea que uno a eso lo ama, lo siente\ncercano. Me llevaron a la cancha desde chico, al estadio de Racing, por mi\nviejo y mi t\u00edo, y a la cancha de Independiente, porque nac\u00ed en Avellaneda. Son\nlos equipos m\u00e1s cercanos que tengo. A los 4 a\u00f1os, empec\u00e9 a vivir el f\u00fatbol\ngracias al club Victoriano Arenas. <\/em><\/li><\/ul>\n\n\n\n<p class=\"wp-block-paragraph\"><strong>\u00bfCu\u00e1l\nfue el primer club en darle la oportunidad de debutar?<\/strong><\/p>\n\n\n\n<ul class=\"wp-block-list\"><li>Debut\u00e9 a los 17 a\u00f1os,\nen el club El Porvenir, del ascenso argentino.<\/li><\/ul>\n\n\n\n<p class=\"wp-block-paragraph\"><strong>\u00bfQu\u00e9\nrecuerdos tiene de esos primeros pasos como jugador profesional?<\/strong><\/p>\n\n\n\n<ul class=\"wp-block-list\"><li><em>Siempre cuestan, son pasos dif\u00edciles, fueron de golpe,\naunque uno a veces siempre lo espera. Cuando juegas de chico no ves tan cerca la\noportunidad de debutar, ten\u00eda 17 a\u00f1os, venia de jugar en la reserva de El\nPorvenir. Lo intu\u00eda, debido a que ven\u00eda en entrenamientos con el plantel\nprofesional que en alg\u00fan momento me iba a llegar el d\u00eda del debut. Gracias a\nDios se dio. A partir de ah\u00ed comienzas a ser profesional, sin tener contrato o\nsueldo, act\u00faas como jugador profesional, te desenvuelves en un vestuario que\nvive del f\u00fatbol, no est\u00e1s con m\u00e1s j\u00f3venes de tu edad. Te das cuenta de que llegaste\na un lugar donde es dif\u00edcil llegar, pero lo m\u00e1s dif\u00edcil es mantenerse.<\/em><\/li><\/ul>\n\n\n\n<p class=\"wp-block-paragraph\"><strong>\u00bfQu\u00e9\nrecuerda de ese primer partido como profesional?&nbsp; <\/strong><\/p>\n\n\n\n<ul class=\"wp-block-list\"><li><em>Fue en octubre, frente a Argentinos de Quilmes, en la\ntercera divisi\u00f3n (Primera B). Debut\u00e9 en una cancha hist\u00f3rica, porque Argentino\nde Quilmes es el club criollo de la Argentina, lo malo fue que ese d\u00eda perdimos\n(3-1). Tuve un buen partido y eso me sirvi\u00f3 para darme la confianza de jugar y\nde soltarme.<\/em><\/li><\/ul>\n\n\n\n<p class=\"wp-block-paragraph\"><strong>\u00bfC\u00f3mo\nlleg\u00f3 a San Lorenzo?<\/strong><\/p>\n\n\n\n<ul class=\"wp-block-list\"><li><em>En El Porvenir estuve 4 a\u00f1os, en el \u00faltimo fuimos\ncampeones en el ascenso de 1997. No era un torneo que se televisaba, el d\u00eda de\nla final lo trasmitieron, tuve un partido destacado, fui la figura y me\nescogieron como uno de los tres jugadores revelaci\u00f3n de aquel torneo. Eso dio\nla oportunidad para que Hurac\u00e1n y San Lorenzo trataran de ficharme. El t\u00e9cnico\nde Hurac\u00e1n hab\u00eda hablado conmigo y estaba todo listo para irme al \u2018Globo\u2019. En\nuna negociaci\u00f3n r\u00e1pida, termin\u00e9 por ir a San Lorenzo, en 1998, y ah\u00ed empieza mi\nhistoria con el club azulgrana. <\/em><\/li><\/ul>\n\n\n\n<p class=\"wp-block-paragraph\"><strong>\u00bfSe le\nhizo dif\u00edcil la adaptaci\u00f3n al \u2018Cicl\u00f3n\u2019?<\/strong><\/p>\n\n\n\n<ul class=\"wp-block-list\"><li><em>No s\u00e9 si fue dif\u00edcil. Recuerdo que tuve un proceso de\nadaptaci\u00f3n que lo jugu\u00e9 en reserva y en ese momento la reserva jugaba antes del\npartido de primera divisi\u00f3n. Era una competencia hermosa, jugabas en las\ncanchas principales y eso te daba una cierta experiencia para el d\u00eda que te\ntocara jugar en primera. Eso me sirvi\u00f3 mucho, porque en octubre debut\u00e9 con el\nequipo profesional.<\/em><\/li><\/ul>\n\n\n\n<p class=\"wp-block-paragraph\"><strong>\u00bfQu\u00e9\nrecuerda de ese primer partido con la camiseta de San Lorenzo?<\/strong><\/p>\n\n\n\n<ul class=\"wp-block-list\"><li><em>Es un recuerdo muy lindo. El t\u00e9cnico era Alfio \u2018El Coco\u2019\nBasile. San Lorenzo en ese momento jugaba la S\u00faper Copa y el equipo principal\nten\u00eda que viajar a Belo Horizonte para disputar un partido contra Cruzeiro. Ese\nd\u00eda los 11 \u00e9ramos puros juveniles. Es un recuerdo hermoso, a pesar de haber\nperdido (3-2) contra Gimnasia y Esgrima de la Plata.<\/em><\/li><\/ul>\n\n\n\n<p class=\"wp-block-paragraph\"><strong>\u00bfSu\nprimer cl\u00e1sico con San Lorenzo?<\/strong><\/p>\n\n\n\n<ul class=\"wp-block-list\"><li><em>Fue ese mismo a\u00f1o, en cancha de V\u00e9lez, entr\u00e9 en el\nsegundo tiempo por el \u2018Chacho\u2019 Coudet, en los \u00faltimos 15 minutos. Ganamos (2-1)\ny con equipo de estrellas, Coudet, Gorosito, Beto Acosta, Iv\u00e1n Ramiro C\u00f3rdoba,\nentre otros, y con la presencia de ambas hinchadas.&nbsp; <\/em><\/li><\/ul>\n\n\n\n<p class=\"wp-block-paragraph\"><strong>\u00bfFue\ndif\u00edcil ganarse el coraz\u00f3n de los azulgranas? <\/strong><\/p>\n\n\n\n<ul class=\"wp-block-list\"><li><em>S\u00ed, pero el tiempo ayud\u00f3 mucho. Tuve dos etapas en San\nLorenzo. La primera, fue duro el proceso de adaptaci\u00f3n. Al a\u00f1o siguiente fue un\ngran a\u00f1o futbol\u00edstico, me citaron a la Selecci\u00f3n Sub 23 de Argentina, despu\u00e9s\nde una lesi\u00f3n qued\u00e9 marginado, me operaron, tuve momentos intermitentes y en el\n2001 me fui a pr\u00e9stamo. La segunda, inici\u00f3 en el 2004, estaba m\u00e1s aplomado, con\nm\u00e1s experiencia y la gente me recuerda. <\/em><\/li><\/ul>\n\n\n\n<p class=\"wp-block-paragraph\"><strong>\u00bfQu\u00e9 recuerda\nde su pas\u00f3 por Uni\u00f3n de Santa Fe?<\/strong><\/p>\n\n\n\n<ul class=\"wp-block-list\"><li><em>Despu\u00e9s de esos tres a\u00f1os en San Lorenzo, en el 2001 salimos\ncampeones, al equipo lo manejaba Manuel Pellegrini. Me dijo que optara por una\nopci\u00f3n a pr\u00e9stamo, porque no me iba a tener en cuenta. Llegu\u00e9 a Uni\u00f3n, en el\nprimer a\u00f1o mantenemos la categor\u00eda despu\u00e9s de jugar la promoci\u00f3n&nbsp; y ganarla. Al segundo, ven\u00edamos de malos\npromedios y perdimos la categor\u00eda. Lo bueno fue que estuve dos a\u00f1os, agarr\u00e9\nexperiencia y pude jugar todos los partidos. <\/em><\/li><\/ul>\n\n\n\n<p class=\"wp-block-paragraph\"><strong>\u00bfC\u00f3mo\nera Oscar Ruggeri como entrenador en San Lorenzo?<\/strong><\/p>\n\n\n\n<ul class=\"wp-block-list\"><li><em>Igual que en su etapa como jugador. \u2018El Cabez\u00f3n\u2019 era un\ntipo exigente, de experiencia, dominio en los planteles, con liderazgo. Tuvimos\nun excelente 1999 y por poco no salimos campeones. En el 2000, prepar\u00f3&nbsp; el equipo que despu\u00e9s saldr\u00eda campe\u00f3n de la\nmano de Pellegrini. En general, la etapa m\u00eda con Ruggeri, en San Lorenzo, fue\nmuy buena. <\/em><\/li><\/ul>\n\n\n\n<p class=\"wp-block-paragraph\"><strong>\u00bfPor qu\u00e9\ny c\u00f3mo lleg\u00f3 a Banfield?<\/strong><\/p>\n\n\n\n<ul class=\"wp-block-list\"><li><em>Porque se me terminaron los dos a\u00f1os de pr\u00e9stamo en Uni\u00f3n.\nEn San Lorenzo, a pesar de seguir vinculado, el t\u00e9cnico no me iba a tener en\ncuenta, me llam\u00f3 Julio C\u00e9sar Falcioni y me dijo que iba a armar un grupo. Ah\u00ed\ntom\u00e9 la decisi\u00f3n de irme para Banfield. La verdad, tuvimos un excelente a\u00f1o y\nme vino bien porque tuve continuidad y termin\u00e9 por formarme como jugador\nprofesional. El primer a\u00f1o quedamos subcampeones; al siguiente a\u00f1o, quedamos\nterceros y clasificamos a la Copa Libertadores por primera vez en la historia\ndel club, y despu\u00e9s me devolv\u00ed para San Lorenzo. <\/em><\/li><\/ul>\n\n\n\n<p class=\"wp-block-paragraph\"><strong>\u00bfQu\u00e9\nrecuerda de Falcioni? <\/strong><\/p>\n\n\n\n<ul class=\"wp-block-list\"><li><em>Es un gran t\u00e9cnico, gran persona, entrenador met\u00f3dico, de\nmucha disciplina, de estar en el detalle. Lo que hizo en Banfield en ese primer\na\u00f1o, en el que estuve, llegamos a instancias finales y qued\u00f3 eliminado por R\u00edver.\nAs\u00ed que de Julio solo se puede hablar que es un gran entrenador. <\/em><\/li><\/ul>\n\n\n\n<p class=\"wp-block-paragraph\"><strong>\u00bfQu\u00e9\npasa por su cabeza cuando le dicen que hay la posibilidad de volver a San\nLorenzo?<\/strong><\/p>\n\n\n\n<ul class=\"wp-block-list\"><li><em>Sent\u00ed en ese momento que estaba preparado para volver,\ndebido a que hab\u00eda tenido tres a\u00f1os de buenos rendimientos, ten\u00eda muchos\npartidos, as\u00ed que decid\u00ed regresar. Cuando llegu\u00e9, el entrenador era Gorosito,\ndespu\u00e9s se fue y lleg\u00f3 el \u2018Bambino\u2019 Veira. El 2004, 2005 y 2006 no fueron\nbuenos momentos para el equipo. De a poco se formaba una base y fuimos\nadquiriendo experiencia para lo que fue el 2007. Quedamos campeones. <\/em><\/li><\/ul>\n\n\n\n<p class=\"wp-block-paragraph\"><strong>\u00bfQu\u00e9\nrecuerda de ese San Lorenzo?<\/strong><\/p>\n\n\n\n<ul class=\"wp-block-list\"><li><em>En el 2007, el equipo fue extraordinario, el t\u00e9cnico era\nRam\u00f3n D\u00edaz, estaban&nbsp; \u2018La Gata\u2019 Fern\u00e1ndez,\nSilvera, \u2018El Lobo\u2019 Ledesma, Lavezzi y Sebasti\u00e1n M\u00e9ndez. Ganamos bien el torneo\ny quedamos campeones a falta de dos fechas. <\/em><\/li><\/ul>\n\n\n\n<p class=\"wp-block-paragraph\"><strong>\u00bfC\u00f3mo\nes Ram\u00f3n D\u00edaz como t\u00e9cnico?<\/strong><\/p>\n\n\n\n<ul class=\"wp-block-list\"><li><em>Ram\u00f3n es un entrenador con intuici\u00f3n, de buen paladar\nfutbol\u00edstico y de saber elegir los jugadores.<\/em><\/li><\/ul>\n\n\n\n<p class=\"wp-block-paragraph\"><strong>\u00bfQu\u00e9\ntiene la hinchada de San Lorenzo que la hace diferente a las dem\u00e1s?<\/strong><\/p>\n\n\n\n<ul class=\"wp-block-list\"><li><em>La hinchada de San Lorenzo es \u00fanica, es&nbsp; una fanaticada fiel, seguidora,\nmultitudinaria. Cuando est\u00e1 en las buenas, apoya. Recordemos que no es f\u00e1cil\njugar fuera de la cancha y encontraron en el gas\u00f3metro, cerca de Boedo, un\nestadio donde pueden estar, pero siguen en busca de recuperarlo, porque se lo\nquitaron. La hinchada de San Lorenzo es \u00fanica y una de las m\u00e1s grandes de\nArgentina. <\/em><\/li><\/ul>\n\n\n\n<p class=\"wp-block-paragraph\"><strong>\u00bfC\u00f3mo\nera Sebasti\u00e1n M\u00e9ndez como jugador?<\/strong><\/p>\n\n\n\n<ul class=\"wp-block-list\"><li><em>Fuerte, aguerrido, buen central, aplicado t\u00e1cticamente,\nterminaba de cerrar bien la jugada. Quiz\u00e1s esas virtudes lo llevaron a jugar en\nEuropa, lo que significa que est\u00e1 en nivel alto y que puede estar en la elite\ndel f\u00fatbol mundial.<\/em><\/li><\/ul>\n\n\n\n<p class=\"wp-block-paragraph\"><strong>\u00bfC\u00f3mo\nlleg\u00f3 a San Pablo?<\/strong><\/p>\n\n\n\n<ul class=\"wp-block-list\"><li><em>Me toc\u00f3 ir a San Pablo, porque en San Lorenzo se me acab\u00f3\nel contrato y no me iban a renovar. Se dio la oportunidad de ir a Brasil, a un\nclub en el que hab\u00eda querido jugar debido a que de ah\u00ed salieron Caf\u00fa, Cen\u00ed y\nKak\u00e1. Ese fue el momento m\u00e1s alto de mi carrera. Los primeros seis meses\npeleamos el torneo local y quedamos subcampeones. Para el segundo semestre\ncontrataron jugadores y qued\u00e9 relegado. Cichino vuelve de la Roma y le dan prioridad\na la Copa Libertadores. Termin\u00e9 por jugar el torneo Paulista, despu\u00e9s fui a\nArsenal. <\/em><\/li><\/ul>\n\n\n\n<p class=\"wp-block-paragraph\"><strong>\u00bfPor\nqu\u00e9 Arsenal de Sarand\u00ed?<\/strong><\/p>\n\n\n\n<ul class=\"wp-block-list\"><li><em>Me hab\u00eda llamado el hijo de Grondona, sab\u00eda que me\ndevolv\u00eda de Brasil y estaba Alfaro como t\u00e9cnico, que me hab\u00eda dirigido en San\nLorenzo. Dio el visto bueno y regres\u00e9 a Argentina. Encontr\u00e9 en ese momento un\ngrupo excelente. El primer a\u00f1o fue bueno, clasificamos a las copas, y el\nsegundo a\u00f1o peleamos el torneo y ganamos el Clausura 2012. Tambi\u00e9n gratos\nrecuerdos de Arsenal. <\/em><\/li><\/ul>\n\n\n\n<p class=\"wp-block-paragraph\"><strong>\u00bfC\u00f3mo\nes Gustavo Alfaro como t\u00e9cnico? <\/strong><\/p>\n\n\n\n<ul class=\"wp-block-list\"><li><em>Es un gran t\u00e9cnico, con similitudes con Julio Falcioni,\ncalculador en todos los movimientos, no solo de su equipo, sino del rival,\ncapacitado. De hecho hoy est\u00e1 en su mejor momento con la direcci\u00f3n t\u00e9cnica de\nBoca. Bien merecido lo tiene, porque ha hecho una carrera buena, fue campe\u00f3n con\nArsenal, San Lorenzo y otros equipos. Es un gran entrenador. <\/em><\/li><\/ul>\n\n\n\n<p class=\"wp-block-paragraph\"><strong>\u00bfPor qu\u00e9\nse retir\u00f3 del f\u00fatbol?<\/strong><\/p>\n\n\n\n<ul class=\"wp-block-list\"><li><em>Me retir\u00e9 cuando sal\u00ed campe\u00f3n, en el 2012, antes fue la\nmuerte de mi padre y me hab\u00eda pegado. Se termin\u00f3 el contrato con Arsenal, no me\niban a renovar y pens\u00e9 que hasta ah\u00ed iba mi carrera. Me llam\u00f3 un amigo que\nhab\u00eda compartido conmigo en San Lorenzo y me dijo que el presidente de Platense\nquer\u00eda contar conmigo. Me convencieron de jugar un a\u00f1o con la condici\u00f3n de\npelear campeonato. Estaba bien f\u00edsicamente, lastimosamente no se logr\u00f3 el\nobjetivo. Aquella tarde perdimos por penales y decid\u00ed dejar hasta ah\u00ed mi\ncarrera, porque estaba cansando y cuando eres veterano tomas otros roles en el\nequipo que te desgastan mentalmente.<\/em><\/li><\/ul>\n\n\n\n<p class=\"wp-block-paragraph\"><strong>\u00bfQu\u00e9\nrecuerda de su padre?<\/strong><\/p>\n\n\n\n<ul class=\"wp-block-list\"><li><em>Mi padre era un crac. Me acompa\u00f1\u00f3 siempre, era laburante,\nfletero. Desde joven, por problemas cardiacos, le toc\u00f3 jubilarse. Agarr\u00f3 la\ncamioneta y hac\u00eda mudanzas. Siempre me acompa\u00f1aba hasta donde pod\u00eda y los\n\u00faltimos a\u00f1os de mi carrera, por suerte, me vio jugar, me vio debutar, hacer la\ncarrera que hice y eso me deja tranquilo. <\/em><\/li><\/ul>\n\n\n\n<p class=\"wp-block-paragraph\"><strong>\u00bfEl\nmejor consejo que le haya dicho su padre?<\/strong><\/p>\n\n\n\n<ul class=\"wp-block-list\"><li><em>Que siguiera intent\u00e1ndolo y que cada d\u00eda lo intentara\npara ser el mejor, pero no me lo dec\u00eda con palabras, sino con sus hechos. Se\nlevantaba todos los d\u00edas bien temprano para conseguir lo mejor para nosotros\ncomo hijos, tra\u00eda siempre el pan a la mesa, ese es el mejor ejemplo que se\npuede dar, m\u00e1s all\u00e1 de las palabras.&nbsp; <\/em><\/li><\/ul>\n\n\n\n<p class=\"wp-block-paragraph\"><strong>\u00bfC\u00f3mo\nlleg\u00f3 a ser t\u00e9cnico? <\/strong><\/p>\n\n\n\n<ul class=\"wp-block-list\"><li><em>Hice el curso por curiosidad, cuando jugaba en Arsenal,\nsab\u00eda que ten\u00eda que estar preparado por si me picaba \u201cel bicho de dirigir\u201d. Dur\u00e9\nvarios a\u00f1os estudiando, yendo dos d\u00edas por semana a clase y, despu\u00e9s, durante\notros dos a\u00f1os me desvincul\u00e9 del f\u00fatbol. Iba a partidos a entrenamientos a\nobservar. En el 2016, Sebasti\u00e1n M\u00e9ndez me llam\u00f3 para integrar el cuerpo t\u00e9cnico\nen Godoy Cruz y desde ah\u00ed son 4 a\u00f1os de trabajo con el profe.<\/em><\/li><\/ul>\n\n\n\n<p class=\"wp-block-paragraph\"><strong>\u00bfQu\u00e9 le\npas\u00f3 por la cabeza cuando M\u00e9ndez le cont\u00f3 sobre la<\/strong> <strong>oferta del C\u00facuta Deportivo?<\/strong><\/p>\n\n\n\n<ul class=\"wp-block-list\"><li><em>Recuerdo que le dije: \u2018\u00a1Vamos!\u2019, porque somos personas\nque nos gustan los restos grandes, estamos preparados para levantar grupos y\nllevarlos&nbsp; hacia los objetivos. No lo\npensamos mucho, pero s\u00ed hicimos un an\u00e1lisis previo del grupo y del equipo, y basados\nen eso tomamos la decisi\u00f3n. Nos llev\u00f3 una semana tomar la decisi\u00f3n y esperamos\nque todos los objetivos se cumplan.<\/em><\/li><\/ul>\n\n\n\n<p class=\"wp-block-paragraph\"><strong>\u00bfSe\narrepienten de la decisi\u00f3n?<\/strong><\/p>\n\n\n\n<ul class=\"wp-block-list\"><li><em>No para nada. La hinchada, la gente que mueve el club,\nmotiva a no arrepentirse. Si no se cumplen los objetivos no nos arrepentimos de\nestar ac\u00e1.<\/em><\/li><\/ul>\n\n\n\n<p class=\"wp-block-paragraph\"><strong>\u00bfQu\u00e9\nrecuerda del debut contra Rionegro \u00c1guilas?<\/strong><\/p>\n\n\n\n<ul class=\"wp-block-list\"><li><em>Muchos nervios. No sab\u00edamos con lo que nos \u00edbamos a\nencontrar, con la gente, con la respuesta del jugador, que fuera lo mismo que\nen la pretemporada y en los amistosos. Siempre en el primer partido hay\nnerviosismo y la verdad es que los chicos rompieron el hielo y nos llevamos un\ngrato recuerdo.<\/em><\/li><\/ul>\n\n\n\n<p class=\"wp-block-paragraph\"><strong>\u00bfSe han\nvuelto con el paso del tiempo hinchas del C\u00facuta Deportivo?<\/strong><\/p>\n\n\n\n<ul class=\"wp-block-list\"><li><em>Si total. Hoy en Colombia pensamos que solo hay C\u00facuta y\nno hay m\u00e1s. <\/em><\/li><\/ul>\n\n\n\n<p class=\"wp-block-paragraph\"><strong>\u00bfC\u00f3mo\npodemos describir a Adri\u00e1n Gonz\u00e1lez?<\/strong><\/p>\n\n\n\n<ul class=\"wp-block-list\"><li><em>Es dif\u00edcil describirse uno mismo. Soy tranquilo, me gusta\nhacer lo que hago, amo jugar al f\u00fatbol, me encanta esta profesi\u00f3n, la\nadrenalina que genera, trato de ser pensante y de ser \u00fatil para solucionar los\nproblemas. <\/em><\/li><\/ul>\n\n\n\n<p class=\"wp-block-paragraph\"><strong>JORDY\nORLANDO CRUZ<\/strong><\/p>\n","protected":false},"excerpt":{"rendered":"<p>C\u00daCUTA.- Adri\u00e1n Gonz\u00e1lez, por medio de la carrera futbol\u00edstica, ha adquirido experiencia en los clubes donde jug\u00f3 para luego aportar al esquema de Sebasti\u00e1n M\u00e9ndez dentro y fuera de la cancha. Este argentino, que como jugador fue conocido como \u2018El Beckman argentino\u2019, no se arrepiente de haber venido al C\u00facuta Deportivo y espera dar lo &hellip;<\/p>\n","protected":false},"author":1,"featured_media":34157,"comment_status":"open","ping_status":"open","sticky":false,"template":"","format":"standard","meta":{"footnotes":""},"categories":[4,28],"tags":[4527,4378,301],"class_list":["post-34156","post","type-post","status-publish","format-standard","has-post-thumbnail","hentry","category-barra","category-vistazo-deportivo","tag-adrian-gonzalez","tag-cucuta-deportivo-2019","tag-futbol-profesional-colombiano"],"_links":{"self":[{"href":"https:\/\/contraluzcucuta.co\/index.php?rest_route=\/wp\/v2\/posts\/34156","targetHints":{"allow":["GET"]}}],"collection":[{"href":"https:\/\/contraluzcucuta.co\/index.php?rest_route=\/wp\/v2\/posts"}],"about":[{"href":"https:\/\/contraluzcucuta.co\/index.php?rest_route=\/wp\/v2\/types\/post"}],"author":[{"embeddable":true,"href":"https:\/\/contraluzcucuta.co\/index.php?rest_route=\/wp\/v2\/users\/1"}],"replies":[{"embeddable":true,"href":"https:\/\/contraluzcucuta.co\/index.php?rest_route=%2Fwp%2Fv2%2Fcomments&post=34156"}],"version-history":[{"count":1,"href":"https:\/\/contraluzcucuta.co\/index.php?rest_route=\/wp\/v2\/posts\/34156\/revisions"}],"predecessor-version":[{"id":34158,"href":"https:\/\/contraluzcucuta.co\/index.php?rest_route=\/wp\/v2\/posts\/34156\/revisions\/34158"}],"wp:featuredmedia":[{"embeddable":true,"href":"https:\/\/contraluzcucuta.co\/index.php?rest_route=\/wp\/v2\/media\/34157"}],"wp:attachment":[{"href":"https:\/\/contraluzcucuta.co\/index.php?rest_route=%2Fwp%2Fv2%2Fmedia&parent=34156"}],"wp:term":[{"taxonomy":"category","embeddable":true,"href":"https:\/\/contraluzcucuta.co\/index.php?rest_route=%2Fwp%2Fv2%2Fcategories&post=34156"},{"taxonomy":"post_tag","embeddable":true,"href":"https:\/\/contraluzcucuta.co\/index.php?rest_route=%2Fwp%2Fv2%2Ftags&post=34156"}],"curies":[{"name":"wp","href":"https:\/\/api.w.org\/{rel}","templated":true}]}}