{"id":34143,"date":"2019-04-15T21:40:22","date_gmt":"2019-04-16T02:40:22","guid":{"rendered":"http:\/\/contraluzcucuta.co\/?p=34143"},"modified":"2019-04-15T21:40:25","modified_gmt":"2019-04-16T02:40:25","slug":"%ef%bb%bfplan-de-impacto-50-medidas-para-la-reactivacion-de-la-economia-en-la-frontera-colombo-venezolana","status":"publish","type":"post","link":"https:\/\/contraluzcucuta.co\/?p=34143","title":{"rendered":"\ufeffPLAN DE IMPACTO. 50 medidas para la reactivaci\u00f3n de la econom\u00eda en la frontera colombo-venezolana"},"content":{"rendered":"\n<p class=\"wp-block-paragraph\">El presidente Iv\u00e1n Duque revel\u00f3, en la reciente\nvisita a C\u00facuta, las 50 medidas transversales y focalizadas contenidas en el Plan\nde Impacto para\nla atenci\u00f3n integral de la frontera colombo-venezolana. El documento fue\npreparado por 32 directores y altos funcionarios del Estado de diversas\nentidades, encabezados por la vicepresidenta Marta Luc\u00eda Ram\u00edrez. <\/p>\n\n\n\n<p class=\"wp-block-paragraph\">Las medidas trasversales del Plan abarcan tres \u00e1reas: <\/p>\n\n\n\n<p class=\"wp-block-paragraph\">1.- Fomento de inversi\u00f3n, competitividad y\nnuevos empleos<\/p>\n\n\n\n<p class=\"wp-block-paragraph\">2.- Atenci\u00f3n humanitaria y medidas de\nsalubridad<\/p>\n\n\n\n<p class=\"wp-block-paragraph\">3.- Fortalecimiento institucional.<\/p>\n\n\n\n<p class=\"wp-block-paragraph\">Las medidas espec\u00edficas para Norte de Santander\nson las siguientes:<\/p>\n\n\n\n<p class=\"wp-block-paragraph\">\u2014Incremento del PAE: El Ministerio de\nRelaciones Exteriores y la Gerencia de Fronteras consiguieron, a trav\u00e9s de\ncooperaci\u00f3n internacional, 7.800 raciones o cupos de alimentaci\u00f3n escolar PAE\nadicional para C\u00facuta, beneficiando a 92 instituciones educativas.<\/p>\n\n\n\n<p class=\"wp-block-paragraph\">\u2014Nuevos recursos del Fondo Emprender: El\nSena, con el apoyo de la Alcald\u00eda de C\u00facuta, abrir\u00e1 convocatoria por 2.000\nmillones para apalancar emprendimientos que deben generar un m\u00ednimo de 200\nnuevos empleos para el \u00e1rea metropolitana.<\/p>\n\n\n\n<p class=\"wp-block-paragraph\">\u2014Encadenamientos locales: Compromiso del\nGobierno nacional para adquirir la gran mayor\u00eda de los elementos necesarios\npara la ayuda humanitaria con proveedores locales de Norte de Santander, as\u00ed\ncomo hacer lo posible por que la cooperaci\u00f3n internacional haga lo propio. <\/p>\n\n\n\n<p class=\"wp-block-paragraph\">\u2014Promoci\u00f3n de Microcr\u00e9ditos: Fortalecimiento\nde la fuerza comercial de microcr\u00e9dito del Banco Agrario en C\u00facuta.<\/p>\n\n\n\n<p class=\"wp-block-paragraph\">\u2014Aumento de cupos: El Departamento para la\nProsperidad Social (DPS) dispone de 950 cupos m\u00e1s para el programa de\nemprendimiento \u2018Mi Negocio\u2019 en el \u00e1rea metropolitana de C\u00facuta y 3.000 cupos\nadicionales en Norte de Santander para \u2018J\u00f3venes en Acci\u00f3n\u2019.<\/p>\n\n\n\n<p class=\"wp-block-paragraph\">\u2018Mi Negocio\u2019 se distribuir\u00e1 as\u00ed: 500 cupos\npara C\u00facuta, 150 para Los Patios, 150 para Villa del Rosario y 150 para Toledo.<\/p>\n\n\n\n<p class=\"wp-block-paragraph\">\u2014Acueducto de Villa del Rosario: Ecopetrol,\nen coordinaci\u00f3n con el Viceministerio de Agua, comprometer\u00e1 3.500 millones\npesos de inversi\u00f3n social voluntaria, para obras fundamentales de mejoramiento\nde las redes de acueducto de Villa del Rosario.<\/p>\n\n\n\n<p class=\"wp-block-paragraph\">\u2014V\u00eda Tib\u00fa \u2013 Astilleros: Ecopetrol intervendr\u00e1\n3 puentes en la v\u00eda Tib\u00fa-Astilleros a trav\u00e9s de la filial C\u00e9nit, inversi\u00f3n por\nun valor de 34.000 millones de pesos, valor que incluye compra de predios y se\nfinanciar\u00eda a trav\u00e9s de obras por impuestos.<\/p>\n\n\n\n<p class=\"wp-block-paragraph\">\u2014Mejoramiento de Escuelas: El Ministerio de\nEducaci\u00f3n Nacional mejorar\u00e1 17 escuelas rurales en Norte de Santander, con una\ninversi\u00f3n de 1.020 millones de pesos en el a\u00f1o 2019.<\/p>\n\n\n\n<p class=\"wp-block-paragraph\">\u2014Acciones para la reactivaci\u00f3n y conclusi\u00f3n\nde proyectos de infraestructura social y vivienda del DPS: Se contrataron las\ninterventor\u00edas que estaban pendientes de asignar para concluir los 35 proyectos\npor un valor de 65.000 millones de pesos.<\/p>\n\n\n\n<p class=\"wp-block-paragraph\">Con todas las interventor\u00edas contratadas, se\nplanea firmar actas de inicio de las 35 obras, entre las que se destacan la\nconstrucci\u00f3n de una cancha de f\u00fatbol sint\u00e9tica y la adecuaci\u00f3n del parque\nBurrito-C\u00facuta (4.666 millones), y la pavimentaci\u00f3n v\u00edas urbanas de Los Patios\n(4.675 millones), Villa del Rosario (4.676 millones), El Zulia (4.657 millones)\ny Oca\u00f1a (2.805).<\/p>\n\n\n\n<p class=\"wp-block-paragraph\">\u2014Estaci\u00f3n de Polic\u00eda de La Parada: Ministerio\nde Defensa construir\u00e1, con una inversi\u00f3n de 5.000 millones, la Estaci\u00f3n de\nPolic\u00eda de La Parada, Villa del Rosario.<\/p>\n\n\n\n<p class=\"wp-block-paragraph\">\u2014Seguridad Jur\u00eddica: La Superintendencia de\nNotariado y Registro adelantar\u00e1 procesos de saneamiento y formalizaci\u00f3n, que\nculminar\u00e1 con 541 t\u00edtulos de propiedad.<\/p>\n\n\n\n<p class=\"wp-block-paragraph\">De los 541 t\u00edtulos, 188 ser\u00e1n en Los Patios,\n53 en Villa del Rosario, 70 en Oca\u00f1a, 30 en Abrego, 50 en Teorama y 60 en\nConvenci\u00f3n.<\/p>\n\n\n\n<p class=\"wp-block-paragraph\">\u2014Equipamiento Hospitalario: La Canciller\u00eda\ndestinar\u00e1 hasta 187 millones de pesos para la compra de equipos del Hospital\nErasmo Meoz.<\/p>\n","protected":false},"excerpt":{"rendered":"<p>El presidente Iv\u00e1n Duque revel\u00f3, en la reciente visita a C\u00facuta, las 50 medidas transversales y focalizadas contenidas en el Plan de Impacto para la atenci\u00f3n integral de la frontera colombo-venezolana. El documento fue preparado por 32 directores y altos funcionarios del Estado de diversas entidades, encabezados por la vicepresidenta Marta Luc\u00eda Ram\u00edrez. Las medidas &hellip;<\/p>\n","protected":false},"author":1,"featured_media":34144,"comment_status":"open","ping_status":"open","sticky":false,"template":"","format":"standard","meta":{"footnotes":""},"categories":[4,6],"tags":[4525,4524],"class_list":["post-34143","post","type-post","status-publish","format-standard","has-post-thumbnail","hentry","category-barra","category-ojo-avizor","tag-plan-de-impacto","tag-vicepresidenta-ramirez"],"_links":{"self":[{"href":"https:\/\/contraluzcucuta.co\/index.php?rest_route=\/wp\/v2\/posts\/34143","targetHints":{"allow":["GET"]}}],"collection":[{"href":"https:\/\/contraluzcucuta.co\/index.php?rest_route=\/wp\/v2\/posts"}],"about":[{"href":"https:\/\/contraluzcucuta.co\/index.php?rest_route=\/wp\/v2\/types\/post"}],"author":[{"embeddable":true,"href":"https:\/\/contraluzcucuta.co\/index.php?rest_route=\/wp\/v2\/users\/1"}],"replies":[{"embeddable":true,"href":"https:\/\/contraluzcucuta.co\/index.php?rest_route=%2Fwp%2Fv2%2Fcomments&post=34143"}],"version-history":[{"count":1,"href":"https:\/\/contraluzcucuta.co\/index.php?rest_route=\/wp\/v2\/posts\/34143\/revisions"}],"predecessor-version":[{"id":34145,"href":"https:\/\/contraluzcucuta.co\/index.php?rest_route=\/wp\/v2\/posts\/34143\/revisions\/34145"}],"wp:featuredmedia":[{"embeddable":true,"href":"https:\/\/contraluzcucuta.co\/index.php?rest_route=\/wp\/v2\/media\/34144"}],"wp:attachment":[{"href":"https:\/\/contraluzcucuta.co\/index.php?rest_route=%2Fwp%2Fv2%2Fmedia&parent=34143"}],"wp:term":[{"taxonomy":"category","embeddable":true,"href":"https:\/\/contraluzcucuta.co\/index.php?rest_route=%2Fwp%2Fv2%2Fcategories&post=34143"},{"taxonomy":"post_tag","embeddable":true,"href":"https:\/\/contraluzcucuta.co\/index.php?rest_route=%2Fwp%2Fv2%2Ftags&post=34143"}],"curies":[{"name":"wp","href":"https:\/\/api.w.org\/{rel}","templated":true}]}}