{"id":34139,"date":"2019-04-15T21:06:10","date_gmt":"2019-04-16T02:06:10","guid":{"rendered":"http:\/\/contraluzcucuta.co\/?p=34139"},"modified":"2019-04-15T21:06:11","modified_gmt":"2019-04-16T02:06:11","slug":"%ef%bb%bfcronica-una-tarde-cucutena-con-el-secretario-pompeo-y-el-presidente-duque","status":"publish","type":"post","link":"https:\/\/contraluzcucuta.co\/?p=34139","title":{"rendered":"\ufeffCR\u00d3NICA. Una tarde cucute\u00f1a, con el secretario Pompeo y el presidente Duque"},"content":{"rendered":"\n<p class=\"wp-block-paragraph\"><strong>C\u00daCUTA.-<\/strong> <strong>La tarde de este domingo en C\u00facuta era fresca. El sol, t\u00edmido, recibi\u00f3 al presidente Iv\u00e1n Duque y al Secretario de Estado de Estados Unidos, Mike Pompeo, quienes se reunieron para hablar de la crisis por la migraci\u00f3n de venezolanos a Colombia.<\/strong><\/p>\n\n\n\n<ul class=\"wp-block-list\"><li>Les voy a presentar a\nun amigo, que es el Secretario de Estado de los Estados Unidos, Mike Pompeo,\nque vino a visitarlos. \u00bfDe d\u00f3nde son ustedes?\u2014, dijo el Presidente Duque a\nvarios ni\u00f1os que los esperaban sentados en el piso verde y rojo de una carpa,\nen el Centro de Atenci\u00f3n Transitorio para el Migrante de C\u00facuta.<\/li><li>\u00a1Venezueeela!\n\u2014respondieron los ni\u00f1os al un\u00edsono.<\/li><li>\u00bfHace cu\u00e1nto est\u00e1n\nac\u00e1 en Colombia visit\u00e1ndonos? \u2014volvi\u00f3 a preguntar el Jefe de Estado.<\/li><li>Hace un mes\n\u2014respondieron los infantes.<\/li><li>Ustedes saben que en\neste pa\u00eds los apoyamos con mucho cari\u00f1o; esta es su tierra tambi\u00e9n \u2014manifest\u00f3\nel mandatario.<\/li><\/ul>\n\n\n\n<p class=\"wp-block-paragraph\">El Secretario Pompeo hab\u00eda llegado a las 3:50\nde la tarde al aeropuerto Camilo Daza de la capital nortesantandereana. All\u00ed lo\nesperaban el canciller colombiano Carlos Holmes Trujillo y los embajadores de\nColombia en Estados Unidos, Francisco Santos, y de Estados Unidos en Colombia,\nKevin Whitaker.<\/p>\n\n\n\n<p class=\"wp-block-paragraph\">A las 4:23 de la tarde, el presidente Duque y\nla vicepresidenta Marta Luc\u00eda Ram\u00edrez lo recibieron a la entrada del Centro de\nAtenci\u00f3n Transitorio para el Migrante de C\u00facuta.<\/p>\n\n\n\n<p class=\"wp-block-paragraph\">Un abrazo entre el mandatario y el Secretario\nde Estado fue el inicio de un recorrido por el centro, que alberga a 150\nvenezolanos, de los cuales 65 son ni\u00f1os. El encuentro con los ni\u00f1os sac\u00f3 la\nmejor sonrisa del Secretario de Estado. Ellos le contaron que all\u00ed les ense\u00f1an\nmuchas cosas y que los atienden bien.<\/p>\n\n\n\n<p class=\"wp-block-paragraph\">El recorrido continu\u00f3. El Secretario y el presidente\ndialogaron con Johan y Omaira, pareja de venezolanos que alzaban, cada uno, a\nsus hijos. \u201cDa mucha alegr\u00eda que el Presidente y el Secretario hayan hablado\ncon nosotros. Estoy emocionado, la ayuda es grandiosa, gigantesca. Me siento\nseguro aqu\u00ed, pero siempre con la preocupaci\u00f3n de mi familia que est\u00e1 all\u00e1\u201d,\ncoment\u00f3 Johan, luego del di\u00e1logo.<\/p>\n\n\n\n<p class=\"wp-block-paragraph\">Omaira, su esposa, asegur\u00f3 que a\u00fan guarda la\nesperanza de volver a su pa\u00eds. \u201cHay que tener a Dios por delante y tener fe.\nAqu\u00ed en Colombia nos est\u00e1n tratando ch\u00e9vere y nos atienden muy bien. Eso nos da\nmucha felicidad\u201d, anot\u00f3.<\/p>\n\n\n\n<p class=\"wp-block-paragraph\">La siguiente estaci\u00f3n fue con Gustavo Castro,\nadulto mayor, artista pl\u00e1stico, quien dijo que iba de camino hacia Per\u00fa.<\/p>\n\n\n\n<p class=\"wp-block-paragraph\">En el encuentro, el Secretario y el jefe de\nEstado observaron un mural pintado por Castro, y en un libro abierto estampado\nen la pared, dejaron sus mensajes.<\/p>\n\n\n\n<p class=\"wp-block-paragraph\">\u201cBlessing to you\u201d (bendici\u00f3n para ti),\nescribi\u00f3 el secretario Pompeo. \u201cEstamos unidos con solidaridad y afecto\u201d,\nescribi\u00f3 el presidente Duque. \u201cEllos me dijeron que me van a apoyar y que\ncuente con ellos\u201d, narr\u00f3 el artista.<\/p>\n\n\n\n<p class=\"wp-block-paragraph\">Fueron 40 minutos de visita y de compartir\ncon quienes han tenido que salir de su pa\u00eds, por la situaci\u00f3n que enfrentan en\nla vecina naci\u00f3n.<\/p>\n\n\n\n<p class=\"wp-block-paragraph\">5:00 de la tarde. El jefe de la diplomacia de\nEstados Unidos y el mandatario colombiano caminaron por el puente internacional\nSim\u00f3n Bol\u00edvar. La tarde era gris y fresca.<\/p>\n\n\n\n<p class=\"wp-block-paragraph\">A los costados del paso, una multitud de\nvenezolanos gritaba: \u201cLibertad, libertad\u201d, y agradec\u00edan al presidente Duque por\nel apoyo recibido en Colombia. El mandatario los salud\u00f3, dialog\u00f3 y se\nsolidariz\u00f3 con ellos. A su lado, siempre, el secretario Pompeo, hac\u00eda lo\npropio.<\/p>\n\n\n\n<p class=\"wp-block-paragraph\">\u201cLa mejor ayuda humanitaria es que saquen a\nMaduro del poder\u201d, grit\u00f3 el hombre que hac\u00eda parte de los centenares de venezolanos\nque se agolparon en los costados del puente internacional.<\/p>\n\n\n\n<p class=\"wp-block-paragraph\">Cerca de la l\u00ednea fronteriza, el presidente\nDuque respondi\u00f3 la pregunta de una periodista extranjera. \u201cEstamos aqu\u00ed\ntratando de resolver esto de manera fraternal. Con los n\u00fameros crecientes de\npersonas que vienen a Colombia, evidentemente eso ha creado un choque econ\u00f3mico\ny social muy importante\u201d. Reiter\u00f3 que \u201ccomo siempre he dicho, estamos aqu\u00ed para\nayudarle al pueblo venezolano, que est\u00e1 huyendo de una dictadura brutal\u201d.<\/p>\n\n\n\n<p class=\"wp-block-paragraph\">A las 6:08 de la tarde, llegaron a las\nbodegas del puente internacional Tienditas. All\u00ed, por espacio de 25 minutos,\nsostuvieron una reuni\u00f3n en privado. Afuera, la expectativa de los medios por\nsaber qu\u00e9 estaban hablando. Mucha curiosidad y tambi\u00e9n algo de especulaci\u00f3n.<\/p>\n\n\n\n<p class=\"wp-block-paragraph\">La noche lleg\u00f3, y con ella la declaraci\u00f3n del\nPresidente y el Secretario. Hacia las 6:45, se ubicaron frente a sus atriles y\nhablaron.<\/p>\n\n\n\n<p class=\"wp-block-paragraph\">\u201cSecretario Pompeo, bienvenido una vez m\u00e1s a\nColombia. Le agradezco su presencia, su amistad con el pueblo colombiano\u201d, dijo\nel Presidente, y le reiter\u00f3 su gratitud por \u201chaber podido evidenciar hoy la\ntragedia de much\u00edsimas familias migrantes, v\u00edctimas de la dictadura\u201d.<\/p>\n\n\n\n<p class=\"wp-block-paragraph\">El secretario Pompeo, luego de referirse a\nvarios temas, cerr\u00f3 la visita con una frase sentida. \u201cGracias a los colombianos\npor su amistad con los Estados Unidos de Am\u00e9rica\u201d.<\/p>\n\n\n\n<p class=\"wp-block-paragraph\"><strong>FENNER\nORTIZ RODR\u00cdGUEZ<\/strong><\/p>\n","protected":false},"excerpt":{"rendered":"<p>C\u00daCUTA.- La tarde de este domingo en C\u00facuta era fresca. El sol, t\u00edmido, recibi\u00f3 al presidente Iv\u00e1n Duque y al Secretario de Estado de Estados Unidos, Mike Pompeo, quienes se reunieron para hablar de la crisis por la migraci\u00f3n de venezolanos a Colombia. Les voy a presentar a un amigo, que es el Secretario de &hellip;<\/p>\n","protected":false},"author":1,"featured_media":34140,"comment_status":"open","ping_status":"open","sticky":false,"template":"","format":"standard","meta":{"footnotes":""},"categories":[1326,45,4],"tags":[1164,4522,4339,4523],"class_list":["post-34139","post","type-post","status-publish","format-standard","has-post-thumbnail","hentry","category-crisis-en-venezuela-2","category-destacado","category-barra","tag-crisis-en-venezuela","tag-mike-pompeo","tag-presidente-ivan-duque","tag-visita-a-la-frontera"],"_links":{"self":[{"href":"https:\/\/contraluzcucuta.co\/index.php?rest_route=\/wp\/v2\/posts\/34139","targetHints":{"allow":["GET"]}}],"collection":[{"href":"https:\/\/contraluzcucuta.co\/index.php?rest_route=\/wp\/v2\/posts"}],"about":[{"href":"https:\/\/contraluzcucuta.co\/index.php?rest_route=\/wp\/v2\/types\/post"}],"author":[{"embeddable":true,"href":"https:\/\/contraluzcucuta.co\/index.php?rest_route=\/wp\/v2\/users\/1"}],"replies":[{"embeddable":true,"href":"https:\/\/contraluzcucuta.co\/index.php?rest_route=%2Fwp%2Fv2%2Fcomments&post=34139"}],"version-history":[{"count":1,"href":"https:\/\/contraluzcucuta.co\/index.php?rest_route=\/wp\/v2\/posts\/34139\/revisions"}],"predecessor-version":[{"id":34141,"href":"https:\/\/contraluzcucuta.co\/index.php?rest_route=\/wp\/v2\/posts\/34139\/revisions\/34141"}],"wp:featuredmedia":[{"embeddable":true,"href":"https:\/\/contraluzcucuta.co\/index.php?rest_route=\/wp\/v2\/media\/34140"}],"wp:attachment":[{"href":"https:\/\/contraluzcucuta.co\/index.php?rest_route=%2Fwp%2Fv2%2Fmedia&parent=34139"}],"wp:term":[{"taxonomy":"category","embeddable":true,"href":"https:\/\/contraluzcucuta.co\/index.php?rest_route=%2Fwp%2Fv2%2Fcategories&post=34139"},{"taxonomy":"post_tag","embeddable":true,"href":"https:\/\/contraluzcucuta.co\/index.php?rest_route=%2Fwp%2Fv2%2Ftags&post=34139"}],"curies":[{"name":"wp","href":"https:\/\/api.w.org\/{rel}","templated":true}]}}