{"id":34129,"date":"2019-04-15T14:28:31","date_gmt":"2019-04-15T19:28:31","guid":{"rendered":"http:\/\/contraluzcucuta.co\/?p=34129"},"modified":"2019-04-15T14:28:34","modified_gmt":"2019-04-15T19:28:34","slug":"tema-del-dia-plan-nacional-de-desarrollo-228-billones-para-norte-de-santander-sera-el-despegue-de-la-region","status":"publish","type":"post","link":"https:\/\/contraluzcucuta.co\/?p=34129","title":{"rendered":"TEMA DEL D\u00cdA. Plan Nacional de Desarrollo: $ 22,8 billones para Norte de Santander.\u00bfSer\u00e1 el despegue de la regi\u00f3n?"},"content":{"rendered":"\n<p class=\"wp-block-paragraph\"><strong>C\u00daCUTA.-<\/strong> <strong>La revista <\/strong><a href=\"http:\/\/www.contraluzcucuta.co\"><strong>www.contraluzcucuta.co<\/strong><\/a><strong> consult\u00f3 a los cucute\u00f1os sobre los recursos destinados a Norte de Santander en el Plan de Desarrollo Nacional. Estos son algunos de los comentarios que dejaron los lectores en la p\u00e1gina de Facebook. <\/strong><\/p>\n\n\n\n<p class=\"wp-block-paragraph\"><strong>1.-\nFrancisco M\u00e1rquez L\u00f3pez<\/strong><\/p>\n\n\n\n<p class=\"wp-block-paragraph\">&#8211; Ser\u00e1 cierto tanta belleza, jam\u00e1s creo.<\/p>\n\n\n\n<p class=\"wp-block-paragraph\"><strong>2.-\nFernando Ortega Gonz\u00e1lez<\/strong><\/p>\n\n\n\n<p class=\"wp-block-paragraph\">&#8211; Si no elegimos bien este a\u00f1o, da igual que\nsea poco o mucho.<\/p>\n\n\n\n<p class=\"wp-block-paragraph\"><strong>3.-\nTanTan Ruiz Carrillo<\/strong><\/p>\n\n\n\n<p class=\"wp-block-paragraph\">&#8211; Seguir\u00e1 en los mismos bolsillos<\/p>\n\n\n\n<p class=\"wp-block-paragraph\"><strong>4.-\nNicol\u00e1s Emmanuel Guerrero Pujado<\/strong><\/p>\n\n\n\n<p class=\"wp-block-paragraph\">&#8211; \u00bfO el despegue de los pol\u00edticos?<\/p>\n\n\n\n<p class=\"wp-block-paragraph\"><strong>5.-\nFabio Huertas M <\/strong><\/p>\n\n\n\n<p class=\"wp-block-paragraph\">&#8211; Papel mojado.<\/p>\n\n\n\n<p class=\"wp-block-paragraph\"><strong>6.-\nPedro Jes\u00fas Forero<\/strong><\/p>\n\n\n\n<p class=\"wp-block-paragraph\">&#8211; Ojal\u00e1 las inviertan en obras que valgan la\npena y no con contraticos chimbos.<\/p>\n\n\n\n<p class=\"wp-block-paragraph\"><strong>7.-\nAndr\u00e9s Mancilla P\u00e9rez<\/strong><\/p>\n\n\n\n<p class=\"wp-block-paragraph\">&#8211; Qu\u00e9 buena cantidad.<\/p>\n\n\n\n<p class=\"wp-block-paragraph\"><strong>8.-\nEdgar Ivan Campos Nieto <\/strong><\/p>\n\n\n\n<p class=\"wp-block-paragraph\">&#8211; Y&#8230; c\u00f3mo es su distribuci\u00f3n.<\/p>\n\n\n\n<p class=\"wp-block-paragraph\"><strong>9.-\nCarmen Isbelia Gamboa Fajardo<\/strong><\/p>\n\n\n\n<p class=\"wp-block-paragraph\">\u00bfO el bot\u00edn para que se lo repartan los\ncorruptos?<\/p>\n\n\n\n<p class=\"wp-block-paragraph\">Adem\u00e1s, indicaron que les gust\u00f3 el Tema del\nD\u00eda:<\/p>\n\n\n\n<p class=\"wp-block-paragraph\">Ruben Cafu Agudelo<\/p>\n\n\n\n<ul class=\"wp-block-list\"><li>202 amigos en com\u00fan<\/li><\/ul>\n\n\n\n<p class=\"wp-block-paragraph\">Paola Andrea Le\u00f3n<\/p>\n\n\n\n<ul class=\"wp-block-list\"><li>149 amigos en com\u00fan<\/li><\/ul>\n\n\n\n<p class=\"wp-block-paragraph\">Luc\u00eda Palacios Ram\u00edrez<\/p>\n\n\n\n<ul class=\"wp-block-list\"><li>103 amigos en com\u00fan<\/li><\/ul>\n\n\n\n<p class=\"wp-block-paragraph\">Andres Duque<\/p>\n\n\n\n<ul class=\"wp-block-list\"><li>89 amigos en com\u00fan<\/li><\/ul>\n\n\n\n<p class=\"wp-block-paragraph\">Alexis Enrique Martinez Daza<\/p>\n\n\n\n<ul class=\"wp-block-list\"><li>22 amigos en com\u00fan<\/li><\/ul>\n\n\n\n<p class=\"wp-block-paragraph\">Leonor Rojas<\/p>\n\n\n\n<ul class=\"wp-block-list\"><li>4 amigos en com\u00fan<\/li><\/ul>\n\n\n\n<p class=\"wp-block-paragraph\">Jesus Eduardo Molinares Paramo<\/p>\n\n\n\n<ul class=\"wp-block-list\"><li>102 amigos en com\u00fan<\/li><\/ul>\n\n\n\n<p class=\"wp-block-paragraph\">Leamsy Becerra Rueda<\/p>\n\n\n\n<ul class=\"wp-block-list\"><li>49 amigos en com\u00fan<\/li><\/ul>\n\n\n\n<p class=\"wp-block-paragraph\">Jes\u00fas Zambrano<\/p>\n\n\n\n<ul class=\"wp-block-list\"><li>28 amigos en com\u00fan<\/li><\/ul>\n\n\n\n<p class=\"wp-block-paragraph\">Ledy Cristina Quiroga<\/p>\n\n\n\n<ul class=\"wp-block-list\"><li>24 amigos en com\u00fan<\/li><\/ul>\n","protected":false},"excerpt":{"rendered":"<p>C\u00daCUTA.- La revista www.contraluzcucuta.co consult\u00f3 a los cucute\u00f1os sobre los recursos destinados a Norte de Santander en el Plan de Desarrollo Nacional. Estos son algunos de los comentarios que dejaron los lectores en la p\u00e1gina de Facebook. 1.- Francisco M\u00e1rquez L\u00f3pez &#8211; Ser\u00e1 cierto tanta belleza, jam\u00e1s creo. 2.- Fernando Ortega Gonz\u00e1lez &#8211; Si no &hellip;<\/p>\n","protected":false},"author":1,"featured_media":34130,"comment_status":"open","ping_status":"open","sticky":false,"template":"","format":"standard","meta":{"footnotes":""},"categories":[45,4],"tags":[1762,4519],"class_list":["post-34129","post","type-post","status-publish","format-standard","has-post-thumbnail","hentry","category-destacado","category-barra","tag-plan-nacional-de-desarrollo","tag-tema-del-dia"],"_links":{"self":[{"href":"https:\/\/contraluzcucuta.co\/index.php?rest_route=\/wp\/v2\/posts\/34129","targetHints":{"allow":["GET"]}}],"collection":[{"href":"https:\/\/contraluzcucuta.co\/index.php?rest_route=\/wp\/v2\/posts"}],"about":[{"href":"https:\/\/contraluzcucuta.co\/index.php?rest_route=\/wp\/v2\/types\/post"}],"author":[{"embeddable":true,"href":"https:\/\/contraluzcucuta.co\/index.php?rest_route=\/wp\/v2\/users\/1"}],"replies":[{"embeddable":true,"href":"https:\/\/contraluzcucuta.co\/index.php?rest_route=%2Fwp%2Fv2%2Fcomments&post=34129"}],"version-history":[{"count":1,"href":"https:\/\/contraluzcucuta.co\/index.php?rest_route=\/wp\/v2\/posts\/34129\/revisions"}],"predecessor-version":[{"id":34131,"href":"https:\/\/contraluzcucuta.co\/index.php?rest_route=\/wp\/v2\/posts\/34129\/revisions\/34131"}],"wp:featuredmedia":[{"embeddable":true,"href":"https:\/\/contraluzcucuta.co\/index.php?rest_route=\/wp\/v2\/media\/34130"}],"wp:attachment":[{"href":"https:\/\/contraluzcucuta.co\/index.php?rest_route=%2Fwp%2Fv2%2Fmedia&parent=34129"}],"wp:term":[{"taxonomy":"category","embeddable":true,"href":"https:\/\/contraluzcucuta.co\/index.php?rest_route=%2Fwp%2Fv2%2Fcategories&post=34129"},{"taxonomy":"post_tag","embeddable":true,"href":"https:\/\/contraluzcucuta.co\/index.php?rest_route=%2Fwp%2Fv2%2Ftags&post=34129"}],"curies":[{"name":"wp","href":"https:\/\/api.w.org\/{rel}","templated":true}]}}