{"id":34113,"date":"2019-04-10T21:01:19","date_gmt":"2019-04-11T02:01:19","guid":{"rendered":"http:\/\/contraluzcucuta.co\/?p=34113"},"modified":"2019-04-10T21:01:22","modified_gmt":"2019-04-11T02:01:22","slug":"orden-publico-aumenta-el-conflicto-armado-en-norte-de-santander","status":"publish","type":"post","link":"https:\/\/contraluzcucuta.co\/?p=34113","title":{"rendered":"ORDEN P\u00daBLICO. Aumenta el conflicto armado, en Norte de Santander"},"content":{"rendered":"\n<p class=\"wp-block-paragraph\"><\/p>\n\n\n\n<p class=\"wp-block-paragraph\"><strong>C\u00daCUTA.- Las autoridades de la regi\u00f3n admiten que el conflicto armado no ha terminado y como resultado de este fen\u00f3meno la violencia ha aumentado. La controversia generada por la territorialidad entre grupos del narcotr\u00e1fico y las rutas, y el aumento de los grupos al margen de la ley han generado una disputa que tiene expuesta a la poblaci\u00f3n civil a diferentes actos de violencia.<\/strong><\/p>\n\n\n\n<p class=\"wp-block-paragraph\">Luis Fernando Ni\u00f1o, secretario de V\u00edctimas en\nNorte de Santander, dijo que \u201cen las cifras el n\u00famero est\u00e1 por encima de 250.000\npersonas que han sufrido la guerra en nuestro territorio\u201d.<\/p>\n\n\n\n<p class=\"wp-block-paragraph\">Al reanudarse el conflicto en esos espacios,\nlos problemas de confrontaci\u00f3n y desplazamiento forzado aumentan de manera\ndesproporcionada. Se hace necesario buscar los espacios para un di\u00e1logo con los\nactores armados para frenar la situaci\u00f3n social que afecta a la regi\u00f3n.<\/p>\n\n\n\n<p class=\"wp-block-paragraph\">Las autoridades en Norte de Santander\ntrabajan en el desarrollo de actividades que rindan homenaje a quienes han sido\nv\u00edctimas en esta zona del pa\u00eds. Seg\u00fan el censo, son m\u00e1s de 250.000 los afectados\npor el conflicto de los grupos al margen de la ley que delinquen en la regi\u00f3n.<\/p>\n\n\n\n<p class=\"wp-block-paragraph\">\u201cMediante los procesos que se han liderado\ncon el Gobierno y con la comunidad internacional, se ha adelantado el proceso\nde reclamaci\u00f3n\u201d, dijo Ni\u00f1o. Aclar\u00f3 que no ha sido f\u00e1cil pero las entidades del Estado\nempiezan a trazar las rutas de atenci\u00f3n.<\/p>\n\n\n\n<p class=\"wp-block-paragraph\">El Secretario mostr\u00f3 preocupaci\u00f3n, porque los\nproblemas de inseguridad y el retorno de actores en conflicto, por medio de las\ndisidencias del Epl y las Farc, han reactivado la confrontaci\u00f3n en la regi\u00f3n de\nEl Catatumbo.<\/p>\n\n\n\n<p class=\"wp-block-paragraph\"><strong>Red\nMedios Digital<\/strong><\/p>\n","protected":false},"excerpt":{"rendered":"<p>C\u00daCUTA.- Las autoridades de la regi\u00f3n admiten que el conflicto armado no ha terminado y como resultado de este fen\u00f3meno la violencia ha aumentado. La controversia generada por la territorialidad entre grupos del narcotr\u00e1fico y las rutas, y el aumento de los grupos al margen de la ley han generado una disputa que tiene expuesta &hellip;<\/p>\n","protected":false},"author":1,"featured_media":34114,"comment_status":"open","ping_status":"open","sticky":false,"template":"","format":"standard","meta":{"footnotes":""},"categories":[11,4],"tags":[718,4125],"class_list":["post-34113","post","type-post","status-publish","format-standard","has-post-thumbnail","hentry","category-cronica-roja","category-barra","tag-conflicto-armado","tag-orden-publico"],"_links":{"self":[{"href":"https:\/\/contraluzcucuta.co\/index.php?rest_route=\/wp\/v2\/posts\/34113","targetHints":{"allow":["GET"]}}],"collection":[{"href":"https:\/\/contraluzcucuta.co\/index.php?rest_route=\/wp\/v2\/posts"}],"about":[{"href":"https:\/\/contraluzcucuta.co\/index.php?rest_route=\/wp\/v2\/types\/post"}],"author":[{"embeddable":true,"href":"https:\/\/contraluzcucuta.co\/index.php?rest_route=\/wp\/v2\/users\/1"}],"replies":[{"embeddable":true,"href":"https:\/\/contraluzcucuta.co\/index.php?rest_route=%2Fwp%2Fv2%2Fcomments&post=34113"}],"version-history":[{"count":1,"href":"https:\/\/contraluzcucuta.co\/index.php?rest_route=\/wp\/v2\/posts\/34113\/revisions"}],"predecessor-version":[{"id":34115,"href":"https:\/\/contraluzcucuta.co\/index.php?rest_route=\/wp\/v2\/posts\/34113\/revisions\/34115"}],"wp:featuredmedia":[{"embeddable":true,"href":"https:\/\/contraluzcucuta.co\/index.php?rest_route=\/wp\/v2\/media\/34114"}],"wp:attachment":[{"href":"https:\/\/contraluzcucuta.co\/index.php?rest_route=%2Fwp%2Fv2%2Fmedia&parent=34113"}],"wp:term":[{"taxonomy":"category","embeddable":true,"href":"https:\/\/contraluzcucuta.co\/index.php?rest_route=%2Fwp%2Fv2%2Fcategories&post=34113"},{"taxonomy":"post_tag","embeddable":true,"href":"https:\/\/contraluzcucuta.co\/index.php?rest_route=%2Fwp%2Fv2%2Ftags&post=34113"}],"curies":[{"name":"wp","href":"https:\/\/api.w.org\/{rel}","templated":true}]}}