{"id":34110,"date":"2019-04-10T20:35:47","date_gmt":"2019-04-11T01:35:47","guid":{"rendered":"http:\/\/contraluzcucuta.co\/?p=34110"},"modified":"2019-04-10T20:35:50","modified_gmt":"2019-04-11T01:35:50","slug":"no-a-la-palma-de-cera-vive-esta-semana-santa-en-paz-con-la-naturaleza","status":"publish","type":"post","link":"https:\/\/contraluzcucuta.co\/?p=34110","title":{"rendered":"NO A LA PALMA DE CERA. Vive esta Semana Santa en paz con la naturaleza"},"content":{"rendered":"\n<p class=\"wp-block-paragraph\"><\/p>\n\n\n\n<p class=\"wp-block-paragraph\"><strong>C\u00daCUTA.-<\/strong> Cuatro mil palmas\nser\u00e1n distribuidas entre los cucute\u00f1os, este domingo, en el comienzo de la\nSemana Mayor. La Di\u00f3cesis de C\u00facuta se uni\u00f3 a la campa\u00f1a \u2018Porque la vida es sagrada,\nvive esta Semana Santa en paz con la naturaleza\u2019, que adelanta la Corporaci\u00f3n\nAut\u00f3noma Regional de la Frontera Nororiental (Corponor), para reafirmar el\ncompromiso con el cuidado del medio ambiente.<\/p>\n\n\n\n<p class=\"wp-block-paragraph\">El director de Corponor, Gregorio Angarita, entreg\u00f3\nlas plantas a monse\u00f1or V\u00edctor Manuel Ochoa, Obispo de la Di\u00f3cesis de C\u00facuta,\npara que sean repartidas entre las comunidades parroquiales de la ciudad. El\nfin de la iniciativa es promover la protecci\u00f3n de los recursos naturales y el\nno uso de la palma de cera durante la Semana Mayor. La palma tarda m\u00e1s de 20\na\u00f1os en crecer y es la vivienda de especies silvestres.<\/p>\n\n\n\n<p class=\"wp-block-paragraph\">Entre las palmas recibidas por la Iglesia\nparticular se encuentran dos especies: palma areca y palma real o palma de C\u00facuta.&nbsp; Monse\u00f1or Ochoa expres\u00f3 que en la vida\nlit\u00fargica, es un compromiso cuidar el medio ambiente.<\/p>\n\n\n\n<p class=\"wp-block-paragraph\">El papa Francisco en la enc\u00edclica publicada\nen el 2015, hace un llamado urgente sobre el da\u00f1o que el ser humano causa por\nel uso irresponsable de los bienes que Dios ha puesto en este planeta.<\/p>\n\n\n\n<p class=\"wp-block-paragraph\">El director de Corponor invit\u00f3 a los cat\u00f3licos\npara que el Domingo de Ramos se plante vida. Inst\u00f3 a los creyentes a adquirir\nel compromiso de no comprar palma de cera y no permitir que se comercialice el\n\u00e1rbol nacional. \u201cSobre todo, que podamos plantar palmas para que en el futuro\nhaya mayor conservaci\u00f3n ambiental\u201d.<\/p>\n\n\n\n<p class=\"wp-block-paragraph\">Por medio de la Di\u00f3cesis se llegar\u00e1 a las\ncomunidades con el mensaje de compromiso para cuidar las plantas. Otras 15.000\npalmas ser\u00e1n entregadas en el departamento y la distribuci\u00f3n ser\u00e1 canalizada\npor la Iglesia Cat\u00f3lica.<\/p>\n","protected":false},"excerpt":{"rendered":"<p>C\u00daCUTA.- Cuatro mil palmas ser\u00e1n distribuidas entre los cucute\u00f1os, este domingo, en el comienzo de la Semana Mayor. La Di\u00f3cesis de C\u00facuta se uni\u00f3 a la campa\u00f1a \u2018Porque la vida es sagrada, vive esta Semana Santa en paz con la naturaleza\u2019, que adelanta la Corporaci\u00f3n Aut\u00f3noma Regional de la Frontera Nororiental (Corponor), para reafirmar el &hellip;<\/p>\n","protected":false},"author":1,"featured_media":34111,"comment_status":"open","ping_status":"open","sticky":false,"template":"","format":"standard","meta":{"footnotes":""},"categories":[4,347],"tags":[493,8,4517,280],"class_list":["post-34110","post","type-post","status-publish","format-standard","has-post-thumbnail","hentry","category-barra","category-medio-ambiente","tag-corponor","tag-diocesis-de-cucuta","tag-palma-de-cera","tag-semana-santa-en-cucuta"],"_links":{"self":[{"href":"https:\/\/contraluzcucuta.co\/index.php?rest_route=\/wp\/v2\/posts\/34110","targetHints":{"allow":["GET"]}}],"collection":[{"href":"https:\/\/contraluzcucuta.co\/index.php?rest_route=\/wp\/v2\/posts"}],"about":[{"href":"https:\/\/contraluzcucuta.co\/index.php?rest_route=\/wp\/v2\/types\/post"}],"author":[{"embeddable":true,"href":"https:\/\/contraluzcucuta.co\/index.php?rest_route=\/wp\/v2\/users\/1"}],"replies":[{"embeddable":true,"href":"https:\/\/contraluzcucuta.co\/index.php?rest_route=%2Fwp%2Fv2%2Fcomments&post=34110"}],"version-history":[{"count":1,"href":"https:\/\/contraluzcucuta.co\/index.php?rest_route=\/wp\/v2\/posts\/34110\/revisions"}],"predecessor-version":[{"id":34112,"href":"https:\/\/contraluzcucuta.co\/index.php?rest_route=\/wp\/v2\/posts\/34110\/revisions\/34112"}],"wp:featuredmedia":[{"embeddable":true,"href":"https:\/\/contraluzcucuta.co\/index.php?rest_route=\/wp\/v2\/media\/34111"}],"wp:attachment":[{"href":"https:\/\/contraluzcucuta.co\/index.php?rest_route=%2Fwp%2Fv2%2Fmedia&parent=34110"}],"wp:term":[{"taxonomy":"category","embeddable":true,"href":"https:\/\/contraluzcucuta.co\/index.php?rest_route=%2Fwp%2Fv2%2Fcategories&post=34110"},{"taxonomy":"post_tag","embeddable":true,"href":"https:\/\/contraluzcucuta.co\/index.php?rest_route=%2Fwp%2Fv2%2Ftags&post=34110"}],"curies":[{"name":"wp","href":"https:\/\/api.w.org\/{rel}","templated":true}]}}