{"id":34106,"date":"2019-04-08T21:58:04","date_gmt":"2019-04-09T02:58:04","guid":{"rendered":"http:\/\/contraluzcucuta.co\/?p=34106"},"modified":"2019-04-08T21:59:17","modified_gmt":"2019-04-09T02:59:17","slug":"notas-al-margen-maxima-atencion-a-la-zona-economica-especial","status":"publish","type":"post","link":"https:\/\/contraluzcucuta.co\/?p=34106","title":{"rendered":"NOTAS AL MARGEN. M\u00e1xima atenci\u00f3n a la zona econ\u00f3mica especial"},"content":{"rendered":"\n<p class=\"wp-block-paragraph\"><\/p>\n\n\n\n<p class=\"wp-block-paragraph\"><strong>1.- Que la frontera binacional colombo-venezolana experimenta un complejo y dif\u00edcil momento en lo social, econ\u00f3mico y pol\u00edtico es inocultable. Y lo que se vive por sus pobladores amerita una pronta atenci\u00f3n, porque los indicadores en desempleo e inseguridad sacuden la estructura operativa de la regi\u00f3n y generan preocupaci\u00f3n y tensiones de m\u00faltiple proyecci\u00f3n, tanto en lo p\u00fablico, como en lo privado, de estas \u00e1reas&nbsp; de colindancia y vecindad.<\/strong><\/p>\n\n\n\n<p class=\"wp-block-paragraph\">Anotamos lo anterior, porque el cierre de la frontera y el exagerado\ncentralismo de los gobiernos nacionales dejan al garete y \u201cs\u00e1lvese el que pueda\u201c\na cientos de miles de personas, a los que se deben agregar los indocumentados\nmigrantes que han salido de Venezuela y hallado refugio en la zona de Colombia,\npero sin que todav\u00eda haya un plan, programa o gesti\u00f3n de trascendencia que se\nocupe de soluciones y perspectivas a la grave situaci\u00f3n que a todos conmueve,\npero que requiere una m\u00e1s \u00e1gil, pronta y cabal respuesta a la mara\u00f1a de\nproblemas que se han entrecruzado ante la ausencia de soluciones y el\ncrecimiento de pedidos y demandas desde todos los sectores.<\/p>\n\n\n\n<p class=\"wp-block-paragraph\"><strong>2<\/strong>.- El anuncio y\naprobaci\u00f3n, en primer debate, del Proyecto de Ley \u201cpor medio del cual se crea\nel r\u00e9gimen de Zona Econ\u00f3mica y Social Especial (ZESE ) para el \u00c1rea Metropolitana\nde C\u00facuta ha causado especial atenci\u00f3n y el volcamiento hacia el an\u00e1lisis y la evaluaci\u00f3n\nde las posibilidades, porque lo indispensable y urgente tiene que tener mucho\nfundamento con las opciones que en desarrollo y generaci\u00f3n de empleo se\ndeterminen y aprueben por el Gobierno y el Congreso de la Rep\u00fablica, as\u00ed como\nen las implicaciones que pueda adoptar Venezuela para conjugar acciones\ncompartidas y aut\u00e9nticos pasos integracionistas, como se ha pregonado desde\n1821, ameritan la m\u00e1xima atenci\u00f3n, porque es proyectar el futuro. <\/p>\n\n\n\n<p class=\"wp-block-paragraph\"><strong>3<\/strong>.- Porque la tem\u00e1tica fronteriza\nes de gran prioridad y hay ideas e iniciativas que no pueden olvidarse o\nrelegarse. La creaci\u00f3n del Centro del pensamiento y desarrollo fronterizo, a\nnivel universitario y para dar paso y origen a la innovaci\u00f3n, modernizaci\u00f3n,\ntecnificaci\u00f3n y aprovechamiento de ventajas geogr\u00e1ficas y&nbsp; comparativas suscita el apoyo, por las\nopciones hacia el progreso y desarrollo de nuevas iniciativas, que bien podr\u00edan\nestablecerse en estas \u00e1reas de contacto y ansiosas de una trasformaci\u00f3n y cambo.\nLo anterior, sumado a la conveniencia de llegar a entendimientos financieros y\nbancarios con el Banco Interamericano de Desarrollo y otros agentes crediticios,\nque deben ser&nbsp; bases y sustentos que\nalimenten la esencia de lo que se promueve y&nbsp;\ndiscute.<\/p>\n\n\n\n<p class=\"wp-block-paragraph\">Porque se efect\u00faan contactos y peri\u00f3dicas reuniones, ojal\u00e1, que en toda\nmesa que se celebre predominen la esencia de la uni\u00f3n y el trabajo compartido y\nen equipo para vencer al exagerado individualismo, as\u00ed como a la apat\u00eda y la\nindiferencia para atender y examinar iniciativas y proyectos que pueden cambiar\ny mejorar en grado sumo el sinn\u00famero de oportunidades y negocios productivos,\ngeneradores de empleo que pueden surgir. S\u00ed, de enfoques de esta naturaleza,\ndepende el futuro regional y fronterizo.<\/p>\n\n\n\n<p class=\"wp-block-paragraph\"><strong>JOSE NEIRA REY<\/strong><\/p>\n","protected":false},"excerpt":{"rendered":"<p>1.- Que la frontera binacional colombo-venezolana experimenta un complejo y dif\u00edcil momento en lo social, econ\u00f3mico y pol\u00edtico es inocultable. Y lo que se vive por sus pobladores amerita una pronta atenci\u00f3n, porque los indicadores en desempleo e inseguridad sacuden la estructura operativa de la regi\u00f3n y generan preocupaci\u00f3n y tensiones de m\u00faltiple proyecci\u00f3n, tanto &hellip;<\/p>\n","protected":false},"author":1,"featured_media":34107,"comment_status":"open","ping_status":"open","sticky":false,"template":"","format":"standard","meta":{"footnotes":""},"categories":[14,4],"tags":[1759],"class_list":["post-34106","post","type-post","status-publish","format-standard","has-post-thumbnail","hentry","category-articulistas","category-barra","tag-jose-neira-notas-al-margen"],"_links":{"self":[{"href":"https:\/\/contraluzcucuta.co\/index.php?rest_route=\/wp\/v2\/posts\/34106","targetHints":{"allow":["GET"]}}],"collection":[{"href":"https:\/\/contraluzcucuta.co\/index.php?rest_route=\/wp\/v2\/posts"}],"about":[{"href":"https:\/\/contraluzcucuta.co\/index.php?rest_route=\/wp\/v2\/types\/post"}],"author":[{"embeddable":true,"href":"https:\/\/contraluzcucuta.co\/index.php?rest_route=\/wp\/v2\/users\/1"}],"replies":[{"embeddable":true,"href":"https:\/\/contraluzcucuta.co\/index.php?rest_route=%2Fwp%2Fv2%2Fcomments&post=34106"}],"version-history":[{"count":2,"href":"https:\/\/contraluzcucuta.co\/index.php?rest_route=\/wp\/v2\/posts\/34106\/revisions"}],"predecessor-version":[{"id":34109,"href":"https:\/\/contraluzcucuta.co\/index.php?rest_route=\/wp\/v2\/posts\/34106\/revisions\/34109"}],"wp:featuredmedia":[{"embeddable":true,"href":"https:\/\/contraluzcucuta.co\/index.php?rest_route=\/wp\/v2\/media\/34107"}],"wp:attachment":[{"href":"https:\/\/contraluzcucuta.co\/index.php?rest_route=%2Fwp%2Fv2%2Fmedia&parent=34106"}],"wp:term":[{"taxonomy":"category","embeddable":true,"href":"https:\/\/contraluzcucuta.co\/index.php?rest_route=%2Fwp%2Fv2%2Fcategories&post=34106"},{"taxonomy":"post_tag","embeddable":true,"href":"https:\/\/contraluzcucuta.co\/index.php?rest_route=%2Fwp%2Fv2%2Ftags&post=34106"}],"curies":[{"name":"wp","href":"https:\/\/api.w.org\/{rel}","templated":true}]}}