{"id":34084,"date":"2019-04-02T21:45:38","date_gmt":"2019-04-03T02:45:38","guid":{"rendered":"http:\/\/contraluzcucuta.co\/?p=34084"},"modified":"2019-04-02T22:21:05","modified_gmt":"2019-04-03T03:21:05","slug":"futbol-de-primera-cucuta-deportivo-esta-noche-por-todo-o-nada","status":"publish","type":"post","link":"https:\/\/contraluzcucuta.co\/?p=34084","title":{"rendered":"F\u00daTBOL DE PRIMERA. C\u00facuta Deportivo, esta noche, por todo o nada"},"content":{"rendered":"\n<p class=\"wp-block-paragraph\"><strong>C\u00daCUTA.- Cinco partidos consecutivos suma el elenco rojinegro sin conocer la victoria, cuatro por la Liga y uno por Copa. Los dirigidos por Sebasti\u00e1n M\u00e9ndez vienen de sufrir una dura derrota a manos del Deportivo Cali, y comienzan a comprometer la participaci\u00f3n en los cuadrangulares semifinales.<\/strong><\/p>\n\n\n\n<p class=\"wp-block-paragraph\">Salir de la racha negativa nunca es sencillo,\nesto ha sido corroborado por el cuadro fronterizo. En las primeras siete\njornadas fue l\u00edder absoluto del campeonato, pero posterior a la derrota en\ncondici\u00f3n de visitante en el \u00faltimo minuto frente a Bucaramanga, comenz\u00f3 el\nd\u00e9ficit futbol\u00edstico. De los \u00faltimos seis partidos disputados, solo se resalta\nla victoria como local frente a Uni\u00f3n Magdalena. Luego, sufri\u00f3 tres derrotas y complet\u00f3\ndos empates<\/p>\n\n\n\n<p class=\"wp-block-paragraph\">El pr\u00f3ximo rival, al que enfrenta hoy, es Deportivo\nPasto. Equipo que viene en alza tras cosechar cuatro triunfos consecutivos y\nante rivales de jerarqu\u00eda. Millonarios, Deportivo Cali, Once Caldas y el m\u00e1s\nreciente, Atl\u00e9tico Nacional, en el Atanasio Girardot, conforman la lista de los\nvencidos por los nari\u00f1enses. Los dirigidos por Alexis Garc\u00eda vienen al General\nSantander en busca de otros tres puntos que lo ratifiquen en el grupo de los\nocho.<\/p>\n\n\n\n<p class=\"wp-block-paragraph\">El equipo local buscar\u00e1 la victoria y para\nconseguirla contar\u00e1 con el ciento por ciento de la n\u00f3mina titular. El partido es\nclave porque el visitante es adversario directo en las tablas de posiciones y\ndel descenso. Recuperar la esencia futbol\u00edstica que los mantuvo por varias\nfechas al frente de la Liga es la intenci\u00f3n de directivos, cuerpo t\u00e9cnico y\njugadores.<\/p>\n\n\n\n<p class=\"wp-block-paragraph\">Algunos datos que arroja el reencuentro de\nestos dos equipos en la m\u00e1xima categor\u00eda del futbol colombiano llevan al \u00faltimo\nenfrentamiento, en 2015, en el estadio General Santander. La victoria correspondi\u00f3\na los visitantes (2-0). La \u00faltima vez que el C\u00facuta Deportivo derrot\u00f3 al\nDeportivo Pasto, fue el 5 de abril del 2009 (1-0). <\/p>\n\n\n\n<p class=\"wp-block-paragraph\">Para este compromiso, la tribuna Norte del\nestadio cumplir\u00e1 la \u00faltima fecha de sanci\u00f3n y no podr\u00e1 ser habitada por los\nhinchas rojinegros. Los abonados deber\u00e1n dirigirse a Oriental para disfrutar el\npartido. Los integrantes de la Banda del Indio, que pagaron la sanci\u00f3n, podr\u00e1n\ningresar trapos e instrumentos al Coloso de Lleras.<\/p>\n\n\n\n<p class=\"wp-block-paragraph\">El partido comienza a las 6:00 de la tarde y los puntos de venta de las entradas estar\u00e1n habilitados horas previas al duelo. Los precios son los habituales, por lo que se espera el apoyo de la hinchada cucute\u00f1a para que el C\u00facuta Deportivo salga de la racha negativa. El compromiso ser\u00e1 trasmitido por el canal Win Sports.<\/p>\n\n\n\n<p class=\"wp-block-paragraph\">Los \u00e1rbitro para el partido son:<\/p>\n\n\n\n<p class=\"wp-block-paragraph\">\n\nCentral: Luis Trujillo \u2013 Valle<br>Asistente No.1: Elkin Echavarr\u00eda \u2013 Antioquia<br>Asistente No.2: Javer Motta \u2013 Cundinamarca<br>Emergente: Alexander Ort\u00edz \u2013 Norte de Santander\n\n<\/p>\n\n\n\n<p class=\"wp-block-paragraph\"><strong>JEISON\nY\u00c1\u00d1EZ<\/strong><\/p>\n","protected":false},"excerpt":{"rendered":"<p>C\u00daCUTA.- Cinco partidos consecutivos suma el elenco rojinegro sin conocer la victoria, cuatro por la Liga y uno por Copa. Los dirigidos por Sebasti\u00e1n M\u00e9ndez vienen de sufrir una dura derrota a manos del Deportivo Cali, y comienzan a comprometer la participaci\u00f3n en los cuadrangulares semifinales. Salir de la racha negativa nunca es sencillo, esto &hellip;<\/p>\n","protected":false},"author":1,"featured_media":34085,"comment_status":"open","ping_status":"open","sticky":false,"template":"","format":"standard","meta":{"footnotes":""},"categories":[4,1,28],"tags":[4378,4510,1396,4506],"class_list":["post-34084","post","type-post","status-publish","format-standard","has-post-thumbnail","hentry","category-barra","category-sin-categoria","category-vistazo-deportivo","tag-cucuta-deportivo-2019","tag-deportivo-pasto","tag-dimayor","tag-fpc"],"_links":{"self":[{"href":"https:\/\/contraluzcucuta.co\/index.php?rest_route=\/wp\/v2\/posts\/34084","targetHints":{"allow":["GET"]}}],"collection":[{"href":"https:\/\/contraluzcucuta.co\/index.php?rest_route=\/wp\/v2\/posts"}],"about":[{"href":"https:\/\/contraluzcucuta.co\/index.php?rest_route=\/wp\/v2\/types\/post"}],"author":[{"embeddable":true,"href":"https:\/\/contraluzcucuta.co\/index.php?rest_route=\/wp\/v2\/users\/1"}],"replies":[{"embeddable":true,"href":"https:\/\/contraluzcucuta.co\/index.php?rest_route=%2Fwp%2Fv2%2Fcomments&post=34084"}],"version-history":[{"count":2,"href":"https:\/\/contraluzcucuta.co\/index.php?rest_route=\/wp\/v2\/posts\/34084\/revisions"}],"predecessor-version":[{"id":34087,"href":"https:\/\/contraluzcucuta.co\/index.php?rest_route=\/wp\/v2\/posts\/34084\/revisions\/34087"}],"wp:featuredmedia":[{"embeddable":true,"href":"https:\/\/contraluzcucuta.co\/index.php?rest_route=\/wp\/v2\/media\/34085"}],"wp:attachment":[{"href":"https:\/\/contraluzcucuta.co\/index.php?rest_route=%2Fwp%2Fv2%2Fmedia&parent=34084"}],"wp:term":[{"taxonomy":"category","embeddable":true,"href":"https:\/\/contraluzcucuta.co\/index.php?rest_route=%2Fwp%2Fv2%2Fcategories&post=34084"},{"taxonomy":"post_tag","embeddable":true,"href":"https:\/\/contraluzcucuta.co\/index.php?rest_route=%2Fwp%2Fv2%2Ftags&post=34084"}],"curies":[{"name":"wp","href":"https:\/\/api.w.org\/{rel}","templated":true}]}}