{"id":34073,"date":"2019-03-26T21:27:40","date_gmt":"2019-03-27T02:27:40","guid":{"rendered":"http:\/\/contraluzcucuta.co\/?p=34073"},"modified":"2019-03-26T21:27:40","modified_gmt":"2019-03-27T02:27:40","slug":"peregrinacion-la-patrona-de-colombia-visita-a-norte-de-santander","status":"publish","type":"post","link":"https:\/\/contraluzcucuta.co\/?p=34073","title":{"rendered":"PEREGRINACI\u00d3N. La Patrona de Colombia visita a Norte de Santander"},"content":{"rendered":"<p style=\"padding-left: 60px;\"><span style=\"color: #ff6600;\"><strong>C\u00daCUTA.- <\/strong>El cuadro peregrino de Nuestra Se\u00f1ora del Rosario de Chiquinquir\u00e1, que recorre el pa\u00eds con motivo del centenario de la coronaci\u00f3n (9 de julio), llegar\u00e1 a Norte de Santander. Los frailes dominicos coordinan la visita para llevar a cada Di\u00f3cesis y Arquidi\u00f3cesis mensajes de reconciliaci\u00f3n y renovaci\u00f3n bajo la figura de Mar\u00eda.<\/span><\/p>\n<p>El lienzo de la reina y patrona de los colombianos ser\u00e1 recibido por la Di\u00f3cesis de C\u00facuta, el 30 de marzo, a las 12:00 del d\u00eda. La eucarist\u00eda en la Catedral de San Jos\u00e9 ser\u00e1 presidida por monse\u00f1or V\u00edctor Manuel Ochoa, Obispo de C\u00facuta.<\/p>\n<p>La r\u00e9plica del cuadro de la Virgen de Chiquinquir\u00e1 llegar\u00e1 a La Garita, decanato de San Pablo (Los Patios) y estar\u00e1 en las parroquias: Catedral San Jos\u00e9 de C\u00facuta, San Mart\u00edn de Porres, San Luis Gonzaga, Nuestra Se\u00f1ora del Rosario de Mongu\u00ed y San Antonio de Padua (El Zulia); entre otros lugares.<\/p>\n<p>La visita se extender\u00e1 hasta el 2 de abril, cuando partir\u00e1 hacia la Di\u00f3cesis de Oca\u00f1a. Continuar\u00e1 la presencia entre la comunidad cat\u00f3lica nortesantandereana con el prop\u00f3sito de renovar la fe y rezar a la madre de los colombianos por la reconciliaci\u00f3n del pa\u00eds.<\/p>\n<p>La programaci\u00f3n prevista es la siguiente:<\/p>\n<p><strong>30 de marzo<\/strong><\/p>\n<p>10:30 de la ma\u00f1ana. Bienvenida a la imagen de Nuestra Se\u00f1ora del Rosario de Chiquinquir\u00e1, en La Garita (Los Patios).<\/p>\n<p>12:00 del d\u00eda. Entronizaci\u00f3n en la Catedral de San Jos\u00e9.<\/p>\n<p>3:00 de la tarde. Rezo del santo rosario. Movimientos apost\u00f3licos.<\/p>\n<p>5:00 de la tarde. Rezo del santo rosario. Comunidades religiosas.<\/p>\n<p>6:00 de la tarde. Eucarist\u00eda presidida por el p\u00e1rroco.<\/p>\n<p>8:00 de la noche. Rezo del santo rosario. Pastoral juvenil.<\/p>\n<p><strong>31 de marzo<\/strong><\/p>\n<p>8:00 de la ma\u00f1ana. Salida de la Catedral hacia la parroquia de San Mart\u00edn de Porres.<\/p>\n<p>12:00 del d\u00eda. Eucarist\u00eda presidida por el p\u00e1rroco fray Camilo Villamizar.<\/p>\n<p>6:00 de la tarde. Lucernario en la parroquia de San Mart\u00edn.<\/p>\n<p><strong>1 de abril.<\/strong><\/p>\n<p>6:00 de la ma\u00f1ana. Salida desde la parroquia de San Mart\u00edn hacia la Catedral.<\/p>\n<p>7:00 de la ma\u00f1ana. Eucarist\u00eda. Delegaciones de colegios, pastoral educativa y Conaced.<\/p>\n<p>8:00 de la ma\u00f1ana. Salida para la Casa de Paso.<\/p>\n<p>9:00 de la ma\u00f1ana. Visita a la casa Misericordia Cada D\u00eda.<\/p>\n<p>11:00 de la ma\u00f1ana. Ancianato Rudesindo Soto.<\/p>\n<p>4:00 de la tarde. Parroquia San Luis Gonzaga.<\/p>\n<p>6:00 de la tarde. Celebraci\u00f3n eucar\u00edstica.<\/p>\n<p><strong>2 de abril<\/strong><\/p>\n<p>5:00 de la ma\u00f1ana. Salida para la parroquia Nuestra Se\u00f1ora del Rosario de Mongu\u00ed.<\/p>\n<p>6:00 de la ma\u00f1ana. Rosario de aurora. Despedida de C\u00facuta y salida hacia El Zulia,<\/p>\n<p>8:30 de la ma\u00f1ana. Rezo del santo rosario, parroquia San Antonio de Padua (El Zulia).<\/p>\n<p>9:30 de la ma\u00f1ana. Homenaje parroquia Nuestra Se\u00f1ora de Chiquinquir\u00e1 de El Zulia.<\/p>\n<p>10:30 de la ma\u00f1ana. Salida hacia Sardinata.<\/p>\n<p>12:30 de la tarde. Celebraci\u00f3n eucar\u00edstica, parroquia San Mart\u00edn.<\/p>\n<p>2:30 de la tarde. Salida para la Di\u00f3cesis de Oca\u00f1a.<\/p>\n","protected":false},"excerpt":{"rendered":"<p>C\u00daCUTA.- El cuadro peregrino de Nuestra Se\u00f1ora del Rosario de Chiquinquir\u00e1, que recorre el pa\u00eds con motivo del centenario de la coronaci\u00f3n (9 de julio), llegar\u00e1 a Norte de Santander. Los frailes dominicos coordinan la visita para llevar a cada Di\u00f3cesis y Arquidi\u00f3cesis mensajes de reconciliaci\u00f3n y renovaci\u00f3n bajo la figura de Mar\u00eda. El lienzo &hellip;<\/p>\n","protected":false},"author":1,"featured_media":34074,"comment_status":"open","ping_status":"open","sticky":false,"template":"","format":"standard","meta":{"footnotes":""},"categories":[4,36],"tags":[1547,8,4509],"class_list":["post-34073","post","type-post","status-publish","format-standard","has-post-thumbnail","hentry","category-barra","category-la-voz-del-pueblo","tag-catedral-de-san-jose","tag-diocesis-de-cucuta","tag-nuestra-senora-del-rosario"],"_links":{"self":[{"href":"https:\/\/contraluzcucuta.co\/index.php?rest_route=\/wp\/v2\/posts\/34073","targetHints":{"allow":["GET"]}}],"collection":[{"href":"https:\/\/contraluzcucuta.co\/index.php?rest_route=\/wp\/v2\/posts"}],"about":[{"href":"https:\/\/contraluzcucuta.co\/index.php?rest_route=\/wp\/v2\/types\/post"}],"author":[{"embeddable":true,"href":"https:\/\/contraluzcucuta.co\/index.php?rest_route=\/wp\/v2\/users\/1"}],"replies":[{"embeddable":true,"href":"https:\/\/contraluzcucuta.co\/index.php?rest_route=%2Fwp%2Fv2%2Fcomments&post=34073"}],"version-history":[{"count":1,"href":"https:\/\/contraluzcucuta.co\/index.php?rest_route=\/wp\/v2\/posts\/34073\/revisions"}],"predecessor-version":[{"id":34075,"href":"https:\/\/contraluzcucuta.co\/index.php?rest_route=\/wp\/v2\/posts\/34073\/revisions\/34075"}],"wp:featuredmedia":[{"embeddable":true,"href":"https:\/\/contraluzcucuta.co\/index.php?rest_route=\/wp\/v2\/media\/34074"}],"wp:attachment":[{"href":"https:\/\/contraluzcucuta.co\/index.php?rest_route=%2Fwp%2Fv2%2Fmedia&parent=34073"}],"wp:term":[{"taxonomy":"category","embeddable":true,"href":"https:\/\/contraluzcucuta.co\/index.php?rest_route=%2Fwp%2Fv2%2Fcategories&post=34073"},{"taxonomy":"post_tag","embeddable":true,"href":"https:\/\/contraluzcucuta.co\/index.php?rest_route=%2Fwp%2Fv2%2Ftags&post=34073"}],"curies":[{"name":"wp","href":"https:\/\/api.w.org\/{rel}","templated":true}]}}