{"id":34063,"date":"2019-03-25T16:55:00","date_gmt":"2019-03-25T21:55:00","guid":{"rendered":"http:\/\/contraluzcucuta.co\/?p=34063"},"modified":"2019-03-25T16:55:00","modified_gmt":"2019-03-25T21:55:00","slug":"plan-retorno-30-092-vehiculos-movilizados-accidentalidad-cero","status":"publish","type":"post","link":"https:\/\/contraluzcucuta.co\/?p=34063","title":{"rendered":"PLAN RETORNO. 30.092 veh\u00edculos movilizados. Accidentalidad, cero"},"content":{"rendered":"<p style=\"padding-left: 60px;\"><span style=\"color: #ff6600;\"><strong>C\u00daCUTA.<\/strong> En el puente festivo, con corte a las 3:00 de la tarde, se hab\u00edan movilizado 30.092 veh\u00edculos. Ingresaron 13.055 y salieron 17.037. Hubo\u00a0 reducci\u00f3n en la circulaci\u00f3n con relaci\u00f3n al 2018, cuando se movilizaron 34.087 automotores.<\/span><\/p>\n<p>Las estad\u00edsticas de accidentalidad en Norte de Santander registran la reducci\u00f3n del ciento por ciento. Para la misma fecha del a\u00f1o pasado ocurrieron siete accidentes con dos homicidios y seis lesionados. Este balance se logra por las acciones de prevenci\u00f3n y estrategias adoptadas para concientizar a conductores y usuarios viales.<\/p>\n<p>En cumplimiento de la Estrategia Institucional de Seguridad Vial, el Departamento de Polic\u00eda dise\u00f1\u00f3 un dispositivo con el fin de garantizar el normal desarrollo del Plan Retorno. Teniendo en cuenta que muchos viajeros se desplazar\u00edan por las principales v\u00edas, la Seccional de Tr\u00e1nsito y Transporte despleg\u00f3 15 puestos de prevenci\u00f3n y control en:<\/p>\n<p>1.- Oca\u00f1a \u2013 Sardinata<\/p>\n<p>2.- Sardinata \u2013 C\u00facuta<\/p>\n<p>3.- C\u00facuta \u2013 Pamplona<\/p>\n<p>4.- Pamplona \u2013 Bucaramanga<\/p>\n<p>5.- Terminal de Transporte de Pamplona.<\/p>\n<p>En estos puntos se adelantaron actividades de verificaci\u00f3n de la documentaci\u00f3n de automotores y conductores, y se entregaron recomendaciones de seguridad, mediante campa\u00f1as educativas.<\/p>\n<p>En la v\u00eda Bucramanga &#8211; Pamplona se dio el cierre total, el domingo en la noche, luego de las fuerte lluvias en el kil\u00f3metro 90 + 150 y 91+400. En La Laguna los uniformados evacuaron siete viviendas y resguardaron la vida y la integridad de ni\u00f1os y ancianos.<\/p>\n<p>Luego de verificar el eje vial, se tom\u00f3 la determinaci\u00f3n de cerrar la v\u00eda dadas las condiciones meteorol\u00f3gicas y la poca visibilidad. El lunes, se reactivaron las actividades de remoci\u00f3n de rocas y lodo de la carretera para abrir con paso restringido por un carril.<\/p>\n<p>En la v\u00eda Sardinata \u2013 C\u00facuta, en el kil\u00f3metro 34, Pedregales, se captur\u00f3 a un ciudadano de 24 a\u00f1os, quien present\u00f3 licencia de conducci\u00f3n de tr\u00e1nsito falsa en momentos en que se movilizaba en motocicleta. El sujeto fue judicializado por uso de documento falso y presentado a la Fiscal\u00eda URI de C\u00facuta.<\/p>\n<p>Horas m\u00e1s tarde, fue capturado por orden judicial un hombre de 41 a\u00f1os, por acceso carnal violento. El individuo era solicitado por el Juzgado Noveno Municipal con funci\u00f3n de control de garant\u00edas de C\u00facuta, autoridad a la que se dej\u00f3 a buen recaudo.<\/p>\n<p>La Polic\u00eda agradeci\u00f3 a los usuarios de las v\u00edas del departamento por el comportamiento ejemplar y cumplimiento de las normas de Tr\u00e1nsito, para que en el puente festivo no sucedieran hechos lamentables.<\/p>\n","protected":false},"excerpt":{"rendered":"<p>C\u00daCUTA. En el puente festivo, con corte a las 3:00 de la tarde, se hab\u00edan movilizado 30.092 veh\u00edculos. Ingresaron 13.055 y salieron 17.037. Hubo\u00a0 reducci\u00f3n en la circulaci\u00f3n con relaci\u00f3n al 2018, cuando se movilizaron 34.087 automotores. Las estad\u00edsticas de accidentalidad en Norte de Santander registran la reducci\u00f3n del ciento por ciento. Para la misma &hellip;<\/p>\n","protected":false},"author":1,"featured_media":34064,"comment_status":"open","ping_status":"open","sticky":false,"template":"","format":"standard","meta":{"footnotes":""},"categories":[11,4],"tags":[3070,3323,576],"class_list":["post-34063","post","type-post","status-publish","format-standard","has-post-thumbnail","hentry","category-cronica-roja","category-barra","tag-denor-coest","tag-plan-retorno","tag-policia-de-norte-de-santander"],"_links":{"self":[{"href":"https:\/\/contraluzcucuta.co\/index.php?rest_route=\/wp\/v2\/posts\/34063","targetHints":{"allow":["GET"]}}],"collection":[{"href":"https:\/\/contraluzcucuta.co\/index.php?rest_route=\/wp\/v2\/posts"}],"about":[{"href":"https:\/\/contraluzcucuta.co\/index.php?rest_route=\/wp\/v2\/types\/post"}],"author":[{"embeddable":true,"href":"https:\/\/contraluzcucuta.co\/index.php?rest_route=\/wp\/v2\/users\/1"}],"replies":[{"embeddable":true,"href":"https:\/\/contraluzcucuta.co\/index.php?rest_route=%2Fwp%2Fv2%2Fcomments&post=34063"}],"version-history":[{"count":1,"href":"https:\/\/contraluzcucuta.co\/index.php?rest_route=\/wp\/v2\/posts\/34063\/revisions"}],"predecessor-version":[{"id":34065,"href":"https:\/\/contraluzcucuta.co\/index.php?rest_route=\/wp\/v2\/posts\/34063\/revisions\/34065"}],"wp:featuredmedia":[{"embeddable":true,"href":"https:\/\/contraluzcucuta.co\/index.php?rest_route=\/wp\/v2\/media\/34064"}],"wp:attachment":[{"href":"https:\/\/contraluzcucuta.co\/index.php?rest_route=%2Fwp%2Fv2%2Fmedia&parent=34063"}],"wp:term":[{"taxonomy":"category","embeddable":true,"href":"https:\/\/contraluzcucuta.co\/index.php?rest_route=%2Fwp%2Fv2%2Fcategories&post=34063"},{"taxonomy":"post_tag","embeddable":true,"href":"https:\/\/contraluzcucuta.co\/index.php?rest_route=%2Fwp%2Fv2%2Ftags&post=34063"}],"curies":[{"name":"wp","href":"https:\/\/api.w.org\/{rel}","templated":true}]}}