{"id":34049,"date":"2019-03-23T09:13:33","date_gmt":"2019-03-23T14:13:33","guid":{"rendered":"http:\/\/contraluzcucuta.co\/?p=34049"},"modified":"2019-03-23T09:13:33","modified_gmt":"2019-03-23T14:13:33","slug":"momentos-historicos-cucuta-deportivo-atletico-nacional-mas-de-tres-anos-sin-verse-las-caras","status":"publish","type":"post","link":"https:\/\/contraluzcucuta.co\/?p=34049","title":{"rendered":"MOMENTOS HIST\u00d3RICOS. C\u00facuta Deportivo &#8211; Atl\u00e9tico Nacional, m\u00e1s de tres a\u00f1os sin verse las caras\u00a0"},"content":{"rendered":"<p style=\"padding-left: 60px;\"><span style=\"color: #ff6600;\"><strong>C\u00daCUTA.-<\/strong> Este 23 de marzo, en cumplimiento de la d\u00e9cima primera jornada de la Liga del F\u00fatbol Profesional Colombiano, se enfrentan, a las 5:00 de la tarde, en el estadio General Francisco de Paula Santander, \u00a0C\u00facuta Deportivo y Atl\u00e9tico Nacional.\u00a0<\/span><\/p>\n<p>El\u00a0Atl\u00e9tico Nacional\u00a0fue fundado el 30 de abril de 1947, con el nombre de\u00a0Club Atl\u00e9tico Municipal, por escritura p\u00fablica 2100 de Medell\u00edn. Desde entonces, el equipo\u00a0verdolaga, conocido por apostar a la formaci\u00f3n de jugadores colombianos, ha conseguido 29 t\u00edtulos oficiales, disgregados en 16 Ligas de la Dimayor, 4 Copas Colombia\u00a0(es el m\u00e1s laureado en ambas competiciones), 2 Superligas, 2 Copas Merconorte, 2 Copas Interamericanas, 2 Copas Libertadores de Am\u00e9rica y una Recopa Sudamericana. Estos logros le dieron el mote de\u00a0El Rey de Copas Colombiano.<\/p>\n<p>En julio de 1950, Fabricato, una de las principales empresas textiles de Medell\u00edn, se vincul\u00f3 al equipo al comprar la mayor\u00eda de las acciones. Tras comprobar que el Municipal ten\u00eda una n\u00f3mina compuesta por jugadores colombianos, hizo el cambio del nombre del equipo por el de\u00a0Atl\u00e9tico Nacional, mediante escritura 4718 del 16 de julio de 1950, en Medell\u00edn.<\/p>\n<p>La capital antioque\u00f1a por fin tendr\u00eda un escenario apropiado para el f\u00fatbol profesional, con la inauguraci\u00f3n del estadio Atanasio Girardot, el 19 de marzo de 1953.<\/p>\n<p><strong>Momentos hist\u00f3ricos del encuentro<\/strong><\/p>\n<p>1.- 1955. La mayor goleada del campeonato se la propici\u00f3 el Nacional al C\u00facuta Deportivo (7 \u2013 0), en la cuarta fecha de la segunda vuelta.<\/p>\n<p>2.- 1962. C\u00facuta derrot\u00f3 como local al Nacional 5 \u2013 0, y perdi\u00f3 6 \u2013 4, en la visita, en el partido de mayor cantidad de goles en el campeonato. La delantera motilona la integraban Verd\u00fan, Walter G\u00f3mez, Ren\u00e9 Tideo Olaza y Manuel \u2018Tinta\u2019 Gonz\u00e1lez.<\/p>\n<p>3.- 1963. El 28 de febrero, visit\u00f3 al Nacional y con solo 10 hombres empat\u00f3 1 \u2013 1. A los 27 minutos de la primera parte, Cleto Castillo fue expulsado. Verd\u00fan abri\u00f3 el marcador a los 35 minutos y el defensa centro motil\u00f3n Julio Brucessi, mediando la complementaria, empat\u00f3 el partido, \u2018con un soberbio autogol\u2019. Por segundo a\u00f1o consecutivo Verd\u00fan, con 36 anotaciones, fue el Bot\u00edn de Oro.<\/p>\n<p>4.- 1964. El 10 de junio, despu\u00e9s de perder 3 \u2013 0 con Nacional como visitante, el t\u00e9cnico motil\u00f3n Juan Eduardo Hohberg renunci\u00f3 ante la nueva Junta Directiva compuesta, entre otros, por los hermanos Hernando y Enrique Lara Hern\u00e1ndez. Lo sucedi\u00f3 en el cargo el exjugador motil\u00f3n Carlos Zunnino. Al final de la temporada fue sub campe\u00f3n de la mano de Francisco \u2018Pancho\u2019 Villegas.<\/p>\n<p>5.- 1967. El 30 de julio, despu\u00e9s de 8 fechas sin conocer la victoria, el C\u00facuta Deportivo dobleg\u00f3 al Nacional 2 \u2013 1, con goles del \u2018Ma\u00f1o\u2019 Ruiz y \u2018Palomo\u2019 Ram\u00edrez.<\/p>\n<p>6.- 1970. El 2 de septiembre, de visitante, venci\u00f3 al Nacional 4 \u2013 2. El goleador Jos\u00e9 Mar\u00eda Ferrero marc\u00f3 dos de los cuatro tantos. Jos\u00e9 Paflick, en la defensa, descoll\u00f3 en talento y jerarqu\u00eda.<\/p>\n<p>7.- 1972. El 5 de noviembre, de visitante, contra Atl\u00e9tico Nacional cay\u00f3 3- 1. Con la derrota perdi\u00f3 el invicto de 13 fechas. \u2018Chonto\u2019 Jaimes y Jaime Illidge, marcaron autogoles. El arquero motil\u00f3n fue Absal\u00f3n Oviedo.<\/p>\n<p>8.- 1976. El 30 de mayo, ins\u00f3litamente, cuando enfrent\u00f3 de local al Nacional (1 \u2013 1), los defensas \u2018Churta\u2019 Ortiz y Wilson Barona se fueron a golpes dentro de la cancha. Los directivos expulsaron a los dos jugadores motilones.<\/p>\n<p>9.- 1979. El 8 de julio, en la visita al Nacional (0 \u2013 0) fue expulsado por primera vez en el f\u00fatbol profesional colombiano el delantero motil\u00f3n Manuel Rosendo Mag\u00e1n. Con 18 tantos fue el m\u00e1ximo artillero rojo y negro.<\/p>\n<p>Los paisas recuerdan este hecho como lo m\u00e1s grande del club por a\u00f1os:<\/p>\n<p>10.- En 1975, el equipo verdolaga termin\u00f3 en el puesto 11. En la Copa Libertadores logr\u00f3 quitarle un invicto de local al Cruzeiro F.C. (m\u00e1s de a\u00f1o y medio sin perder con equipos brasile\u00f1os y ninguna sola derrota en su patio contra equipos extranjeros), gan\u00e1ndole 3-2, con goles de V\u00edctor Campaz y Hugo Horacio L\u00f3ndero. Fue la primera victoria de un equipo colombiano en Brasil.<\/p>\n<p><strong>Jugadores hist\u00f3ricos que han vestido las dos camisetas<\/strong><\/p>\n<p>Juan\u00a0\u2018El Rumbo\u2019\u00a0Vidal, Luis Eduardo \u2018Gallito\u2019 Contreras, Gabriel Mej\u00eda, Julio Ulises Terra, Juan Carlos Toja, Felipe Marino, Fabio Ossa, Dar\u00edo \u2018Patillas\u2019 Zapata, Eduardo Juli\u00e1n Retat, Hugo Horacio L\u00f3ndero, Carlos Miguel \u2018El Chiche\u2019 Diz, William Night, \u00c1lvaro Fl\u00f3rez, Dardo Urchevik, Ricardo \u2018Tito\u2019 Viera, Sergio Rodolfo Sant\u00edn Spinelli, Oswaldo Marcial Palavecino, Nelson Silva Pacheco, Salvador L\u00f3pez Quiceno, Miguel N\u00fa\u00f1ez, Bernardo Iv\u00e1n Aristiz\u00e1bal \u2018Beny\u2019, C\u00e9sar Cueto, Guillermo La Rosa, Faustino Hern\u00e1n Asprilla Hinestroza, Hugo Tuberquia, Albeiro \u2018El Palomo\u2019 Usuriaga, Jairo Pati\u00f1o Rosero, \u2018El Viejo\u2019, Macnelly Torres y Cristian Andr\u00e9s D\u00e1jome Arboleda.<\/p>\n<p>En la n\u00f3mina de alguno de los dos equipos figuran jugadores que estuvieron o est\u00e1n vinculados al equipo rival en esta oportunidad:<\/p>\n<p>Wilder Andr\u00e9s Guisao Correa, Omar Duarte y Gilberto Garc\u00eda Olarte, \u2018Alcatraz\u2019.<\/p>\n<p><strong>Directores t\u00e9cnicos que han manejado los dos clubes<\/strong><\/p>\n<p>Jos\u00e9 \u2018Pepe\u2019 Etchegoyen, Julio Tocker, Juan Eduardo Hohberg, Gilberto Osorio, An\u00edbal \u2018Ma\u00f1o\u2019 Ruiz, Oscar H\u00e9ctor Quintabani.<\/p>\n<p>El primer encuentro entre Atl\u00e9tico Nacional y el C\u00facuta Deportivo<\/p>\n<p>Se disput\u00f3 el 14 de enero de 1951. Para la \u00e9poca el precio de la boleter\u00eda en el estadio general Santander era: Gramilla: $7.00; Sombra: $5.00; Sol: $3.00, y General: $1.00. El equipo motil\u00f3n aline\u00f3 as\u00ed: Barrios, Contreras y Terra; Barbieri, Magnay y Luz; Zunnino, Abraham Gonz\u00e1lez, Juan Carlos Toja, Ram\u00f3n Villaverde y Juan De Lucca. Con goles de Toja a los 12 y 18 minutos del primer tiempo, los rojinegros ganaron 2-1. Juan Carlos Toja, se bautiz\u00f3 en la religi\u00f3n cat\u00f3lica el 20 de febrero en la iglesia de los padres Salesianos y el 10 de marzo, contrajo matrimonio con la Sta. Elena Mondrag\u00f3n Arroyabe.<\/p>\n<p><strong>\u00daltimo encuentro<\/strong><\/p>\n<p>Atl\u00e9tico Nacional y el C\u00facuta Deportivo se encontraron por \u00faltima vez el 22 de noviembre de 2015, a la 1:45 de la tarde, por la jornada 20 de la Copa Mustang II, en el estadio General Santander.\u00a0 Nacional gan\u00f3 2-1. Cristian D\u00e1jome logr\u00f3 el tanto por los rojinegros al minuto 25. Jonathan Copete empat\u00f3 al minuto 38 y Sebasti\u00e1n T\u00e1mara logr\u00f3 la anotaci\u00f3n de la victoria al minuto 86. El director t\u00e9cnico motil\u00f3 era Carlos Quintero, y el de los verdolagas, Reinaldo Rueda. Luis Trujillo fue al \u00e1rbitro central del partido al que solo asistieron 1200 espectadores.<\/p>\n<p><strong>N\u00c9STOR SANCLEMENTE<\/strong><\/p>\n","protected":false},"excerpt":{"rendered":"<p>C\u00daCUTA.- Este 23 de marzo, en cumplimiento de la d\u00e9cima primera jornada de la Liga del F\u00fatbol Profesional Colombiano, se enfrentan, a las 5:00 de la tarde, en el estadio General Francisco de Paula Santander, \u00a0C\u00facuta Deportivo y Atl\u00e9tico Nacional.\u00a0 El\u00a0Atl\u00e9tico Nacional\u00a0fue fundado el 30 de abril de 1947, con el nombre de\u00a0Club Atl\u00e9tico Municipal, &hellip;<\/p>\n","protected":false},"author":1,"featured_media":34050,"comment_status":"open","ping_status":"open","sticky":false,"template":"","format":"standard","meta":{"footnotes":""},"categories":[4,28],"tags":[426,4378,4506,4505],"class_list":["post-34049","post","type-post","status-publish","format-standard","has-post-thumbnail","hentry","category-barra","category-vistazo-deportivo","tag-atletico-nacional","tag-cucuta-deportivo-2019","tag-fpc","tag-momentos-historicos"],"_links":{"self":[{"href":"https:\/\/contraluzcucuta.co\/index.php?rest_route=\/wp\/v2\/posts\/34049","targetHints":{"allow":["GET"]}}],"collection":[{"href":"https:\/\/contraluzcucuta.co\/index.php?rest_route=\/wp\/v2\/posts"}],"about":[{"href":"https:\/\/contraluzcucuta.co\/index.php?rest_route=\/wp\/v2\/types\/post"}],"author":[{"embeddable":true,"href":"https:\/\/contraluzcucuta.co\/index.php?rest_route=\/wp\/v2\/users\/1"}],"replies":[{"embeddable":true,"href":"https:\/\/contraluzcucuta.co\/index.php?rest_route=%2Fwp%2Fv2%2Fcomments&post=34049"}],"version-history":[{"count":1,"href":"https:\/\/contraluzcucuta.co\/index.php?rest_route=\/wp\/v2\/posts\/34049\/revisions"}],"predecessor-version":[{"id":34051,"href":"https:\/\/contraluzcucuta.co\/index.php?rest_route=\/wp\/v2\/posts\/34049\/revisions\/34051"}],"wp:featuredmedia":[{"embeddable":true,"href":"https:\/\/contraluzcucuta.co\/index.php?rest_route=\/wp\/v2\/media\/34050"}],"wp:attachment":[{"href":"https:\/\/contraluzcucuta.co\/index.php?rest_route=%2Fwp%2Fv2%2Fmedia&parent=34049"}],"wp:term":[{"taxonomy":"category","embeddable":true,"href":"https:\/\/contraluzcucuta.co\/index.php?rest_route=%2Fwp%2Fv2%2Fcategories&post=34049"},{"taxonomy":"post_tag","embeddable":true,"href":"https:\/\/contraluzcucuta.co\/index.php?rest_route=%2Fwp%2Fv2%2Ftags&post=34049"}],"curies":[{"name":"wp","href":"https:\/\/api.w.org\/{rel}","templated":true}]}}