{"id":34046,"date":"2019-03-22T20:41:31","date_gmt":"2019-03-23T01:41:31","guid":{"rendered":"http:\/\/contraluzcucuta.co\/?p=34046"},"modified":"2019-03-22T20:41:31","modified_gmt":"2019-03-23T01:41:31","slug":"perfil-mi-mayor-defecto-es-la-lengua-juan-carlos-calderon","status":"publish","type":"post","link":"https:\/\/contraluzcucuta.co\/?p=34046","title":{"rendered":"PERFIL. Mi mayor defecto es la lengua: Juan Carlos Calder\u00f3n"},"content":{"rendered":"<p style=\"padding-left: 60px;\"><span style=\"color: #ff6600;\"><strong>C\u00daCUTA.-<\/strong> Naci\u00f3 en C\u00facuta, el 5 de agosto de 1960; estudi\u00f3 la primaria en el colegio Sagrado Coraz\u00f3n de Jes\u00fas y termin\u00f3 el bachillerato en el San Juan de la Cruz. Creci\u00f3 en una familia conformada por sus padres y dos hermanas. Toda la vida quiso ser sacerdote y combina el ejercicio religioso con el magisterio. Ese es Juan Carlos Calder\u00f3n.<\/span><\/p>\n<p>Fue maestro en la escuela donde estudi\u00f3 la primaria y del colegio Santo Tom\u00e1s de Aquino, en Bogot\u00e1; fund\u00f3 el plantel Mar\u00eda Reina, hace 30 a\u00f1os, cuando empez\u00f3 con 70 adultos. Asumi\u00f3 la rector\u00eda de una instituci\u00f3n que contaba con 5 sedes, atend\u00eda a 3500 alumnos, dirig\u00eda a 120 maestros y 6 coordinadores, y atend\u00eda 2 comedores infantiles.<\/p>\n<p>En la educaci\u00f3n ha formado los maestros de colegios p\u00fablicos como agentes de pastoral que animan la religi\u00f3n, la \u00e9tica y los valores. En alg\u00fan momento fue nombrado delegado de pastoral educativo.<\/p>\n<p>Como ministro de matrimonios ha llevado muchas parejas en uni\u00f3n libre al altar y casado m\u00e1s de 2000 parejas de diferentes edades. Ha sido promotor vocacional, ha orientado a ni\u00f1os ac\u00f3litos, j\u00f3venes y catequistas que han llegado a ser sacerdotes. Durante 34 a\u00f1os de entrega religiosa, ha hecho que ni\u00f1os y j\u00f3venes se enamoren del sacerdocio para que sigan ese camino en el futuro.<\/p>\n<p>Nunca ha pensado en abandonar el proyecto que eligi\u00f3 para la vida. Trabaj\u00f3 como vicario judicial y durante 25 a\u00f1os tuvo a cargo los procesos de nulidad matrimonial en el Tribunal Regional Diocesano. El trabajo consist\u00eda en anular un matrimonio para legalizar la uni\u00f3n con la otra pareja.<\/p>\n<p>Ayud\u00f3 a la Di\u00f3cesis a adquirir el colegio Seminario Menor para lo que aprovech\u00f3 la amistad con las hermanas del Buen Pastor. Una de las monjas decidi\u00f3 vender parte del convento y se convirti\u00f3 en la instituci\u00f3n, ubicada en el barrio Quinta Oriental. Siempre ha colaborado con la educaci\u00f3n. El colegio de Sardinata lo ten\u00edan las hermanas del Cardenal Sancha, pero tuvieron problemas para continuar al frente. Juan Carlos Calder\u00f3n decidi\u00f3 negociar el establecimiento con poca plata. Ahora, est\u00e1 arrendado al departamento y es una ayuda para la di\u00f3cesis.<\/p>\n<p>Construy\u00f3 los templos de Mar\u00eda Reina (Motilones), Divino Ni\u00f1o y San Juan de la Cruz (Trapiches); remodel\u00f3 el templo de La Candelaria y del Esp\u00edritu Santo; hizo la capilla de Jes\u00fas de Nazaret (Campo Verde). Apoy\u00f3 la construcci\u00f3n de la iglesia de San Ignacio de Loyola (Vista Hermosa).<\/p>\n<p>Los 34 a\u00f1os de sacerdocio los ha repartido de la siguiente manera: siete a\u00f1os y tres meses en Mar\u00eda Reina, tres a\u00f1os en La Candelaria, tres a\u00f1os en Roma, ocho a\u00f1os y cuatro meses en el Divino Ni\u00f1o, ocho a\u00f1os y medio en el Esp\u00edritu Santo y tres a\u00f1os en la Catedral de San Jos\u00e9. Se orden\u00f3 el primero de diciembre de 1984.<\/p>\n<p>&#8220;Amo a los hombres y por eso estoy tan bien, y todo lo que he hecho en las parroquias es hacer que la gente los ame&#8221;, dijo el padre Juan Carlos Calder\u00f3n. El trabajo se complementa con campa\u00f1as para recolectar mercados y ropa para los ni\u00f1os. No cree en la diferencia entre el rico y el pobre y no le es dif\u00edcil compartir con una clase o con la otra. El mayor defecto es la lengua, no le come a nadie y es directo con la gente.<\/p>\n<p>Se considera estricto y serio ante los ojos de los dem\u00e1s. Es r\u00edgido, aunque generoso. Comparte la mayor\u00eda del tiempo con los fieles, atiende y escucha a los ni\u00f1os y a los maestros. Pasa los fines de semana con las hermanas, con quienes vive en la misma casa. El primer piso lo ocupan la hermana menor, el esposo y los tres hijos. En la segunda planta, est\u00e1n la hermana mayor, jefa de enfermer\u00eda, el esposo y tres ni\u00f1as lindas.<\/p>\n<p>El hecho m\u00e1s doloroso en su vida fue la muerte de su madre. Las l\u00e1grimas ruedan por las mejillas en se\u00f1al del dolor que a\u00fan le causa el recordarla. Su mayor deseo es seguir al servicio de los pobres y ayudar a quien lo necesita.<\/p>\n<p>Entre los planes est\u00e1 dejarles vivienda a quienes les sirvieron a lo largo de su vida. Le teme a perder la vida a manos de aquellos que le han tenido envidia. Meses atr\u00e1s sali\u00f3 dos meses de C\u00facuta por miedo a que lo secuestraran.<\/p>\n<p><strong>KAREN DUQUE<\/strong><\/p>\n","protected":false},"excerpt":{"rendered":"<p>C\u00daCUTA.- Naci\u00f3 en C\u00facuta, el 5 de agosto de 1960; estudi\u00f3 la primaria en el colegio Sagrado Coraz\u00f3n de Jes\u00fas y termin\u00f3 el bachillerato en el San Juan de la Cruz. Creci\u00f3 en una familia conformada por sus padres y dos hermanas. Toda la vida quiso ser sacerdote y combina el ejercicio religioso con el &hellip;<\/p>\n","protected":false},"author":1,"featured_media":34047,"comment_status":"open","ping_status":"open","sticky":false,"template":"","format":"standard","meta":{"footnotes":""},"categories":[74,4,36],"tags":[798,2930],"class_list":["post-34046","post","type-post","status-publish","format-standard","has-post-thumbnail","hentry","category-aula-universitaria","category-barra","category-la-voz-del-pueblo","tag-juan-carlos-calderon","tag-perfiles-contraluz"],"_links":{"self":[{"href":"https:\/\/contraluzcucuta.co\/index.php?rest_route=\/wp\/v2\/posts\/34046","targetHints":{"allow":["GET"]}}],"collection":[{"href":"https:\/\/contraluzcucuta.co\/index.php?rest_route=\/wp\/v2\/posts"}],"about":[{"href":"https:\/\/contraluzcucuta.co\/index.php?rest_route=\/wp\/v2\/types\/post"}],"author":[{"embeddable":true,"href":"https:\/\/contraluzcucuta.co\/index.php?rest_route=\/wp\/v2\/users\/1"}],"replies":[{"embeddable":true,"href":"https:\/\/contraluzcucuta.co\/index.php?rest_route=%2Fwp%2Fv2%2Fcomments&post=34046"}],"version-history":[{"count":1,"href":"https:\/\/contraluzcucuta.co\/index.php?rest_route=\/wp\/v2\/posts\/34046\/revisions"}],"predecessor-version":[{"id":34048,"href":"https:\/\/contraluzcucuta.co\/index.php?rest_route=\/wp\/v2\/posts\/34046\/revisions\/34048"}],"wp:featuredmedia":[{"embeddable":true,"href":"https:\/\/contraluzcucuta.co\/index.php?rest_route=\/wp\/v2\/media\/34047"}],"wp:attachment":[{"href":"https:\/\/contraluzcucuta.co\/index.php?rest_route=%2Fwp%2Fv2%2Fmedia&parent=34046"}],"wp:term":[{"taxonomy":"category","embeddable":true,"href":"https:\/\/contraluzcucuta.co\/index.php?rest_route=%2Fwp%2Fv2%2Fcategories&post=34046"},{"taxonomy":"post_tag","embeddable":true,"href":"https:\/\/contraluzcucuta.co\/index.php?rest_route=%2Fwp%2Fv2%2Ftags&post=34046"}],"curies":[{"name":"wp","href":"https:\/\/api.w.org\/{rel}","templated":true}]}}