{"id":34040,"date":"2019-03-22T19:45:50","date_gmt":"2019-03-23T00:45:50","guid":{"rendered":"http:\/\/contraluzcucuta.co\/?p=34040"},"modified":"2019-03-22T19:45:50","modified_gmt":"2019-03-23T00:45:50","slug":"dia-mundial-del-agua-el-consumo-en-colombia-ha-disminuido-en-los-ultimos-cuatro-anos","status":"publish","type":"post","link":"https:\/\/contraluzcucuta.co\/?p=34040","title":{"rendered":"D\u00cdA MUNDIAL DEL AGUA. El consumo en Colombia ha disminuido en los \u00faltimos cuatro a\u00f1os"},"content":{"rendered":"<p style=\"padding-left: 60px;\"><span style=\"color: #ff6600;\"><strong>BOGOT\u00c1<\/strong>. El consumo de agua potable ha decrecido en los hogares colombianos, seg\u00fan cifras que reportan los prestadores del servicio p\u00fablico de acueducto al Sistema \u00danico de Informaci\u00f3n (SUI), administrado por la Superintendencia de Servicios P\u00fablicos Domiciliarios. La noticia se dio a conocer con ocasi\u00f3n del D\u00eda Mundial del Agua.<\/span><\/p>\n<p>Los primeros datos que surgen del an\u00e1lisis de la informaci\u00f3n indican que, en los \u00faltimos cuatro a\u00f1os, el consumo residencial por hogar del recurso h\u00eddrico ha disminuido en promedio en 10 % en todos los estratos socioecon\u00f3micos del pa\u00eds.<\/p>\n<p>La informaci\u00f3n del SUI muestra que los estratos 5 y 6, son los hogares que consumen m\u00e1s agua, al alcanzar un volumen promedio de 20 metros c\u00fabicos\/mes, cerca de 50 % m\u00e1s de lo que consume en promedio un usuario de los estratos 1, 2 o 3, donde se concentra el 83 % de los usuarios en Colombia.<\/p>\n<p>En relaci\u00f3n con la calidad del agua que consumen los colombianos, y de acuerdo con la informaci\u00f3n reportada por las autoridades sanitarias del pa\u00eds al Sistema de Informaci\u00f3n de la Vigilancia de la Calidad del Agua para<\/p>\n<p>Consumo Humano (Sivicap), se tiene que entre el 2014 y el 2017 se increment\u00f3 en 2,5 % la poblaci\u00f3n en la cabecera urbana que cuenta con acceso a agua apta para el consumo, y alcanz\u00f3 el 87 % para esta \u00faltima vigencia.<\/p>\n<p><strong>Consumo b\u00e1sico, complementario y suntuario<\/strong><\/p>\n<p>De acuerdo con lo establecido en la Resoluci\u00f3n 750 de 2016 de la Comisi\u00f3n de Regulaci\u00f3n de Agua Potable y Saneamiento B\u00e1sico (CRA), el consumo de agua potable de los colombianos se clasifica en b\u00e1sico, complementario y suntuario. Estos son estimados en relaci\u00f3n con la altitud promedio sobre el nivel del mar de los municipios.<\/p>\n<p>Los consumos en los rangos complementario y suntuario superan el uso habitual de un hogar. De lo anterior, de acuerdo con lo reportado al SUI por las empresas prestadoras del servicio p\u00fablico de acueducto durante el 2018, el 68 % de los municipios registr\u00f3 consumo de agua promedio entre los suscriptores que se clasifica como b\u00e1sico, el 28 % report\u00f3 consumo complementario y el 4 % consumo suntuario.<\/p>\n<p><strong>P\u00e9rdidas de agua<\/strong><\/p>\n<p>Conforme a los reportes de los prestadores con m\u00e1s de 2500 suscriptores, el \u00cdndice de Agua No Contabilizada (IANC), que corresponde a las p\u00e9rdidas comerciales y t\u00e9cnicas no facturadas, registr\u00f3 en 2017 un promedio nacional de 43,6 %. Esta cifra representa el incremento del 2 % con relaci\u00f3n al 2016.<\/p>\n<p>\u201cAnte el alto porcentaje de p\u00e9rdida de agua, la superintendencia invita a los prestadores a efectuar mejoras t\u00e9cnicas en la operaci\u00f3n y mantenimiento de la infraestructura de abastecimiento de agua\u201d, dijo la superintendente de Servicios P\u00fablicos Domiciliarios, Natasha Avenda\u00f1o.<\/p>\n<p>Para asegurar la disminuci\u00f3n de p\u00e9rdidas de este recurso es necesario:<\/p>\n<p>1.- Invertir en la instrumentaci\u00f3n y control de macro-medici\u00f3n<\/p>\n<p>2.- Aumentar la cobertura o reposici\u00f3n de micro medidores<\/p>\n<p>3.- Controlar fugas.<\/p>\n","protected":false},"excerpt":{"rendered":"<p>BOGOT\u00c1. El consumo de agua potable ha decrecido en los hogares colombianos, seg\u00fan cifras que reportan los prestadores del servicio p\u00fablico de acueducto al Sistema \u00danico de Informaci\u00f3n (SUI), administrado por la Superintendencia de Servicios P\u00fablicos Domiciliarios. La noticia se dio a conocer con ocasi\u00f3n del D\u00eda Mundial del Agua. Los primeros datos que surgen &hellip;<\/p>\n","protected":false},"author":1,"featured_media":34041,"comment_status":"open","ping_status":"open","sticky":false,"template":"","format":"standard","meta":{"footnotes":""},"categories":[4,39],"tags":[1278,1543],"class_list":["post-34040","post","type-post","status-publish","format-standard","has-post-thumbnail","hentry","category-barra","category-miradas-ajenas","tag-dia-mundial-del-agua","tag-superservicios"],"_links":{"self":[{"href":"https:\/\/contraluzcucuta.co\/index.php?rest_route=\/wp\/v2\/posts\/34040","targetHints":{"allow":["GET"]}}],"collection":[{"href":"https:\/\/contraluzcucuta.co\/index.php?rest_route=\/wp\/v2\/posts"}],"about":[{"href":"https:\/\/contraluzcucuta.co\/index.php?rest_route=\/wp\/v2\/types\/post"}],"author":[{"embeddable":true,"href":"https:\/\/contraluzcucuta.co\/index.php?rest_route=\/wp\/v2\/users\/1"}],"replies":[{"embeddable":true,"href":"https:\/\/contraluzcucuta.co\/index.php?rest_route=%2Fwp%2Fv2%2Fcomments&post=34040"}],"version-history":[{"count":1,"href":"https:\/\/contraluzcucuta.co\/index.php?rest_route=\/wp\/v2\/posts\/34040\/revisions"}],"predecessor-version":[{"id":34042,"href":"https:\/\/contraluzcucuta.co\/index.php?rest_route=\/wp\/v2\/posts\/34040\/revisions\/34042"}],"wp:featuredmedia":[{"embeddable":true,"href":"https:\/\/contraluzcucuta.co\/index.php?rest_route=\/wp\/v2\/media\/34041"}],"wp:attachment":[{"href":"https:\/\/contraluzcucuta.co\/index.php?rest_route=%2Fwp%2Fv2%2Fmedia&parent=34040"}],"wp:term":[{"taxonomy":"category","embeddable":true,"href":"https:\/\/contraluzcucuta.co\/index.php?rest_route=%2Fwp%2Fv2%2Fcategories&post=34040"},{"taxonomy":"post_tag","embeddable":true,"href":"https:\/\/contraluzcucuta.co\/index.php?rest_route=%2Fwp%2Fv2%2Ftags&post=34040"}],"curies":[{"name":"wp","href":"https:\/\/api.w.org\/{rel}","templated":true}]}}