{"id":34021,"date":"2019-03-20T18:53:22","date_gmt":"2019-03-20T23:53:22","guid":{"rendered":"http:\/\/contraluzcucuta.co\/?p=34021"},"modified":"2019-03-20T18:53:22","modified_gmt":"2019-03-20T23:53:22","slug":"cens-grupo-epm-600-000-millones-invertidos-en-infraestructura-electrica-para-la-region","status":"publish","type":"post","link":"https:\/\/contraluzcucuta.co\/?p=34021","title":{"rendered":"CENS GRUPO EPM. $ 600.000 millones invertidos en infraestructura el\u00e9ctrica para la regi\u00f3n"},"content":{"rendered":"<p style=\"padding-left: 60px;\"><span style=\"color: #ff6600;\"><strong>C\u00daCUTA.-<\/strong> $ 600.000 millones ha invertido en infraestructura el\u00e9ctrica, durante el \u00faltimo a\u00f1o, el Cens Grupo EPM. La cifra la entreg\u00f3 el gerente general de la electrificadora Jos\u00e9 Miguel Gonz\u00e1lez en la Asamblea General de Accionistas.<\/span><\/p>\n<p>La reuni\u00f3n se cumpli\u00f3 en la sede administrativa de Centrales El\u00e9ctricas. En la jornada el gerente present\u00f3 el informe de gesti\u00f3n, en 2018. El porcentaje de participaci\u00f3n que tiene la administraci\u00f3n departamental permite que cada a\u00f1o se perciban $ 1500 a $1600 millones. Los recursos son repartidos entre Ifinorte y los proyectos de la Gobernaci\u00f3n, para ejecutar obras para la comunidad.<\/p>\n<p>El gobernador William Villamizar dijo que la inversi\u00f3n ha permitido:<\/p>\n<p>1.- Mejorar el servicio<\/p>\n<p>2.- Llegar a zonas distantes<\/p>\n<p>3.- Disminuir las frecuencias de corte o de la no prestaci\u00f3n del servicio<\/p>\n<p>4.- Avanzar en responsabilidad social con apoyo a las comunidades<\/p>\n<p>5.- Protecci\u00f3n del medio ambiente<\/p>\n<p>6.- Buenas pr\u00e1cticas ambientales<\/p>\n<p><strong>Fortalecimiento a la gesti\u00f3n municipal<\/strong><\/p>\n<p>La Secretar\u00eda de Planeaci\u00f3n de Norte de Santander emprendi\u00f3 nuevas jornadas de fortalecimiento institucional para los 40 municipios. El prop\u00f3sito es generar acompa\u00f1amiento t\u00e9cnico en la formulaci\u00f3n de iniciativas de infraestructura vial, educaci\u00f3n, salud y productividad, que apuntan al desarrollo del departamento, mediante el apalancamiento del Sistema General de Regal\u00edas (SGR).<\/p>\n<p>Las asistencias t\u00e9cnicas se llevar\u00e1n a cabo, este mes, de la siguiente manera:<\/p>\n<p>1.- Pamplona, 21 de marzo<\/p>\n<p>2.- Chin\u00e1cota, 22 de marzo<\/p>\n<p>3.- Salazar de Las Palmas, 27 de marzo<\/p>\n<p>4.- Oca\u00f1a, 29 de marzo.<\/p>\n<p>En los encuentros se revisar\u00e1n las iniciativas que las alcald\u00edas buscan ejecutar en esta vigencia.<\/p>\n<p>\u201cDesde la Gobernaci\u00f3n buscamos que una vez los municipios presenten los proyectos a los \u00d3rganos Colegiados de Administraci\u00f3n y Decisi\u00f3n sean aprobados\u201d, dijo Julio C\u00e9sar Silva, secretario de Planeaci\u00f3n Departamental.<\/p>\n","protected":false},"excerpt":{"rendered":"<p>C\u00daCUTA.- $ 600.000 millones ha invertido en infraestructura el\u00e9ctrica, durante el \u00faltimo a\u00f1o, el Cens Grupo EPM. La cifra la entreg\u00f3 el gerente general de la electrificadora Jos\u00e9 Miguel Gonz\u00e1lez en la Asamblea General de Accionistas. La reuni\u00f3n se cumpli\u00f3 en la sede administrativa de Centrales El\u00e9ctricas. En la jornada el gerente present\u00f3 el informe &hellip;<\/p>\n","protected":false},"author":1,"featured_media":34022,"comment_status":"open","ping_status":"open","sticky":false,"template":"","format":"standard","meta":{"footnotes":""},"categories":[4,32],"tags":[2308,379],"class_list":["post-34021","post","type-post","status-publish","format-standard","has-post-thumbnail","hentry","category-barra","category-recorrido-por-la-region","tag-cens-epm","tag-gobernacion-de-norte-de-santander"],"_links":{"self":[{"href":"https:\/\/contraluzcucuta.co\/index.php?rest_route=\/wp\/v2\/posts\/34021","targetHints":{"allow":["GET"]}}],"collection":[{"href":"https:\/\/contraluzcucuta.co\/index.php?rest_route=\/wp\/v2\/posts"}],"about":[{"href":"https:\/\/contraluzcucuta.co\/index.php?rest_route=\/wp\/v2\/types\/post"}],"author":[{"embeddable":true,"href":"https:\/\/contraluzcucuta.co\/index.php?rest_route=\/wp\/v2\/users\/1"}],"replies":[{"embeddable":true,"href":"https:\/\/contraluzcucuta.co\/index.php?rest_route=%2Fwp%2Fv2%2Fcomments&post=34021"}],"version-history":[{"count":1,"href":"https:\/\/contraluzcucuta.co\/index.php?rest_route=\/wp\/v2\/posts\/34021\/revisions"}],"predecessor-version":[{"id":34023,"href":"https:\/\/contraluzcucuta.co\/index.php?rest_route=\/wp\/v2\/posts\/34021\/revisions\/34023"}],"wp:featuredmedia":[{"embeddable":true,"href":"https:\/\/contraluzcucuta.co\/index.php?rest_route=\/wp\/v2\/media\/34022"}],"wp:attachment":[{"href":"https:\/\/contraluzcucuta.co\/index.php?rest_route=%2Fwp%2Fv2%2Fmedia&parent=34021"}],"wp:term":[{"taxonomy":"category","embeddable":true,"href":"https:\/\/contraluzcucuta.co\/index.php?rest_route=%2Fwp%2Fv2%2Fcategories&post=34021"},{"taxonomy":"post_tag","embeddable":true,"href":"https:\/\/contraluzcucuta.co\/index.php?rest_route=%2Fwp%2Fv2%2Ftags&post=34021"}],"curies":[{"name":"wp","href":"https:\/\/api.w.org\/{rel}","templated":true}]}}