{"id":34017,"date":"2019-03-20T17:06:04","date_gmt":"2019-03-20T22:06:04","guid":{"rendered":"http:\/\/contraluzcucuta.co\/?p=34017"},"modified":"2019-03-20T17:06:04","modified_gmt":"2019-03-20T22:06:04","slug":"notas-al-margen-ahora-el-reto-es-trabajar-unidos-y-en-equipo","status":"publish","type":"post","link":"https:\/\/contraluzcucuta.co\/?p=34017","title":{"rendered":"NOTAS Al MARGEN. Ahora, el reto es trabajar unidos y en equipo"},"content":{"rendered":"<p style=\"padding-left: 60px;\"><span style=\"color: #ff6600;\">1.- Es importante, urgente \u00a0y necesario un\u00a0 nuevo y transformante accionar sobre lo local, regional y fronterizo binacional. <\/span><\/p>\n<p>Si contin\u00faan la apat\u00eda, la indiferencia, la falta de asociaci\u00f3n y la carencia de planes, programas y proyectos, debidamente respaldados por incentivos, est\u00edmulos, mecanismos y pol\u00edticas que definan, precisen\u00a0 y proyecten los potenciales y las posibilidades que existen en estas fajas territoriales &#8211; marginales y abandonadas &#8211; por el exagerado centralismo de los gobiernos y la falta de uni\u00f3n y labor en equipo de parlamentarios ante el Senado, C\u00e1mara de Representantes, ministerios, gobernadores, alcaldes, diputados, concejales y organizaciones representativas de lo p\u00fablico y lo privado &#8211; sin olvidar universidades y colegios &#8211; el futuro puede estar \u00a0grave y seriamente amenazado y provocar molestias y trastornos de car\u00e1cter social, econ\u00f3mico y pol\u00edtico de gran proyecci\u00f3n y envergadura.<\/p>\n<p>Y nos atrevemos a la formulaci\u00f3n de estas apreciaciones, porque la zona y el \u00e1rea central binacional fronteriza entre Colombia y Venezuela, que tiene a C\u00facuta como cabeza de puente y a Norte de Santander como empalme para interconexiones viales, f\u00e9rreas y a\u00e9reas, contin\u00faa sin ser aprovechada la ubicaci\u00f3n geoestrat\u00e9gica y las opciones para crear fuentes de empleo con Parques Industriales, Parques Tecnol\u00f3gicos, Zonas Francas Especializadas y adecuaciones propias para maquiladoras, habida consideraci\u00f3n de que una de las fallas de Venezuela y Colombia es el no aprovechamiento de las ventajas comparativas \u00a0y recursos.<\/p>\n<p>2.- Ante esto, y porque es imperativo provocar un cambio y una interrelaci\u00f3n edificante y constructiva entre Colombia y Venezuela, una representaci\u00f3n del sector privado en los finales del 2015 \u2013 y cuando empez\u00f3 el cierre de las fronteras &#8211; por intermedio de las respectivas canciller\u00edas propuso la implementaci\u00f3n de acciones sobre estos t\u00f3picos y materias, en el convencimiento pleno que es positivo y trascendente animar y lograr unas vivencias de entendimiento entre los dos pa\u00edses pr\u00f3ximos \u2013 como nos encontramos \u2013 a \u00a0la celebraci\u00f3n de los 200 a\u00f1os del Congreso Constituyente de la Gran Colombia y de los prop\u00f3sitos y empe\u00f1os que se precisaron y se suscribieron en 1821. Y es conveniente destacar lo anterior, porque las fronteras son, en el caso de Colombia, el 53 % de la faja territorial o sea m\u00e1s de la mitad de la naci\u00f3n. Y es ah\u00ed donde existen opciones y perspectivas en lo agr\u00edcola, ganadero\u00a0 y minero de amplia proyecci\u00f3n.<\/p>\n<p>3.- Y para que se genere una\u00a0 nueva conducta y un palpitar de uni\u00f3n, aut\u00e9nticamente renovador y que d\u00e9 origen a unas palpitaciones y vivencias m\u00e1s acordes con lo indispensable \u2013 mediante la presencia y la participaci\u00f3n de la comunidad &#8211; hemos planteado a los directivos de la Academia de Historia de\u00a0 Norte de Santander que asuman esta convocatoria hacia la uni\u00f3n y el trabajo compartido, invitando \u00a0a la sociedad local, regional y fronteriza, hacia un nuevo comportamiento y reto colectivo. Estamos seguros de que si esta variaci\u00f3n de conducta general se logra es posible que la tarea sea compleja y de permanente atenci\u00f3n, mientras se conforman los planes y la estrategia\u00a0 &#8211; pero de unos resultados como los que celebran y demuestran los antioque\u00f1os, en m\u00faltiples actividades y empe\u00f1os.<\/p>\n<p>Y la base y sustento es trabajar unidos y en equipo, porque el\u00a0 ahora y las perspectivas obligan a un giro y a la trasformaci\u00f3n si se quiere subsistir, avanzar\u00a0 y progresar.<\/p>\n<p><strong>JOSE NEIRA REY\u00a0 <\/strong><\/p>\n","protected":false},"excerpt":{"rendered":"<p>1.- Es importante, urgente \u00a0y necesario un\u00a0 nuevo y transformante accionar sobre lo local, regional y fronterizo binacional. Si contin\u00faan la apat\u00eda, la indiferencia, la falta de asociaci\u00f3n y la carencia de planes, programas y proyectos, debidamente respaldados por incentivos, est\u00edmulos, mecanismos y pol\u00edticas que definan, precisen\u00a0 y proyecten los potenciales y las posibilidades que &hellip;<\/p>\n","protected":false},"author":1,"featured_media":34019,"comment_status":"open","ping_status":"open","sticky":false,"template":"","format":"standard","meta":{"footnotes":""},"categories":[14,4],"tags":[578,382,956],"class_list":["post-34017","post","type-post","status-publish","format-standard","has-post-thumbnail","hentry","category-articulistas","category-barra","tag-frontera-colombo-venezolana","tag-jose-neira","tag-notas-al-margen"],"_links":{"self":[{"href":"https:\/\/contraluzcucuta.co\/index.php?rest_route=\/wp\/v2\/posts\/34017","targetHints":{"allow":["GET"]}}],"collection":[{"href":"https:\/\/contraluzcucuta.co\/index.php?rest_route=\/wp\/v2\/posts"}],"about":[{"href":"https:\/\/contraluzcucuta.co\/index.php?rest_route=\/wp\/v2\/types\/post"}],"author":[{"embeddable":true,"href":"https:\/\/contraluzcucuta.co\/index.php?rest_route=\/wp\/v2\/users\/1"}],"replies":[{"embeddable":true,"href":"https:\/\/contraluzcucuta.co\/index.php?rest_route=%2Fwp%2Fv2%2Fcomments&post=34017"}],"version-history":[{"count":1,"href":"https:\/\/contraluzcucuta.co\/index.php?rest_route=\/wp\/v2\/posts\/34017\/revisions"}],"predecessor-version":[{"id":34020,"href":"https:\/\/contraluzcucuta.co\/index.php?rest_route=\/wp\/v2\/posts\/34017\/revisions\/34020"}],"wp:featuredmedia":[{"embeddable":true,"href":"https:\/\/contraluzcucuta.co\/index.php?rest_route=\/wp\/v2\/media\/34019"}],"wp:attachment":[{"href":"https:\/\/contraluzcucuta.co\/index.php?rest_route=%2Fwp%2Fv2%2Fmedia&parent=34017"}],"wp:term":[{"taxonomy":"category","embeddable":true,"href":"https:\/\/contraluzcucuta.co\/index.php?rest_route=%2Fwp%2Fv2%2Fcategories&post=34017"},{"taxonomy":"post_tag","embeddable":true,"href":"https:\/\/contraluzcucuta.co\/index.php?rest_route=%2Fwp%2Fv2%2Ftags&post=34017"}],"curies":[{"name":"wp","href":"https:\/\/api.w.org\/{rel}","templated":true}]}}