{"id":33984,"date":"2019-03-15T21:22:36","date_gmt":"2019-03-16T02:22:36","guid":{"rendered":"http:\/\/contraluzcucuta.co\/?p=33984"},"modified":"2019-03-15T22:27:50","modified_gmt":"2019-03-16T03:27:50","slug":"propuesta-centro-de-integracion-rural-para-el-catatumbo","status":"publish","type":"post","link":"https:\/\/contraluzcucuta.co\/?p=33984","title":{"rendered":"PROPUESTA. Centro de Integraci\u00f3n Rural para El Catatumbo."},"content":{"rendered":"<p style=\"padding-left: 60px;\"><span style=\"color: #ff6600;\">Como precandidato a la Gobernaci\u00f3n de Norte de Santander, en nuestra propuesta program\u00e1tica concibo la creaci\u00f3n de un Centro de Integraci\u00f3n Rural (CIR) en esta importante regi\u00f3n de Colombia.<\/span><\/p>\n<p><strong>Objetivo Uno. <\/strong>Iniciar un proceso de est\u00edmulo al sector agr\u00edcola, que permita desarrollar productos que puedan ser comercializados a grandes mercados, nacionales e internacionales. En los primeros est\u00e1n algunos de la canasta familiar: pl\u00e1tano, yuca, granos, frutas, al igual que cultivos agroindustriales, y para el internacional, el cacao o pasta de cacao, producto de gran consumo mundial. El CIR tendr\u00e1 un centro de acopio de estos productos y su adquisici\u00f3n directa a cooperativas y asociaciones campesinas locales, ser\u00e1 por empresas comercializadoras o grandes supermercados de cadena.<\/p>\n<p><strong>Objetivo dos.<\/strong> \u00a0La creaci\u00f3n del megacolegio de primaria y secundaria que prepare a los estudiantes para el empleo, que pueda formarlos para seguir una carrera profesional o una educaci\u00f3n con competencia compatible con las oportunidades econ\u00f3micas de la regi\u00f3n.<\/p>\n<p>Este CIR estar\u00e1 dotado de campos de f\u00fatbol, microf\u00fatbol, cancha de b\u00e1squetbol, deportes regionales, piscina p\u00fablica, parque recreativo, puesto de salud y \u00e1reas culturales de integraci\u00f3n, todo dirigido Gobernaci\u00f3n- municipio por instructores y personal especializado.<\/p>\n<p>Habr\u00e1 salones para capacitaci\u00f3n comunitaria en artes y oficios, organizaci\u00f3n empresarial, preparaci\u00f3n de alimentos, servicios y utilizaci\u00f3n de tecnolog\u00eda de informaci\u00f3n. El CIR debe cumplir una funci\u00f3n de empoderamiento de la comunidad rural y convertirse en lugar de innovaci\u00f3n y emprendimiento, que ponga las bases de formaci\u00f3n de una clase media rural, que revolucione la actividad agr\u00edcola.<\/p>\n<p>Debe ser un lugar de paz, tranquilidad, cuidado por la comunidad, que tendr\u00e1 una oportunidad laboral y dependiendo oficialmente de la Gobernaci\u00f3n, articulado con el Sena, la universidad p\u00fablica y el sector privado. Las organizaciones empresariales que de all\u00ed surjan, deben tener apoyo financiero y cr\u00e9ditos blandos, accesibles, que les permita su consolidaci\u00f3n y crecimiento.<\/p>\n<p>Estructurar este proyecto es una propuesta seria, realizable, cuyo objetivo es ser un camino seguro para convocar hacia la econom\u00eda formal, que permita de manera ordenada y sostenible ser alternativa para sustituir las plantaciones de cultivos il\u00edcitos.<\/p>\n<p>El Catatumbo debe ser convertido no solo en zona de alta productividad agropecuaria, sino una regi\u00f3n de alto desarrollo de sus municipios y de oportunidades. Nuestra visi\u00f3n y principal propuesta de trabajo es hacer el desarrollo desde los 40 municipios del departamento, porque solo as\u00ed podremos resolver la problem\u00e1tica actual de desplazamientos humanos, de inseguridad y de desempleo.<\/p>\n<p>Todo esto debe estar en un \u00c1rea de 20- 25 hect\u00e1reas, con todos los servicios p\u00fablicos y dotado con energ\u00eda el\u00e9ctrica de fuentes ciento por ciento renovables.<\/p>\n<p>El CIR debe ser un modelo de educaci\u00f3n y empresariado rural que sirva no solo a Norte de Santander sino a Colombia, a la nueva Colombia que debe surgir de la consolidaci\u00f3n de la tranquilidad p\u00fablica.<\/p>\n<p><strong>SEGUNDO ANTONIO GONZ\u00c1LEZ <\/strong><\/p>\n","protected":false},"excerpt":{"rendered":"<p>Como precandidato a la Gobernaci\u00f3n de Norte de Santander, en nuestra propuesta program\u00e1tica concibo la creaci\u00f3n de un Centro de Integraci\u00f3n Rural (CIR) en esta importante regi\u00f3n de Colombia. Objetivo Uno. Iniciar un proceso de est\u00edmulo al sector agr\u00edcola, que permita desarrollar productos que puedan ser comercializados a grandes mercados, nacionales e internacionales. En los &hellip;<\/p>\n","protected":false},"author":1,"featured_media":33985,"comment_status":"open","ping_status":"open","sticky":false,"template":"","format":"standard","meta":{"footnotes":""},"categories":[4,9],"tags":[246,4495,247],"class_list":["post-33984","post","type-post","status-publish","format-standard","has-post-thumbnail","hentry","category-barra","category-politica","tag-el-catatumbo","tag-precandidatos-a-la-gobernacion","tag-segundo-antonio-gonzalez"],"_links":{"self":[{"href":"https:\/\/contraluzcucuta.co\/index.php?rest_route=\/wp\/v2\/posts\/33984","targetHints":{"allow":["GET"]}}],"collection":[{"href":"https:\/\/contraluzcucuta.co\/index.php?rest_route=\/wp\/v2\/posts"}],"about":[{"href":"https:\/\/contraluzcucuta.co\/index.php?rest_route=\/wp\/v2\/types\/post"}],"author":[{"embeddable":true,"href":"https:\/\/contraluzcucuta.co\/index.php?rest_route=\/wp\/v2\/users\/1"}],"replies":[{"embeddable":true,"href":"https:\/\/contraluzcucuta.co\/index.php?rest_route=%2Fwp%2Fv2%2Fcomments&post=33984"}],"version-history":[{"count":2,"href":"https:\/\/contraluzcucuta.co\/index.php?rest_route=\/wp\/v2\/posts\/33984\/revisions"}],"predecessor-version":[{"id":33993,"href":"https:\/\/contraluzcucuta.co\/index.php?rest_route=\/wp\/v2\/posts\/33984\/revisions\/33993"}],"wp:featuredmedia":[{"embeddable":true,"href":"https:\/\/contraluzcucuta.co\/index.php?rest_route=\/wp\/v2\/media\/33985"}],"wp:attachment":[{"href":"https:\/\/contraluzcucuta.co\/index.php?rest_route=%2Fwp%2Fv2%2Fmedia&parent=33984"}],"wp:term":[{"taxonomy":"category","embeddable":true,"href":"https:\/\/contraluzcucuta.co\/index.php?rest_route=%2Fwp%2Fv2%2Fcategories&post=33984"},{"taxonomy":"post_tag","embeddable":true,"href":"https:\/\/contraluzcucuta.co\/index.php?rest_route=%2Fwp%2Fv2%2Ftags&post=33984"}],"curies":[{"name":"wp","href":"https:\/\/api.w.org\/{rel}","templated":true}]}}