{"id":33978,"date":"2019-03-15T20:11:35","date_gmt":"2019-03-16T01:11:35","guid":{"rendered":"http:\/\/contraluzcucuta.co\/?p=33978"},"modified":"2019-03-15T20:11:35","modified_gmt":"2019-03-16T01:11:35","slug":"futbol-de-primera-momentos-historicos-del-clasico-del-oriente","status":"publish","type":"post","link":"https:\/\/contraluzcucuta.co\/?p=33978","title":{"rendered":"F\u00daTBOL DE PRIMERA. Momentos hist\u00f3ricos del Cl\u00e1sico del Oriente"},"content":{"rendered":"<p style=\"padding-left: 60px;\"><span style=\"color: #ff6600;\"><strong>C\u00daCUTA.-<\/strong> Este 17 de febrero, el C\u00facuta Deportivo enfrentar\u00e1 al Atl\u00e9tico Bucaramanga, en una versi\u00f3n m\u00e1s del Cl\u00e1sico del Oriente, del f\u00fatbol profesional colombiano. \u00a0Algunos momentos hist\u00f3ricos de ese encuentro son:<\/span><\/p>\n<p>1.- 1950. El C\u00facuta Deportivo ingres\u00f3 al campeonato de f\u00fatbol colombiano. Los directivos del club motil\u00f3n organizaron para el 6 y el 8 de enero, en el estadio General Santander, dos amistosos contra Atl\u00e9tico Bucaramanga.<\/p>\n<p>2.- 1950. El primer Cl\u00e1sico del Oriente se disput\u00f3 en el estadio Alfonso L\u00f3pez, el 2 de abril. Resultado: 1-0 a favor de los motilones. Luis Alberto \u2018El Marciano\u2019 Miloc anot\u00f3 el primer gol en la historia de los cl\u00e1sicos.<\/p>\n<p>3.- 1951. Las dos versiones del cl\u00e1sico terminaron con una victoria para cada equipo. Para la \u00e9poca los precios de la boleter\u00eda en el General Santander eran: Gramilla: $ 7.0; Sombra: $ 5.0; Sol: $ 3.0 y General: $ 1.0.<\/p>\n<p>4.- 1960. La mayor goleada a favor del Atl\u00e9tico Bucaramanga en el Alfonso L\u00f3pez ocurri\u00f3 el 24 de julio, 6-0. La mayor goleada en el General Santander, a favor de los leopardos, ocurri\u00f3 el 26 de mayo. 5-1.<\/p>\n<p>5.- 1973. La mayor goleada a favor del C\u00facuta Deportivo en el General Santander fue el 17 de junio. 8-1. La mayor goleada en el Alfonso L\u00f3pez\u00a0a favor de los motilones fue por 3-0.<\/p>\n<p>6.- 1974. Los equipos se enfrentaron cuatro veces. Las dos veces que lo hicieron en el General Santander ganaron los motilones. El 25 de abril, en juego nocturno, gan\u00f3 1-0. El segundo encuentro se disput\u00f3 el 8 de agosto, y los motilones golearon al Bucaramanga 5-2.<\/p>\n<p>7.- 2001. El 20 de diciembre, en el estadio Pedro de Heredia, de Cartagena,\u00a0Atl\u00e9tico Bucaramanga\u00a0gan\u00f3 el cl\u00e1sico m\u00e1s importante de todos los tiempos. Venci\u00f3 por penales 5-3, luego de terminar igualados al final de los 90 minutos 0-0. Bucaramanga\u00a0continu\u00f3 en la Primera A y C\u00facuta Deportivo\u00a0se qued\u00f3 en la Primera B.<\/p>\n<p>8.- El Cl\u00e1sico del Oriente se ha disputado con interrupciones en 1954, 1955, 1971 (Bucaramanga\u00a0no particip\u00f3 en el torneo), segundo semestre de 1973 (C\u00facuta\u00a0no particip\u00f3), 1995 (Bucaramanga\u00a0estuvo en la B\u00a0el primer semestre y C\u00facuta\u00a0en el segundo), 1998, 1999, 2000, 2002, 2003, 2004, 2005, los rojinegros volvieron a jugar en la B. Se han enfrentado en la Primera A, en la Primera B en el 2014, y en la Copa Colombia, Triangular de promoci\u00f3n del 2001, en el estadio de Cartagena y cuadrangulares de Ascenso en el 2015, en el estadio Metropolitano de Techo de Bogot\u00e1.<\/p>\n<p>9.- 2008. El \u00faltimo Cl\u00e1sico del Oriente en la A se disput\u00f3 en el General Santander, el 21 de septiembre. 0-0 fue el marcador. \u00a0De ese partido a\u00fan compiten con los rojinegros, James Taganga Castro y Br\u00e1yner Garc\u00eda. An\u00edbal El Ma\u00f1o Ruiz era el director t\u00e9cnico motil\u00f3n. Y por los leopardos a\u00fan juega el volante de creaci\u00f3n Sherman C\u00e1rdenas.<\/p>\n<p>&nbsp;<\/p>\n<p>10.- 2016. Una semana despu\u00e9s de haber disputado el primer cl\u00e1sico regional del a\u00f1o en el estadio \u201c\u00c1lvaro G\u00f3mez Hurtado\u201d, de Floridablanca, con resultado final a favor de los rojinegros 1-0, gracias a la anotaci\u00f3n lograda por Brayan Lucum\u00ed a los 7 minutos de la segunda parte, los dos equipos se volvieron a encontrar el 17 de marzo, en el General Santander, en cumplimiento de la cuarta fecha del grupo C de la Copa Colombia. El resultado final fue 1-1.<\/p>\n<p>11.- 2019. Estadio General Santander. C\u00facuta Deportivo venci\u00f3 3-2 a Atl\u00e9tico Bucaramanga por la quinta fecha de la Liga 2019-I.<\/p>\n<p><strong>DEPORTISTAS HIST\u00d3RICOS<\/strong><\/p>\n<p>1.- Entre los jugadores hist\u00f3ricos que han vestido las dos camisetas destacan:<\/p>\n<ul>\n<li>Alejandro Sinisterra, Juan El Andar\u00edn Barbieri, Abraham Gonz\u00e1lez (P\u2019a m\u00ed solito), Carlos Zuninno, Bibiano Zapirain, Misael Papo Fl\u00f3rez, Jos\u00e9 Omar Verd\u00fan, Jos\u00e9 Giampietro, Cleto Castillo, Walter Sossa, V\u00edctor Pignarelli, Edilberto Righi, Juli\u00e1n Mart\u00ednez, Carlos Miguel Dizz, Carlos Sambon\u00ed, N\u00e9stor Orlando Puerto, Absal\u00f3n Oviedo, Omar Valent\u00edn Vargas, \u00c1lvaro Contreras, Juan Carlos D\u00edaz, Luis Landaburu, Alexander Churio, Plutarco Bola\u00f1os, Nelson La Pira\u00f1a D\u00edaz, Wilson Carpintero, Ruberth Mor\u00e1n, Leider Calimenio Preciado, Luis Payares, Diego Peralta y Luis Delgado.<\/li>\n<\/ul>\n<p>2.- Directores t\u00e9cnicos que han manejado los dos equipos:<\/p>\n<ul>\n<li>\u00c9dgar Barona, V\u00edctor Pignarelly, Carlos Zuninno, Manuel Sanguinetti, Jorge Luis Pinto, Carlos Mario Hoyos, Miguel Augusto Prince, Eduardo Juli\u00e1n Retat, \u00c1lvaro de Jes\u00fas G\u00f3mez, Fernando Velasco, Flavio Torres, Fernando El Pecoso Castro y Jaime de la Pava.<\/li>\n<\/ul>\n<p>3.- Jugadores que defienden a los leopardos Y jugaron con el C\u00facuta Deportivo o viceversa:<\/p>\n<p>Harold G\u00f3mez, Roque Caballero, Henry Obando, Duv\u00e1n Carrillo (arquero), Brayner Garc\u00eda y Jeysen N\u00fa\u00f1ez.<\/p>\n<p>3.- Presidentes que han dirigido las dos instituciones:<\/p>\n<ul>\n<li>Jos\u00e9 Augusto Cadena Mora. Manej\u00f3 al cuadro B\u00facaro del 2005 al 2012, y en la actualidad es el presidente del cuadro rojinegro.<\/li>\n<\/ul>\n<p><strong>N\u00c9STOR SANCLEMENTE<\/strong><\/p>\n","protected":false},"excerpt":{"rendered":"<p>C\u00daCUTA.- Este 17 de febrero, el C\u00facuta Deportivo enfrentar\u00e1 al Atl\u00e9tico Bucaramanga, en una versi\u00f3n m\u00e1s del Cl\u00e1sico del Oriente, del f\u00fatbol profesional colombiano. \u00a0Algunos momentos hist\u00f3ricos de ese encuentro son: 1.- 1950. El C\u00facuta Deportivo ingres\u00f3 al campeonato de f\u00fatbol colombiano. Los directivos del club motil\u00f3n organizaron para el 6 y el 8 de &hellip;<\/p>\n","protected":false},"author":1,"featured_media":33979,"comment_status":"open","ping_status":"open","sticky":false,"template":"","format":"standard","meta":{"footnotes":""},"categories":[4,28],"tags":[4493,306,307,4378],"class_list":["post-33978","post","type-post","status-publish","format-standard","has-post-thumbnail","hentry","category-barra","category-vistazo-deportivo","tag-alejandro-sinisterra","tag-atletico-bucaramanga","tag-clasico-del-oriente","tag-cucuta-deportivo-2019"],"_links":{"self":[{"href":"https:\/\/contraluzcucuta.co\/index.php?rest_route=\/wp\/v2\/posts\/33978","targetHints":{"allow":["GET"]}}],"collection":[{"href":"https:\/\/contraluzcucuta.co\/index.php?rest_route=\/wp\/v2\/posts"}],"about":[{"href":"https:\/\/contraluzcucuta.co\/index.php?rest_route=\/wp\/v2\/types\/post"}],"author":[{"embeddable":true,"href":"https:\/\/contraluzcucuta.co\/index.php?rest_route=\/wp\/v2\/users\/1"}],"replies":[{"embeddable":true,"href":"https:\/\/contraluzcucuta.co\/index.php?rest_route=%2Fwp%2Fv2%2Fcomments&post=33978"}],"version-history":[{"count":1,"href":"https:\/\/contraluzcucuta.co\/index.php?rest_route=\/wp\/v2\/posts\/33978\/revisions"}],"predecessor-version":[{"id":33980,"href":"https:\/\/contraluzcucuta.co\/index.php?rest_route=\/wp\/v2\/posts\/33978\/revisions\/33980"}],"wp:featuredmedia":[{"embeddable":true,"href":"https:\/\/contraluzcucuta.co\/index.php?rest_route=\/wp\/v2\/media\/33979"}],"wp:attachment":[{"href":"https:\/\/contraluzcucuta.co\/index.php?rest_route=%2Fwp%2Fv2%2Fmedia&parent=33978"}],"wp:term":[{"taxonomy":"category","embeddable":true,"href":"https:\/\/contraluzcucuta.co\/index.php?rest_route=%2Fwp%2Fv2%2Fcategories&post=33978"},{"taxonomy":"post_tag","embeddable":true,"href":"https:\/\/contraluzcucuta.co\/index.php?rest_route=%2Fwp%2Fv2%2Ftags&post=33978"}],"curies":[{"name":"wp","href":"https:\/\/api.w.org\/{rel}","templated":true}]}}