{"id":33924,"date":"2019-03-06T22:36:40","date_gmt":"2019-03-07T03:36:40","guid":{"rendered":"http:\/\/contraluzcucuta.co\/?p=33924"},"modified":"2019-03-06T22:36:40","modified_gmt":"2019-03-07T03:36:40","slug":"mano-a-mano-con-jhonsson-rojas-queria-ser-boxeador-como-mi-papa","status":"publish","type":"post","link":"https:\/\/contraluzcucuta.co\/?p=33924","title":{"rendered":"MANO A MANO CON JHONSSON ROJAS. \u201cQuer\u00eda ser boxeador como mi pap\u00e1\u201d"},"content":{"rendered":"<p style=\"padding-left: 60px;\"><span style=\"color: #ff6600;\"><strong>C\u00daCUTA.-<\/strong> El deporte siempre ha estado en la vida de Jhonsson Rojas. El factor econ\u00f3mico fue una de las principales dificultades que tuvo que afrontar a la hora de ser periodista. A pesar de esos escollos, le agradece a la vida la pasi\u00f3n por la profesi\u00f3n, los consejos de la madre y cada momento en el que ha estado. No olvida el fanatismo por el C\u00facuta Deportivo y le env\u00eda un mensaje claro a la nueva generaci\u00f3n de comunicadores cucute\u00f1os.<\/span><\/p>\n<p><strong>\u00bfC\u00f3mo as\u00ed que Jhonsson tiene dos pap\u00e1s? <\/strong><\/p>\n<ul>\n<li><em>Mi vida ha estado llena de prismas. Soy un chico que naci\u00f3 de un matrimonio entre Margarita y Jos\u00e9 Antonio. Mi madre era mayor que mi padre, ella ten\u00eda 24 a\u00f1os cuando se cas\u00f3 con el joven de 19. Ah\u00ed nac\u00ed yo, en ese matrimonio y en el antiguo hospital San Juan de Dios.\u00a0 Mi madre y yo nos quedamos solos, porque mi padre falleci\u00f3, cuando ten\u00eda 5 a\u00f1os. Despu\u00e9s volvi\u00f3 a tener otra relaci\u00f3n, que es mi padre adoptivo y fue el que me crio, al que le debo muchos de la vida. Por eso tengo dos padres, uno gen\u00e9tico y el que me form\u00f3, Camilo Giraldo, quien tambi\u00e9n\u00a0 falleci\u00f3.<\/em><\/li>\n<\/ul>\n<p><strong>\u00bfPorque quer\u00eda ser boxeador?<\/strong><\/p>\n<ul>\n<li><em>Todo empez\u00f3 porque mi padre Jos\u00e9 Antonio Rojas (biol\u00f3gico) fue boxeador. Mi madre nos contaba que empujaba carros y a veces su taxi para agarrar fuerza en los brazos. Desde ese momento me asaltaron las ganas de ser\u00a0 boxeador, quer\u00eda llevarle un trofeo y decirle: \u201cPap\u00e1 mire, soy campe\u00f3n de boxeo\u201d. Era un modo de rendirle un tributo. Me dirig\u00ed a la liga de boxeo de Norte de Santander a practicar. Las ganas me duraron poco, pues los golpes eran fuertes y los entrenamientos eran exigentes. Solo consegu\u00ed un subcampeonato y ese diploma se lo llev\u00e9 a la tumba y ah\u00ed di por terminada mi carrera.<\/em><\/li>\n<\/ul>\n<p><strong>\u00bfQu\u00e9 recuerda de esos entrenamientos?<\/strong><\/p>\n<ul>\n<li><em>El boxeo es un deporte en el que hay que tener disciplina, se tiene que trabajar necesariamente para eso. Sal\u00eda del colegio y me iba a entrenar. Afortunadamente, ten\u00eda alimentaci\u00f3n, en ese momento ten\u00eda buena estatura y buen peso. Lo dif\u00edcil eran las pocas condiciones que ten\u00edamos en el gimnasio, hab\u00eda que compartir\u00a0 los espacios para terminar de hacer los ejercicios. \u00a0El boxeo es una disciplina en la que entrenas tres minutos sin parar y tienes uno de descanso. Lo complicado es cogerle ritmo r\u00e1pido, saber c\u00f3mo son los golpes, como intuir al rival, entre muchos otros aspectos.<\/em><\/li>\n<\/ul>\n<p><strong>\u00bfC\u00f3mo obtuvo el subcampeonato?<\/strong><\/p>\n<ul>\n<li><em>Bueno, fueron dos peleas. La primera fue espectacular. Lo digo porque desde el primer momento me sent\u00ed bien y hubo qu\u00edmica con el p\u00fablico. Me gritaban: vamos \u2018mono\u2019, vamos \u2018mono\u2019. Esa pelea la gan\u00e9 por decisi\u00f3n un\u00e1nime. La otra, ten\u00eda que disputarla al d\u00eda siguiente, pero no me present\u00e9, porque fui a un paseo de r\u00edo con mi familia y llegu\u00e9 cansado, por eso fui subcampe\u00f3n.<\/em><\/li>\n<\/ul>\n<p><strong>\u00bfC\u00f3mo empez\u00f3 la historia en el periodismo deportivo?<\/strong><\/p>\n<ul>\n<li><em>Despu\u00e9s de intentar m\u00faltiples carreras, de haberme graduado en administraci\u00f3n de empresas, trabaj\u00e9 con mi padre en el comercio. Una vez vi en un peri\u00f3dico que dec\u00eda: \u201cestudie periodismo\u201d y me gust\u00f3. De pronto me encuentro con Mario Ram\u00edrez. Era periodista y hab\u00eda llegado a C\u00facuta para ser corresponsal del Noticiero de la 7 p.m. Empec\u00e9 como camar\u00f3grafo. Mario empez\u00f3 a ayudarme hasta conseguir un puesto como corresponsal del Noticiero de Cinevisi\u00f3n. Una vez nos secuestr\u00f3 la guerrilla y nos llevan a la selva para ser garantes de una entrega. Desde ah\u00ed empez\u00f3 a llegar el dinero y as\u00ed empez\u00f3 toda mi historia en el periodismo.<\/em><\/li>\n<\/ul>\n<p><strong>\u00bfQu\u00e9 recuerda de ese momento donde estuvo secuestrado?<\/strong><\/p>\n<ul>\n<li><em>Nos llevaron m\u00e1s all\u00e1 de El Zulia, nos hicieron cambiar la ropa y nos llevaron en lancha al campamento. El domingo, llegamos a lo profundo de la selva y escuchaba detenidamente todo lo que los subversivos hablaban sobre los problemas del pa\u00eds. Nos secuestr\u00f3 <\/em><em>el frente Armando Cacua del ELN<\/em><em>.<\/em><\/li>\n<\/ul>\n<p><strong>\u00bfPor lo sucedido en el secuestro, en alg\u00fan momento pens\u00f3 abandonar el periodismo? <\/strong><\/p>\n<ul>\n<li><em>No, nunca. Me anim\u00f3 a seguir. Recuerdo ese suceso como mi lanzamiento como periodista. <\/em><\/li>\n<\/ul>\n<p><strong>\u00bfC\u00f3mo inicia su camino en los medios deportivos?<\/strong><\/p>\n<ul>\n<li><em>Mientras estaba en Cinevisi\u00f3n, un fin de semana hice una historia sobre el campeonato que hab\u00eda en el estadio Olaya Herrera. Esa cr\u00f3nica se la present\u00e9 a William Vinasco y me dijo: \u201cBienvenido al mundo deportivo, Jhonsson Rojas. Ah\u00ed di a conocer mi reportaje. Ten\u00eda m\u00e1s confianza y segu\u00ed con las historias en el deporte. Todos los d\u00edas, bien temprano, despu\u00e9s de terminar mis deberes en Cinevisi\u00f3n me dirig\u00eda hacia ese lugar para descubrir m\u00e1s historias. <\/em><\/li>\n<\/ul>\n<p><strong>\u00bfQu\u00e9\u00a0 recuerda de la primera vez que estuvo frente a un micr\u00f3fono y una c\u00e1mara al aire?<\/strong><\/p>\n<ul>\n<li><em>Mis comienzos se dieron en C\u00facuta. Me acuerdo de una historia cuando se cay\u00f3 un avi\u00f3n en el Cerro de las Coloradas. Me dec\u00edan: apr\u00e9ndase el pedazo que le toca y grabe. El gran reto fue cuando empezamos a hacer notas en vivo. Tengo en mi retina que me temblaban las piernas, la voz, en fin, todo.<\/em><\/li>\n<\/ul>\n<p><strong>\u00bfTuvo dificultades econ\u00f3micas para empezar en esta profesi\u00f3n?<\/strong><\/p>\n<ul>\n<li><em>Eso siempre fue un sacrificio. Fui de los que me toc\u00f3 trabajar para pagarme la universidad, porque mis padres a veces no ten\u00edan los recursos suficientes para pagarme los estudios. Vend\u00ed mi moto y una nevera peque\u00f1a para tener dinero. <\/em><\/li>\n<\/ul>\n<p><strong>\u00bfEn qu\u00e9 ha cambiado el periodismo?<\/strong><\/p>\n<ul>\n<li><em>Creo que m\u00e1s que el periodismo, son los actores y los elementos los que han cambiado. Ahora, el periodismo se hace con un tel\u00e9fono, antes hab\u00eda que aprender taquigraf\u00eda para hacer prensa, no exist\u00edan las grabadoras, hab\u00eda que dibujar lo que el personaje te dec\u00eda o anotarlo. En ese momento la palabra era sagrada, porque escrib\u00eda lo que me dec\u00eda el entrevistado y sal\u00eda de su versi\u00f3n. Cambio la manera de hacer periodismo, el internet, pero la base sigue siendo la misma. Hay que tener equilibrio y ser objetivo para dar informaci\u00f3n. <\/em><\/li>\n<\/ul>\n<p><strong>\u00bfQu\u00e9 opina del periodismo emp\u00edrico?<\/strong><\/p>\n<ul>\n<li><em>Es loable. Yo arranqu\u00e9 como emp\u00edrico, pero no quer\u00eda quedarme ah\u00ed, por eso fui a la universidad. Esta profesi\u00f3n es de pr\u00e1ctica. Por ejemplo, usted agarra a una persona y todos los d\u00edas le ense\u00f1a periodismo, en tres meses sabe. En cambio, cualquiera no puede operar en tres meses, tiene que ser doctor especializado y con los conocimientos adquiridos en la academia. Por eso esta profesi\u00f3n es de pr\u00e1ctica, no tiene la misma responsabilidad que un m\u00e9dico, pero tiene la responsabilidad de informar y un deber con la empresa que te paga.<\/em><\/li>\n<\/ul>\n<p><strong>\u00bfQu\u00e9 opinaba del periodismo de C\u00facuta en esa \u00e9poca?<\/strong><\/p>\n<ul>\n<li><em>La mayor\u00eda de ese periodismo era emp\u00edrico, pero hab\u00eda otros que estudiaban en la universidad. El problema era que en ese momento no exist\u00eda la carrera en C\u00facuta y la soluci\u00f3n era viajar a Bucaramanga, Bogot\u00e1 o Medell\u00edn y poca gente contaba con los recursos. Ahora que la carrera est\u00e1 en C\u00facuta y la preocupaci\u00f3n es entre la universidad y los estudiantes para hacer buen periodismo. En ese entonces no era malo lo que se hac\u00eda, pero faltaba competitividad. <\/em><\/li>\n<\/ul>\n<p><strong>\u00bfCu\u00e1l fue el primer evento deportivo nacional al que asisti\u00f3? <\/strong><\/p>\n<ul>\n<li><em>No recuerdo exactamente. Pero he tenido la oportunidad de estar en Juegos Nacionales, campeonatos de patinaje, tenis, vueltas a Colombia y cubrir f\u00fatbol profesional colombiano. Han sido tantos, que se me hace dif\u00edcil recordar cu\u00e1l fue el primero. <\/em><\/li>\n<\/ul>\n<p><strong>\u00bfC\u00f3mo lleg\u00f3 a Caracol Televisi\u00f3n?<\/strong><\/p>\n<ul>\n<li><em>En 1998, estaban armando los canales de televisi\u00f3n y Javier Hern\u00e1ndez Bonnett era la cabeza mayor en ese momento. Les dijo a sus allegados que quiere tener a los 10 mejores periodistas del pa\u00eds en el equipo de trabajo y empez\u00f3 a hacer una lista y en ese grupo estaba yo. En ese momento ten\u00eda una compa\u00f1era y le pregunt\u00f3 por m\u00ed, que si me conoc\u00eda, que como era mi trabajo, ella respondi\u00f3 de buena manera, me llam\u00f3 y me vine para Caracol.<\/em><\/li>\n<\/ul>\n<p><strong>\u00bfQu\u00e9 le agradece a la vida?<\/strong><\/p>\n<ul>\n<li><em>Uno siempre debe ser agradecido con todo. He vivido momentos en los que econ\u00f3micamente no la he tenido f\u00e1cil, pero mi madre me ense\u00f1\u00f3 a ser trabajador. He aprendido a ahorrar, a tener orden. Todo lo agradezco por tener tan buenos consejos por parte de mi madre. <\/em><\/li>\n<\/ul>\n<p><strong>\u00bfQu\u00e9 opina de las nuevas generaciones en el periodismo?<\/strong><\/p>\n<ul>\n<li><em>Hay j\u00f3venes que tienen talento y que saben aprovecharlo, pero a veces se quedan en que creen que todo es f\u00e1cil. No solo es opinar, hay que investigar, conocer. El hecho de que sepan el nombre de los jugadores de los equipos de Europa no quiere decir que sean expertos en f\u00fatbol. Uno tiene que ser multideportivo, no solo es f\u00fatbol, ciclismo, patinaje, entre otras disciplinas, hay que saber de todo. En los Juegos Ol\u00edmpicos es donde se prueba si sabes o no de deportes. Las nuevas generaciones tienen todas las herramientas tecnol\u00f3gicas a favor, pero siento que falta sacrificio.<\/em><\/li>\n<\/ul>\n<p><strong>\u00bfQu\u00e9 virtudes y desventajas encuentra en las nuevas generaciones?<\/strong><\/p>\n<ul>\n<li><em>Una virtud importante es que saben utilizar las redes sociales, pero a veces se amparan en ellas y exceden el uso. Hay que saber utilizar esas herramientas. La desventaja es que se amparan en el concepto de ser j\u00f3venes y no conocen la historia del deporte colombiano, cuando esa es la base primordial. Saber de la historia deportiva del pa\u00eds, eso es muy importante. <\/em><\/li>\n<\/ul>\n<p><strong>\u00bfCu\u00e1l es el \u00e9xito de su carrera? <\/strong><\/p>\n<ul>\n<li><em>El \u00e9xito es algo ef\u00edmero, hay que construirlo cada d\u00eda. Usted no puede decir: \u201ctengo el \u00e9xito\u201d, no. El \u00e9xito est\u00e1 en levantarse todos los d\u00edas con el mismo \u00e1nimo con el que usted se levant\u00f3 cuando le dieron la primera oportunidad de hacer periodismo. Es tener disciplina, saber que esto requiere sacrificio, constancia. Todos los d\u00edas hay retos y el reto est\u00e1 en hacer una historia mejor cada d\u00eda. <\/em><\/li>\n<\/ul>\n<p><strong>\u00bfEl periodista se hace o se nace?<\/strong><\/p>\n<ul>\n<li><em>Las dos. Hay quienes nacen con esa vocaci\u00f3n, el mejor ejemplo de esto es Javier Hern\u00e1ndez Bonett. Desde peque\u00f1o quiso y se apasion\u00f3 por esta profesi\u00f3n, naci\u00f3 para ser periodista, no fue a la universidad, y es incre\u00edble lo que sabe, en ninguna universidad se encuentra tanto conocimiento. Y luego el periodista se hace con el estudio, el esfuerzo de trabajar todos los d\u00edas y de apasionarse por esto. <\/em><\/li>\n<\/ul>\n<p><strong>\u00bfEl momento m\u00e1s feliz que le haya tocado cubrir?<\/strong><\/p>\n<ul>\n<li><em>Han sido muchos hechos. Los mundiales en los que hemos estado han sido maravillosos. El d\u00eda del 5-0 de Colombia a Argentina, en Buenos Aires, fue mi primera salida internacional, pero a la vez una frustraci\u00f3n porque hubo una falla en el sat\u00e9lite y no pudimos enviar la se\u00f1al. De resto son muchos los momentos inolvidables en los que he estado. <\/em><\/li>\n<\/ul>\n<p><strong>\u00bfQu\u00e9 recuerda del C\u00facuta Deportivo en la Copa Libertadores 2007?<\/strong><\/p>\n<ul>\n<li><em>Tuve la oportunidad, en el 2005, de estar en el partido del ascenso. Estuve en los partidos de Copa Libertadores, recuerdo contra Boca, fue un d\u00eda inolvidable, me acuerdo que despu\u00e9s titul\u00e9 en el blog Soy Rojinegro la cr\u00f3nica \u201cGorilas bajo la niebla\u201d. <\/em><\/li>\n<\/ul>\n<p><strong>\u00bfQu\u00e9 tan hincha del C\u00facuta es Jhonsson Rojas?<\/strong><\/p>\n<ul>\n<li><em>Fui vicepresidente de la barra La Frontera, est\u00e1bamos al lado de la Barra Los toches. Mi madre me hizo una bandera de 4 metros y fueron de los primeros trapos que se exhibieron en el estadio. El primer partido al que asist\u00ed cuando ni\u00f1o fue C\u00facuta &#8211; Junior. Ganamos 2-0.<\/em><\/li>\n<\/ul>\n<p><strong>\u00bfQu\u00e9 tiene el hincha del C\u00facuta que lo hace diferente a los dem\u00e1s?<\/strong><\/p>\n<ul>\n<li><em>Sentido de pertenencia, cuando quiere. La Banda del Indio nunca ha dejado de querer al equipo, ese sentido de pertenencia que tiene es clave. Por eso, esos 1500 muchachos que van al estadio hacen que otros 2000 vayan por lo que se vive en la tribuna. Eso pasa porque es un voz a voz y eso se ve reflejado en el equipo. Hay que saberlo orientar, canalizar y el hincha tiene que entender que no todos los d\u00edas se gana. <\/em><\/li>\n<\/ul>\n<p><strong>\u00bfEl momento m\u00e1s triste que le toc\u00f3 cubrir?<\/strong><\/p>\n<ul>\n<li><em>La Muerte de Miguel Calero. Fue duro por lo que significaba en el futbol y sacarle un di\u00e1logo a la familia era dif\u00edcil. Ese d\u00eda se hizo un gran trabajo, pero era duro decirle adi\u00f3s a un gran arquero y ser humano.<\/em><\/li>\n<\/ul>\n<p><strong>\u00bfC\u00f3mo podemos describir a Jhonsson Rojas?<\/strong><\/p>\n<ul>\n<li>Soy tranquilo, optimista, trato de ser alegre y soy agradecido con la vida.<\/li>\n<\/ul>\n<p><strong>JORDY ORLANDO CRUZ.<\/strong><\/p>\n","protected":false},"excerpt":{"rendered":"<p>C\u00daCUTA.- El deporte siempre ha estado en la vida de Jhonsson Rojas. El factor econ\u00f3mico fue una de las principales dificultades que tuvo que afrontar a la hora de ser periodista. A pesar de esos escollos, le agradece a la vida la pasi\u00f3n por la profesi\u00f3n, los consejos de la madre y cada momento en &hellip;<\/p>\n","protected":false},"author":1,"featured_media":33925,"comment_status":"open","ping_status":"open","sticky":false,"template":"","format":"standard","meta":{"footnotes":""},"categories":[4,28],"tags":[3006,4477,4478],"class_list":["post-33924","post","type-post","status-publish","format-standard","has-post-thumbnail","hentry","category-barra","category-vistazo-deportivo","tag-jhonsson-rojas","tag-periodista-deportivo","tag-soy-rojinegro"],"_links":{"self":[{"href":"https:\/\/contraluzcucuta.co\/index.php?rest_route=\/wp\/v2\/posts\/33924","targetHints":{"allow":["GET"]}}],"collection":[{"href":"https:\/\/contraluzcucuta.co\/index.php?rest_route=\/wp\/v2\/posts"}],"about":[{"href":"https:\/\/contraluzcucuta.co\/index.php?rest_route=\/wp\/v2\/types\/post"}],"author":[{"embeddable":true,"href":"https:\/\/contraluzcucuta.co\/index.php?rest_route=\/wp\/v2\/users\/1"}],"replies":[{"embeddable":true,"href":"https:\/\/contraluzcucuta.co\/index.php?rest_route=%2Fwp%2Fv2%2Fcomments&post=33924"}],"version-history":[{"count":1,"href":"https:\/\/contraluzcucuta.co\/index.php?rest_route=\/wp\/v2\/posts\/33924\/revisions"}],"predecessor-version":[{"id":33926,"href":"https:\/\/contraluzcucuta.co\/index.php?rest_route=\/wp\/v2\/posts\/33924\/revisions\/33926"}],"wp:featuredmedia":[{"embeddable":true,"href":"https:\/\/contraluzcucuta.co\/index.php?rest_route=\/wp\/v2\/media\/33925"}],"wp:attachment":[{"href":"https:\/\/contraluzcucuta.co\/index.php?rest_route=%2Fwp%2Fv2%2Fmedia&parent=33924"}],"wp:term":[{"taxonomy":"category","embeddable":true,"href":"https:\/\/contraluzcucuta.co\/index.php?rest_route=%2Fwp%2Fv2%2Fcategories&post=33924"},{"taxonomy":"post_tag","embeddable":true,"href":"https:\/\/contraluzcucuta.co\/index.php?rest_route=%2Fwp%2Fv2%2Ftags&post=33924"}],"curies":[{"name":"wp","href":"https:\/\/api.w.org\/{rel}","templated":true}]}}