{"id":33920,"date":"2019-03-06T21:23:57","date_gmt":"2019-03-07T02:23:57","guid":{"rendered":"http:\/\/contraluzcucuta.co\/?p=33920"},"modified":"2019-03-06T21:23:57","modified_gmt":"2019-03-07T02:23:57","slug":"crisis-en-la-frontera-obispo-moronta-respeten-la-dignidad-de-las-personas","status":"publish","type":"post","link":"https:\/\/contraluzcucuta.co\/?p=33920","title":{"rendered":"CRISIS EN LA FRONTERA. Obispo Moronta: respeten la dignidad de las personas"},"content":{"rendered":"<p style=\"padding-left: 60px;\"><span style=\"color: #ff6600;\"><strong>SAN ANTONIO \u2013 Venezuela.-<\/strong> \u00a0\u201cQuiero pedirles a las autoridades (del estado T\u00e1chira) que de una vez por todas respeten la dignidad de la persona humana, y abran la frontera\u201d. La contundente exigencia la hizo El obispo de San Crist\u00f3bal, monse\u00f1or Mario Moronta, durante el rito de Mi\u00e9rcoles de Ceniza con los fieles de las parroquias de la frontera colombo-venezolana.<\/span><\/p>\n<p>El prelado celebr\u00f3 la eucarist\u00eda en la Bas\u00edlica de San Antonio y desde all\u00ed envi\u00f3 el mensaje a los gobernantes tachirenses. Esta \u201ces una cultura que nos une con los hermanos colombianos y el resto de Latinoam\u00e9rica\u201d. Hizo el llamado a la conversi\u00f3n a quienes promueven la violencia y la represi\u00f3n del pueblo que exige que le respeten los derechos humanos.<\/p>\n<p>Tambi\u00e9n, en la exhortaci\u00f3n incluy\u00f3 \u201ca quienes se hacen llamar protectores del T\u00e1chira\u201d para que se fijen en la cantidad de enfermos, de ni\u00f1os, que tienen que ir a C\u00facuta a tratamientos y por una decisi\u00f3n prepotente se lo impiden. \u201cMientras critican que hay un imperio que levanta muros, a escasos metros de aqu\u00ed hemos visto c\u00f3mo levantan paredes para impedir el paso a Colombia\u201d.<\/p>\n<p>Monse\u00f1or Moronta critic\u00f3 que las autoridades militares y civiles cerraran los puentes internacionales Sim\u00f3n Bol\u00edvar, que une a San Antonio con Villa del Rosario, y Francisco de Paula Santander que permite el paso entre Ure\u00f1a y C\u00facuta. Entre tanto, en otros lugares que son custodiados por militares, a\u00fan contin\u00faan el contrabando de gasolina y alimentos, y la trata de personas.<\/p>\n<p>Al mediod\u00eda, el obispo Moronta presidi\u00f3 el rito de imposici\u00f3n de la ceniza en Ure\u00f1a, en la iglesia Divina Misericordia, a la que asistieron centenares de fieles. Ratific\u00f3 el compromiso de la Iglesia, por medio de sacerdotes y laicos con la \u201coraci\u00f3n\u201d y la \u201cvoz\u201d para acompa\u00f1arlos en las dificultades.<\/p>\n<p>\u201cPedimos a Dios, en este momento, que toque su coraz\u00f3n y los convierta, y haga el milagro de entender que no son due\u00f1os de la frontera\u201d. Desde el 23 de febrero, se impide la circulaci\u00f3n peatonal entre los dos pa\u00edses, por decisi\u00f3n del gobierno de Nicol\u00e1s Maduro, como reacci\u00f3n al intento de pasar la ayuda humanitaria proveniente de diversos pa\u00edses.<\/p>\n<p>A los llamados \u2018colectivos\u2019, monse\u00f1or Mario Moronta los inst\u00f3 a \u201cque se conviertan, escuchando el llamado de Cristo en el evangelio a ser constructores de la paz\u201d. Esos grupos civiles armados \u201cno tienen ning\u00fan derecho para andar persiguiendo y amedrentando a la comunidad\u201d.<\/p>\n<p>Lament\u00f3 que las autoridades condecoren a quienes reprimen al pueblo. \u201cLo peor de lo peor, es que han condecorado a los que reprimen, a los que han matado, a los que impiden el paso a nuestros ni\u00f1os y ancianos necesitados de una ayuda humanitaria. Esa es una condecoraci\u00f3n del mal\u201d. En las \u00faltimas semanas, ni\u00f1os y j\u00f3venes no han asistido a escuelas y colegios en C\u00facuta, porque no pueden pasar a pie la l\u00ednea lim\u00edtrofe.<\/p>\n<p>En medio de este panorama, el Obispo exhort\u00f3 a los tachirenses a mantener la esperanza, \u201cmanteniendo la mirada en nuestro \u00fanico Protector, el Santo Cristo\u201d.<\/p>\n","protected":false},"excerpt":{"rendered":"<p>SAN ANTONIO \u2013 Venezuela.- \u00a0\u201cQuiero pedirles a las autoridades (del estado T\u00e1chira) que de una vez por todas respeten la dignidad de la persona humana, y abran la frontera\u201d. La contundente exigencia la hizo El obispo de San Crist\u00f3bal, monse\u00f1or Mario Moronta, durante el rito de Mi\u00e9rcoles de Ceniza con los fieles de las parroquias &hellip;<\/p>\n","protected":false},"author":1,"featured_media":33922,"comment_status":"open","ping_status":"open","sticky":false,"template":"","format":"standard","meta":{"footnotes":""},"categories":[1326,45,4],"tags":[2483,2491,2323,2241],"class_list":["post-33920","post","type-post","status-publish","format-standard","has-post-thumbnail","hentry","category-crisis-en-venezuela-2","category-destacado","category-barra","tag-crisis-en-la-frontera","tag-monsenor-mario-moronta","tag-pedro-maria-urena","tag-san-antonio-del-tachira"],"_links":{"self":[{"href":"https:\/\/contraluzcucuta.co\/index.php?rest_route=\/wp\/v2\/posts\/33920","targetHints":{"allow":["GET"]}}],"collection":[{"href":"https:\/\/contraluzcucuta.co\/index.php?rest_route=\/wp\/v2\/posts"}],"about":[{"href":"https:\/\/contraluzcucuta.co\/index.php?rest_route=\/wp\/v2\/types\/post"}],"author":[{"embeddable":true,"href":"https:\/\/contraluzcucuta.co\/index.php?rest_route=\/wp\/v2\/users\/1"}],"replies":[{"embeddable":true,"href":"https:\/\/contraluzcucuta.co\/index.php?rest_route=%2Fwp%2Fv2%2Fcomments&post=33920"}],"version-history":[{"count":1,"href":"https:\/\/contraluzcucuta.co\/index.php?rest_route=\/wp\/v2\/posts\/33920\/revisions"}],"predecessor-version":[{"id":33923,"href":"https:\/\/contraluzcucuta.co\/index.php?rest_route=\/wp\/v2\/posts\/33920\/revisions\/33923"}],"wp:featuredmedia":[{"embeddable":true,"href":"https:\/\/contraluzcucuta.co\/index.php?rest_route=\/wp\/v2\/media\/33922"}],"wp:attachment":[{"href":"https:\/\/contraluzcucuta.co\/index.php?rest_route=%2Fwp%2Fv2%2Fmedia&parent=33920"}],"wp:term":[{"taxonomy":"category","embeddable":true,"href":"https:\/\/contraluzcucuta.co\/index.php?rest_route=%2Fwp%2Fv2%2Fcategories&post=33920"},{"taxonomy":"post_tag","embeddable":true,"href":"https:\/\/contraluzcucuta.co\/index.php?rest_route=%2Fwp%2Fv2%2Ftags&post=33920"}],"curies":[{"name":"wp","href":"https:\/\/api.w.org\/{rel}","templated":true}]}}