{"id":33914,"date":"2019-03-06T17:17:39","date_gmt":"2019-03-06T22:17:39","guid":{"rendered":"http:\/\/contraluzcucuta.co\/?p=33914"},"modified":"2019-03-06T17:17:39","modified_gmt":"2019-03-06T22:17:39","slug":"miercoles-de-ceniza-recuerda-que-polvo-eres-y-en-polvo-te-has-de-convertir","status":"publish","type":"post","link":"https:\/\/contraluzcucuta.co\/?p=33914","title":{"rendered":"MI\u00c9RCOLES DE CENIZA. &#8220;Recuerda que polvo eres y en polvo te has de convertir\u201d"},"content":{"rendered":"<p style=\"padding-left: 60px;\"><span style=\"color: #ff6600;\"><strong>C\u00daCUTA.-<\/strong> Millares de cucute\u00f1os acudieron, ayer, a los templos cat\u00f3licos para cumplir con la tradici\u00f3n de imponerse la ceniza, en el comienzo de la Cuaresma. El acto se llev\u00f3 a cabo despu\u00e9s de la celebraci\u00f3n de la misa o en horarios especiales para permitirles a los creyentes cumplir con este ritual.<\/span><\/p>\n<p>Sacerdotes y laicos trazaron la cruz en la frente de los feligreses al tiempo que los invitaban a mantenerse en el camino de la salvaci\u00f3n y a alejarse del pecado.<\/p>\n<p>En C\u00facuta la llegada del Mi\u00e9rcoles de Ceniza tiene especial connotaci\u00f3n por cuanto marca el inicio de la Campa\u00f1a de Comunicaciones de Bienes, que este a\u00f1o tendr\u00e1 como beneficiarios a ni\u00f1os migrantes. Los peque\u00f1os, refugiados en el Asilo Andressen, recibir\u00e1n las ayudas que los cat\u00f3licos depositar\u00e1n en las alcanc\u00edas dispuestas en las parroquias o en la cuenta bancaria abierta para ese fin.<\/p>\n<p>La imposici\u00f3n de la ceniza se\u00f1ala el inicio de la cuaresma. Cubrirse de ceniza para simbolizar penitencia y arrepentimiento es una tradici\u00f3n que viven muchas religiones. Este es el origen y significado de este s\u00edmbolo.<\/p>\n<p>La Cuaresma, tiempo de preparaci\u00f3n interior a la celebraci\u00f3n de la Muerte y Resurrecci\u00f3n de Cristo, inicia con el mi\u00e9rcoles santo.<\/p>\n<p>Este d\u00eda cae en diferentes fechas a\u00f1o a a\u00f1o, de acuerdo con la fecha m\u00f3vil de Pascua. Puede acontecer entre el 4 de febrero y el 10 de marzo.<\/p>\n<p>Que la Cuaresma dure 40 d\u00edas es una costumbre que se fij\u00f3 en el siglo IV. Siguiendo la tradici\u00f3n, en los siglos VI-VII cobr\u00f3 gran importancia el ayuno como pr\u00e1ctica cuaresmal.<\/p>\n<p>Pero no es pr\u00e1ctica habitual ayunar en domingo -por tratarse del d\u00eda del Se\u00f1or- por lo que se adelant\u00f3 el inicio de la Cuaresma al mi\u00e9rcoles.<\/p>\n<p>En la imposici\u00f3n de la ceniza, el sacerdote traza una cruz sobre la frente de los fieles, mientras repite las palabras &#8220;Convi\u00e9rtete y cree en el Evangelio&#8221; o &#8220;Recuerda que polvo eres y en polvo te has de convertir&#8221;, para recordarnos que nuestro lugar definitivo es el Cielo.<\/p>\n<p>El uso de la ceniza para simbolizar penitencia es antiguo: los jud\u00edos, por ejemplo, acostumbraban a cubrirse de ceniza cuando hac\u00edan alg\u00fan sacrificio, al igual que los ninivitas.<\/p>\n<p>Tambi\u00e9n en los primeros siglos de la Iglesia, las personas que quer\u00edan recibir el Sacramento de la Reconciliaci\u00f3n el Jueves Santo, se pon\u00edan ceniza en la cabeza y se presentaban ante la comunidad vestidos con un &#8220;h\u00e1bito penitencial&#8221;. Esto representaba su voluntad de convertirse.<\/p>\n<p>En la Iglesia cat\u00f3lica esta tradici\u00f3n perdura desde el siglo IX y existe para recordarnos que, al final de nuestra vida, s\u00f3lo nos llevaremos aquello que hayamos hecho por Dios y por los dem\u00e1s hombres.<\/p>\n","protected":false},"excerpt":{"rendered":"<p>C\u00daCUTA.- Millares de cucute\u00f1os acudieron, ayer, a los templos cat\u00f3licos para cumplir con la tradici\u00f3n de imponerse la ceniza, en el comienzo de la Cuaresma. El acto se llev\u00f3 a cabo despu\u00e9s de la celebraci\u00f3n de la misa o en horarios especiales para permitirles a los creyentes cumplir con este ritual. Sacerdotes y laicos trazaron &hellip;<\/p>\n","protected":false},"author":1,"featured_media":33915,"comment_status":"open","ping_status":"open","sticky":false,"template":"","format":"standard","meta":{"footnotes":""},"categories":[45,4],"tags":[1331,1212],"class_list":["post-33914","post","type-post","status-publish","format-standard","has-post-thumbnail","hentry","category-destacado","category-barra","tag-iglesia-catolica","tag-miercoles-de-ceniza"],"_links":{"self":[{"href":"https:\/\/contraluzcucuta.co\/index.php?rest_route=\/wp\/v2\/posts\/33914","targetHints":{"allow":["GET"]}}],"collection":[{"href":"https:\/\/contraluzcucuta.co\/index.php?rest_route=\/wp\/v2\/posts"}],"about":[{"href":"https:\/\/contraluzcucuta.co\/index.php?rest_route=\/wp\/v2\/types\/post"}],"author":[{"embeddable":true,"href":"https:\/\/contraluzcucuta.co\/index.php?rest_route=\/wp\/v2\/users\/1"}],"replies":[{"embeddable":true,"href":"https:\/\/contraluzcucuta.co\/index.php?rest_route=%2Fwp%2Fv2%2Fcomments&post=33914"}],"version-history":[{"count":1,"href":"https:\/\/contraluzcucuta.co\/index.php?rest_route=\/wp\/v2\/posts\/33914\/revisions"}],"predecessor-version":[{"id":33916,"href":"https:\/\/contraluzcucuta.co\/index.php?rest_route=\/wp\/v2\/posts\/33914\/revisions\/33916"}],"wp:featuredmedia":[{"embeddable":true,"href":"https:\/\/contraluzcucuta.co\/index.php?rest_route=\/wp\/v2\/media\/33915"}],"wp:attachment":[{"href":"https:\/\/contraluzcucuta.co\/index.php?rest_route=%2Fwp%2Fv2%2Fmedia&parent=33914"}],"wp:term":[{"taxonomy":"category","embeddable":true,"href":"https:\/\/contraluzcucuta.co\/index.php?rest_route=%2Fwp%2Fv2%2Fcategories&post=33914"},{"taxonomy":"post_tag","embeddable":true,"href":"https:\/\/contraluzcucuta.co\/index.php?rest_route=%2Fwp%2Fv2%2Ftags&post=33914"}],"curies":[{"name":"wp","href":"https:\/\/api.w.org\/{rel}","templated":true}]}}