{"id":33876,"date":"2019-03-04T18:50:44","date_gmt":"2019-03-04T23:50:44","guid":{"rendered":"http:\/\/contraluzcucuta.co\/?p=33876"},"modified":"2019-03-04T18:50:44","modified_gmt":"2019-03-04T23:50:44","slug":"expocuc-la-feria-del-calzado-que-reunira-a-250-clientes-nacionales-y-350-expositores","status":"publish","type":"post","link":"https:\/\/contraluzcucuta.co\/?p=33876","title":{"rendered":"\u2018EXPOCUC\u2019. La feria del calzado que reunir\u00e1 a 250 clientes nacionales y 350 expositores"},"content":{"rendered":"<p style=\"padding-left: 60px;\"><span style=\"color: #ff6600;\"><strong>C\u00daCUTA.-<\/strong> La und\u00e9cima versi\u00f3n de la \u2018ExpoCuc\u2019, feria que agrupar\u00e1 a empresarios, clientes, proveedores y compradores del calzado, de cumplir\u00e1 del 20 al 22 de marzo, en C\u00facuta. Para esta ocasi\u00f3n se aguarda la presencia de \u00a0250 clientes nacionales y 350 expositores.<\/span><\/p>\n<p>En el recinto ferial los empresarios acceder\u00e1n a una plataforma de negocios seria, con expositores de Bogot\u00e1, Bucaramanga y Meta. Los visitantes encontrar\u00e1n diversas l\u00edneas de calzado, insumos y maquinaria. Las ventas ascienden a 980.000 pares de zapatos, lo que equivale a $ 27.000 millones.<\/p>\n<p>Delegados y directivos de la Corporaci\u00f3n de Industriales del Calzado (Corpoincal) de Norte de Santander se reunieron con el gobernador William Villamizar y dialogaron sobre los retos que se avecinan para el gremio. La administraci\u00f3n departamental ofreci\u00f3 apoyo para fortalecer las actividades que impulsan el desarrollo productivo territorial.<\/p>\n<p>La directora ejecutiva de Corpoincal, Amanda Pe\u00f1aranda, afirm\u00f3 que tendr\u00e1n respaldo econ\u00f3mico de la Gobernaci\u00f3n, cuyo monto est\u00e1 por definirse, para la ejecuci\u00f3n de la Feria.<\/p>\n<p>\u201cEl Gobernador nos ha dicho que contaremos con su apoyo para la Feria, teniendo en cuenta que la magnitud de este encuentro es mucho mayor que las versiones anteriores\u201d, dijo Pe\u00f1aranda.<\/p>\n<p>Los organizadores de la Feria se\u00f1alaron que tambi\u00e9n tendr\u00e1n apoyo para poner en marcha proyectos de crecimiento y desarrollo del sector del calzado. Destaca el \u2018Taller Escuela\u2019, cuyo fin ser\u00e1 la generaci\u00f3n de empleo en la frontera.<\/p>\n","protected":false},"excerpt":{"rendered":"<p>C\u00daCUTA.- La und\u00e9cima versi\u00f3n de la \u2018ExpoCuc\u2019, feria que agrupar\u00e1 a empresarios, clientes, proveedores y compradores del calzado, de cumplir\u00e1 del 20 al 22 de marzo, en C\u00facuta. Para esta ocasi\u00f3n se aguarda la presencia de \u00a0250 clientes nacionales y 350 expositores. En el recinto ferial los empresarios acceder\u00e1n a una plataforma de negocios seria, &hellip;<\/p>\n","protected":false},"author":1,"featured_media":33877,"comment_status":"open","ping_status":"open","sticky":false,"template":"","format":"standard","meta":{"footnotes":""},"categories":[6],"tags":[2514,3775,1203,379],"class_list":["post-33876","post","type-post","status-publish","format-standard","has-post-thumbnail","hentry","category-ojo-avizor","tag-corpoincal","tag-expocuc","tag-feria-del-calzado-de-cucuta","tag-gobernacion-de-norte-de-santander"],"_links":{"self":[{"href":"https:\/\/contraluzcucuta.co\/index.php?rest_route=\/wp\/v2\/posts\/33876","targetHints":{"allow":["GET"]}}],"collection":[{"href":"https:\/\/contraluzcucuta.co\/index.php?rest_route=\/wp\/v2\/posts"}],"about":[{"href":"https:\/\/contraluzcucuta.co\/index.php?rest_route=\/wp\/v2\/types\/post"}],"author":[{"embeddable":true,"href":"https:\/\/contraluzcucuta.co\/index.php?rest_route=\/wp\/v2\/users\/1"}],"replies":[{"embeddable":true,"href":"https:\/\/contraluzcucuta.co\/index.php?rest_route=%2Fwp%2Fv2%2Fcomments&post=33876"}],"version-history":[{"count":1,"href":"https:\/\/contraluzcucuta.co\/index.php?rest_route=\/wp\/v2\/posts\/33876\/revisions"}],"predecessor-version":[{"id":33878,"href":"https:\/\/contraluzcucuta.co\/index.php?rest_route=\/wp\/v2\/posts\/33876\/revisions\/33878"}],"wp:featuredmedia":[{"embeddable":true,"href":"https:\/\/contraluzcucuta.co\/index.php?rest_route=\/wp\/v2\/media\/33877"}],"wp:attachment":[{"href":"https:\/\/contraluzcucuta.co\/index.php?rest_route=%2Fwp%2Fv2%2Fmedia&parent=33876"}],"wp:term":[{"taxonomy":"category","embeddable":true,"href":"https:\/\/contraluzcucuta.co\/index.php?rest_route=%2Fwp%2Fv2%2Fcategories&post=33876"},{"taxonomy":"post_tag","embeddable":true,"href":"https:\/\/contraluzcucuta.co\/index.php?rest_route=%2Fwp%2Fv2%2Ftags&post=33876"}],"curies":[{"name":"wp","href":"https:\/\/api.w.org\/{rel}","templated":true}]}}