{"id":33873,"date":"2019-03-02T14:29:12","date_gmt":"2019-03-02T19:29:12","guid":{"rendered":"http:\/\/contraluzcucuta.co\/?p=33873"},"modified":"2019-03-02T14:29:13","modified_gmt":"2019-03-02T19:29:13","slug":"perfil-noheli-santiago-fornicador-y-espada-del-predicador","status":"publish","type":"post","link":"https:\/\/contraluzcucuta.co\/?p=33873","title":{"rendered":"PERFIL. Nohel\u00ed Santiago: fornicador y espada del predicador"},"content":{"rendered":"<p style=\"padding-left: 60px;\"><span style=\"color: #ff6600;\"><strong>C\u00daCUTA.-<\/strong> \u201cLa \u00fanica arma que siempre llevar\u00e9 para defenderme en los momentos de angustia es mi biblia\u201d, dijo Nohel\u00ed Santiago, hombre de mediana estatura, piel cauc\u00e1sica, semblante desarrapado, cabello largo y frondoso hasta por los hombros, similar al de un Le\u00f3n, cejas pobladas y sonrisa prominente. Naci\u00f3 el 13 de abril de 1957, en Media Luna (San Diego, Cesar), convivi\u00f3 con los padres hasta la adolescencia, cuando se independiz\u00f3 debido al agotamiento sicol\u00f3gico que el padre le inculcaba.<\/span><\/p>\n<p>Decidi\u00f3 arriesgarse y recorrer parte de Colombia, visit\u00f3 17 ciudades hasta instalarse en C\u00facuta en plena etapa de la adultez. Su sentido cr\u00edtico para ver el mundo ahogarse entre las acechanzas del enemigo a causa del pecado lo inspira a avanzar en la misi\u00f3n de esparcir la palabra de Dios en Norte de Santander. Predica sobre el arrepentimiento con el fin de salvar el alma que alguna vez le perteneci\u00f3 al mal.<\/p>\n<p>Piensa que la sociedad necesita renacer, no sin antes empezar por uno mismo para aglutinar ciertas doctrinas en una, porque las religiones forman un solo Dios. Sin importar el pensamiento abstracto que esta tenga del pr\u00f3jimo, es importante dejarse guiar por el libro divino para que el Esp\u00edritu Santo lo llene de sabidur\u00eda.<\/p>\n<p>Tras recorrer caminos oscuros durante 21 a\u00f1os, Nohel\u00ed se dio cuenta de que su alma fue carcomi\u00e9ndose por ser c\u00f3mplice de actos abominables perpetrados por jefes temporales que lo contrataban como mano derecha para secuestrar a deudores o estafadores y as\u00ed facilitar el merecido de darles una sentencia, una amenaza o incluso la muerte.<\/p>\n<p>Las pesadillas por lo visto lo llevaron a tomar la decisi\u00f3n de renunciar a ese empleo ilegal, asumido solo por ganar dinero f\u00e1cil. Cay\u00f3 en la indigencia durante dos a\u00f1os, luego de derrochar la plata en mujeres, tragos y negocios il\u00edcitos que hoy son confidenciales.<\/p>\n<p>Un viernes por la noche, no recuerda la fecha, pero s\u00ed el a\u00f1o, 1985, al transitar cerca de un bar de mala muerte reconocido de su ciudad natal, un amigo del barrio lo vio y no dud\u00f3 en saludarlo a pesar de las condiciones en las que se encontraba Nohel\u00ed. Estrecharon las manos y le propuso que trabajaran en un negocito. La cita ser\u00eda, en el mismo lugar, al d\u00eda siguiente,\u00a0 despu\u00e9s de las 6:00 de la tarde.<\/p>\n<p>El empleo era ser \u2018domiciliario fantasma\u2019, deb\u00eda llevar informaci\u00f3n a los deudores para que pagaran o de lo contrario dejar\u00edan la tierra tarde o temprano. El mensaje inclu\u00eda a los hombres que se entremet\u00edan con las mujeres de los contactos. Acept\u00f3 sin problema. Recibi\u00f3 buen dinero, pero volvi\u00f3 a desaprovechar la oportunidad y gast\u00f3 las ganancias en casas de fornicaci\u00f3n.<\/p>\n<p>Permaneci\u00f3 ocho a\u00f1os en el ruedo, hasta cuando mataron al amigo quien se consider\u00f3 un tipo importante por expender droga y asesinar por encargo. Nohel\u00ed nunca mat\u00f3, aunque fue c\u00f3mplice de esas barbaridades. Tom\u00f3 la plata obtenida por los encargos y la que le rob\u00f3 al exjefe y sin que nadie se diera cuenta desapareci\u00f3 del mapa.<\/p>\n<p>Todos estos sucesos lo hicieron ver su faceta verdadera y sinti\u00f3 odio por haber visto amenazas leves, asesinatos despiadados, mutilaciones vomitivas y robos. Con tristeza record\u00f3 una frase del difunto compa\u00f1ero, \u201cal final la vida es una sola\u201d.<\/p>\n<p>En 1994, quiso suicidarse, le falt\u00f3 valor y decidi\u00f3 acudir a Dios por su cuenta. Era la primera decisi\u00f3n correcta que tomaba en la vida. Conoci\u00f3 a la Sant\u00edsima Trinidad (Padre, Hijo y Esp\u00edritu Santo) permiti\u00e9ndole nacer de nuevo en la perla del norte, donde est\u00e1 radicado hace 24 a\u00f1os. Ahora, a los 61 a\u00f1os, vive solo en un ranchito.<\/p>\n<p>En la ciudad se ha convertido en un sobreviviente fantasma que, durante los 365 d\u00edas del a\u00f1o, se levanta a las 3:00 de la ma\u00f1ana para salir a alimentar el alma de los pecadores. Habla del Reino de los Cielos y de los milagros de Dios sin importarle el rechazo de los transe\u00fantes. Tiene fe en que alg\u00fan d\u00eda la gente abrir\u00e1 los ojos.<\/p>\n<p>Santiago tiene diferentes puntos para hablar de la vida eterna. Es com\u00fan verlo en la Universidad Francisco de Paula Santander, el Hospital Erasmo Meoz o la Avenida Cero. \u201cAl momento de llegar al campo de batalla, miro a los alrededores y veo enemigos. Me preparo para enfrentarlos, saco de mi tula la espada del esp\u00edritu, que es mi biblia, y as\u00ed los venzo con la predicaci\u00f3n\u201d.<\/p>\n<p><strong>JOHN TENJO<\/strong><\/p>\n","protected":false},"excerpt":{"rendered":"<p>C\u00daCUTA.- \u201cLa \u00fanica arma que siempre llevar\u00e9 para defenderme en los momentos de angustia es mi biblia\u201d, dijo Nohel\u00ed Santiago, hombre de mediana estatura, piel cauc\u00e1sica, semblante desarrapado, cabello largo y frondoso hasta por los hombros, similar al de un Le\u00f3n, cejas pobladas y sonrisa prominente. Naci\u00f3 el 13 de abril de 1957, en Media &hellip;<\/p>\n","protected":false},"author":1,"featured_media":33874,"comment_status":"open","ping_status":"open","sticky":false,"template":"","format":"standard","meta":{"footnotes":""},"categories":[74,4],"tags":[2597,161],"class_list":["post-33873","post","type-post","status-publish","format-standard","has-post-thumbnail","hentry","category-aula-universitaria","category-barra","tag-aula-universitaria","tag-universidad-de-pamplona"],"_links":{"self":[{"href":"https:\/\/contraluzcucuta.co\/index.php?rest_route=\/wp\/v2\/posts\/33873","targetHints":{"allow":["GET"]}}],"collection":[{"href":"https:\/\/contraluzcucuta.co\/index.php?rest_route=\/wp\/v2\/posts"}],"about":[{"href":"https:\/\/contraluzcucuta.co\/index.php?rest_route=\/wp\/v2\/types\/post"}],"author":[{"embeddable":true,"href":"https:\/\/contraluzcucuta.co\/index.php?rest_route=\/wp\/v2\/users\/1"}],"replies":[{"embeddable":true,"href":"https:\/\/contraluzcucuta.co\/index.php?rest_route=%2Fwp%2Fv2%2Fcomments&post=33873"}],"version-history":[{"count":1,"href":"https:\/\/contraluzcucuta.co\/index.php?rest_route=\/wp\/v2\/posts\/33873\/revisions"}],"predecessor-version":[{"id":33875,"href":"https:\/\/contraluzcucuta.co\/index.php?rest_route=\/wp\/v2\/posts\/33873\/revisions\/33875"}],"wp:featuredmedia":[{"embeddable":true,"href":"https:\/\/contraluzcucuta.co\/index.php?rest_route=\/wp\/v2\/media\/33874"}],"wp:attachment":[{"href":"https:\/\/contraluzcucuta.co\/index.php?rest_route=%2Fwp%2Fv2%2Fmedia&parent=33873"}],"wp:term":[{"taxonomy":"category","embeddable":true,"href":"https:\/\/contraluzcucuta.co\/index.php?rest_route=%2Fwp%2Fv2%2Fcategories&post=33873"},{"taxonomy":"post_tag","embeddable":true,"href":"https:\/\/contraluzcucuta.co\/index.php?rest_route=%2Fwp%2Fv2%2Ftags&post=33873"}],"curies":[{"name":"wp","href":"https:\/\/api.w.org\/{rel}","templated":true}]}}