{"id":33870,"date":"2019-03-02T12:36:46","date_gmt":"2019-03-02T17:36:46","guid":{"rendered":"http:\/\/contraluzcucuta.co\/?p=33870"},"modified":"2019-03-02T12:36:46","modified_gmt":"2019-03-02T17:36:46","slug":"cierre-de-la-frontera-la-disminucion-en-las-ventas-en-cucuta-es-del-40-fenalco","status":"publish","type":"post","link":"https:\/\/contraluzcucuta.co\/?p=33870","title":{"rendered":"CIERRE DE LA FRONTERA. La disminuci\u00f3n en las ventas en C\u00facuta es del 40 %, Fenalco"},"content":{"rendered":"<p style=\"padding-left: 60px;\"><span style=\"color: #ff6600;\"><strong>C\u00daCUTA.-<\/strong> Ante el cierre de la Frontera, que cumple ocho d\u00edas, Fenalco le pidi\u00f3 al Gobierno tomar las medidas necesarias para la recuperaci\u00f3n de la actividad comercial.<\/span><\/p>\n<p>Algunos indicadores econ\u00f3micos que alertan a la comunidad, son los siguientes:<\/p>\n<p>1.- El comercio ha tenido una disminuci\u00f3n en ventas del 40 %<\/p>\n<p>2.- La ca\u00edda del 90 % de las remesas con destinaci\u00f3n a venezolanos, recursos que flu\u00edan en la econom\u00eda local<\/p>\n<p>3.- El aumento de venezolanos en total indefensi\u00f3n que no han podido movilizarse a sus ciudades de origen.<\/p>\n<p>4.- Se requiere que se garantice la gasolina necesaria en Frontera<\/p>\n<p>5.- Recursos frescos con l\u00edneas Bancoldex<\/p>\n<p>6.- Declaratoria de emergencia manifiesta<\/p>\n<p>Estas son, entre otras, las medidas urgentes y adecuadas para mantener el orden social y econ\u00f3mico en C\u00facuta.<\/p>\n<p><strong>Corredor humanitario para venezolanos<\/strong><\/p>\n<p>Diez mil personas afrontan a diario las consecuencias del cierre de la frontera, ocasionado por los enfrentamientos entre guardias y civiles venezolanos. El 23 de febrero, se intent\u00f3 el cruce de tractomulas cargadas con ayuda humanitaria para Venezuela, pero no se cumpli\u00f3 el objetivo por orden del presidente Nicol\u00e1s Maduro.<\/p>\n<p>Otro inconveniente lo soportan 3262 ni\u00f1os venezolanos que reciben clases en instituciones educativas de C\u00facuta y el \u00c1rea Metropolitana. El cierre de los puentes fronterizos Sim\u00f3n Bol\u00edvar (Villa del Rosario San Antonio) y Francisco de Paula Santander (C\u00facuta \u2013 Ure\u00f1a), no ha permitido el regreso a las aulas. La situaci\u00f3n pone en riesgo la permanencia escolar y la aprobaci\u00f3n del a\u00f1o lectivo.<\/p>\n<p>Adem\u00e1s, cientos de pacientes requieren con urgencia cruzar hacia Colombia para tratar diversas patolog\u00edas que padecen. \u201cHay pacientes con VIH Sida, con enfermedades cr\u00f3nicas y renales\u2026 Hay ni\u00f1os con c\u00e1ncer que necesitan que la frontera est\u00e9 abierta y que haya un canal humanitario y les podamos dar una mano\u201d, dijo el gobernador William Villamizar.<\/p>\n<p>A todos estos afectados se suman los hombres y mujeres que a diario cruzan los pasos fronterizos en busca de medicina y alimento.<\/p>\n<p>&nbsp;<\/p>\n","protected":false},"excerpt":{"rendered":"<p>C\u00daCUTA.- Ante el cierre de la Frontera, que cumple ocho d\u00edas, Fenalco le pidi\u00f3 al Gobierno tomar las medidas necesarias para la recuperaci\u00f3n de la actividad comercial. Algunos indicadores econ\u00f3micos que alertan a la comunidad, son los siguientes: 1.- El comercio ha tenido una disminuci\u00f3n en ventas del 40 % 2.- La ca\u00edda del 90 &hellip;<\/p>\n","protected":false},"author":1,"featured_media":33871,"comment_status":"open","ping_status":"open","sticky":false,"template":"","format":"standard","meta":{"footnotes":""},"categories":[4,36],"tags":[3201,1526,893],"class_list":["post-33870","post","type-post","status-publish","format-standard","has-post-thumbnail","hentry","category-barra","category-la-voz-del-pueblo","tag-corredor-humanitario","tag-fenalco-norte-de-santander","tag-puentes-internacionales"],"_links":{"self":[{"href":"https:\/\/contraluzcucuta.co\/index.php?rest_route=\/wp\/v2\/posts\/33870","targetHints":{"allow":["GET"]}}],"collection":[{"href":"https:\/\/contraluzcucuta.co\/index.php?rest_route=\/wp\/v2\/posts"}],"about":[{"href":"https:\/\/contraluzcucuta.co\/index.php?rest_route=\/wp\/v2\/types\/post"}],"author":[{"embeddable":true,"href":"https:\/\/contraluzcucuta.co\/index.php?rest_route=\/wp\/v2\/users\/1"}],"replies":[{"embeddable":true,"href":"https:\/\/contraluzcucuta.co\/index.php?rest_route=%2Fwp%2Fv2%2Fcomments&post=33870"}],"version-history":[{"count":1,"href":"https:\/\/contraluzcucuta.co\/index.php?rest_route=\/wp\/v2\/posts\/33870\/revisions"}],"predecessor-version":[{"id":33872,"href":"https:\/\/contraluzcucuta.co\/index.php?rest_route=\/wp\/v2\/posts\/33870\/revisions\/33872"}],"wp:featuredmedia":[{"embeddable":true,"href":"https:\/\/contraluzcucuta.co\/index.php?rest_route=\/wp\/v2\/media\/33871"}],"wp:attachment":[{"href":"https:\/\/contraluzcucuta.co\/index.php?rest_route=%2Fwp%2Fv2%2Fmedia&parent=33870"}],"wp:term":[{"taxonomy":"category","embeddable":true,"href":"https:\/\/contraluzcucuta.co\/index.php?rest_route=%2Fwp%2Fv2%2Fcategories&post=33870"},{"taxonomy":"post_tag","embeddable":true,"href":"https:\/\/contraluzcucuta.co\/index.php?rest_route=%2Fwp%2Fv2%2Ftags&post=33870"}],"curies":[{"name":"wp","href":"https:\/\/api.w.org\/{rel}","templated":true}]}}