{"id":33865,"date":"2019-03-02T11:49:31","date_gmt":"2019-03-02T16:49:31","guid":{"rendered":"http:\/\/contraluzcucuta.co\/?p=33865"},"modified":"2019-03-02T11:49:31","modified_gmt":"2019-03-02T16:49:31","slug":"plan-choque-decomisadas-19-000-confecciones-en-norte-de-santander","status":"publish","type":"post","link":"https:\/\/contraluzcucuta.co\/?p=33865","title":{"rendered":"PLAN CHOQUE. Decomisadas 19.000 confecciones en Norte de Santander"},"content":{"rendered":"<p style=\"padding-left: 60px;\"><span style=\"color: #ff6600;\"><strong>C\u00daCUTA.-<\/strong> 19.000 unidades de confecciones que pretend\u00edan ser ingresadas irregularmente al pa\u00eds fueron decomisadas, en febrero, por agentes de la Polic\u00eda Fiscal y Aduanera, la Polic\u00eda Metropolitana de C\u00facuta y el Departamento de Polic\u00eda Norte de Santander. La comercializaci\u00f3n de la mercanc\u00eda ilegal afectar\u00eda a la industria local y al comercio formal de la regi\u00f3n.<\/span><\/p>\n<p>Mediante labores de verificaci\u00f3n y control aduanero se constat\u00f3 que la mercanc\u00eda no presentaba ning\u00fan documento soporte que demostrara el legal ingreso a territorio aduanero nacional. Las confecciones de contrabando quedaron a disposici\u00f3n de la Direcci\u00f3n Seccional de Aduanas, para que contin\u00faen con el proceso administrativo correspondiente.<\/p>\n<p>Los procedimientos policiales se suman a las actividades sistem\u00e1ticas que adelanta la Polic\u00eda Fiscal y Aduanera en el \u00c1rea Metropolitana de C\u00facuta, y Norte de Santander, donde se han roto las cadenas de la criminalidad y la ilegalidad.<\/p>\n<p>La Polic\u00eda Fiscal inst\u00f3 a la comunidad a conformar la red de participaci\u00f3n c\u00edvica. La unidad se ha convertido en pilar fundamental de los procesos operacionales adelantados, en desarrollo de la estrategia contra el contrabando, el comercio il\u00edcito y la evasi\u00f3n fiscal.<\/p>\n","protected":false},"excerpt":{"rendered":"<p>C\u00daCUTA.- 19.000 unidades de confecciones que pretend\u00edan ser ingresadas irregularmente al pa\u00eds fueron decomisadas, en febrero, por agentes de la Polic\u00eda Fiscal y Aduanera, la Polic\u00eda Metropolitana de C\u00facuta y el Departamento de Polic\u00eda Norte de Santander. La comercializaci\u00f3n de la mercanc\u00eda ilegal afectar\u00eda a la industria local y al comercio formal de la regi\u00f3n. &hellip;<\/p>\n","protected":false},"author":1,"featured_media":33866,"comment_status":"open","ping_status":"open","sticky":false,"template":"","format":"standard","meta":{"footnotes":""},"categories":[11],"tags":[2173,2894,778],"class_list":["post-33865","post","type-post","status-publish","format-standard","has-post-thumbnail","hentry","category-cronica-roja","tag-contrabando-en-la-frontera","tag-plan-choque","tag-polfa"],"_links":{"self":[{"href":"https:\/\/contraluzcucuta.co\/index.php?rest_route=\/wp\/v2\/posts\/33865","targetHints":{"allow":["GET"]}}],"collection":[{"href":"https:\/\/contraluzcucuta.co\/index.php?rest_route=\/wp\/v2\/posts"}],"about":[{"href":"https:\/\/contraluzcucuta.co\/index.php?rest_route=\/wp\/v2\/types\/post"}],"author":[{"embeddable":true,"href":"https:\/\/contraluzcucuta.co\/index.php?rest_route=\/wp\/v2\/users\/1"}],"replies":[{"embeddable":true,"href":"https:\/\/contraluzcucuta.co\/index.php?rest_route=%2Fwp%2Fv2%2Fcomments&post=33865"}],"version-history":[{"count":1,"href":"https:\/\/contraluzcucuta.co\/index.php?rest_route=\/wp\/v2\/posts\/33865\/revisions"}],"predecessor-version":[{"id":33867,"href":"https:\/\/contraluzcucuta.co\/index.php?rest_route=\/wp\/v2\/posts\/33865\/revisions\/33867"}],"wp:featuredmedia":[{"embeddable":true,"href":"https:\/\/contraluzcucuta.co\/index.php?rest_route=\/wp\/v2\/media\/33866"}],"wp:attachment":[{"href":"https:\/\/contraluzcucuta.co\/index.php?rest_route=%2Fwp%2Fv2%2Fmedia&parent=33865"}],"wp:term":[{"taxonomy":"category","embeddable":true,"href":"https:\/\/contraluzcucuta.co\/index.php?rest_route=%2Fwp%2Fv2%2Fcategories&post=33865"},{"taxonomy":"post_tag","embeddable":true,"href":"https:\/\/contraluzcucuta.co\/index.php?rest_route=%2Fwp%2Fv2%2Ftags&post=33865"}],"curies":[{"name":"wp","href":"https:\/\/api.w.org\/{rel}","templated":true}]}}